{"id":57757,"date":"2021-12-29T01:14:34","date_gmt":"2021-12-28T21:14:34","guid":{"rendered":"https:\/\/fedai.az\/?p=57757"},"modified":"2021-12-29T01:15:06","modified_gmt":"2021-12-28T21:15:06","slug":"prezidentin-kom%c9%99kcisi-quru-s%c9%99rh%c9%99dl%c9%99rin-acilmasi-mumkun-deyil","status":"publish","type":"post","link":"https:\/\/fedai.az\/?p=57757","title":{"rendered":"Prezidentin k\u00f6m\u0259k\u00e7isi: &#171;Quru s\u0259rh\u0259dl\u0259rin a\u00e7\u0131lmas\u0131 m\u00fcmk\u00fcn deyil&#187;"},"content":{"rendered":"\n<p><strong>Az\u0259rbayacana quru s\u0259rh\u0259dl\u0259rl\u0259 x\u00fcsusi icaz\u0259 il\u0259 ke\u00e7m\u0259k m\u00fcm\u00fck\u00fcnd\u00fcr.<\/strong><\/p>\n\n\n\n<p><br>Bunu Prezidentin k\u00f6m\u0259k\u00e7isi, Prezident Administrasiyas\u0131n\u0131n \u0130qtisadi m\u0259s\u0259l\u0259l\u0259r v\u0259 innovativ inki\u015faf siyas\u0259ti \u015f\u00f6b\u0259sinin m\u00fcdiri \u015eahmar M\u00f6vs\u00fcmov Nazirl\u0259r Kabineti yan\u0131nda Operativ Q\u0259rargah\u0131n bu g\u00fcn ke\u00e7iril\u0259n brifinqind\u0259 deyib.<\/p>\n\n\n\n<p><br>Onun s\u00f6zl\u0259rin\u0259 g\u00f6r\u0259, yanl\u0131z Operator Q\u0259rargaha m\u00fcraci\u0259t edib x\u00fcsusi icaz\u0259 al\u0131nan halda v\u0259t\u0259nda\u015flar quru s\u0259rh\u0259dl\u0259rl\u0259 \u00f6lk\u0259y\u0259 s\u0259f\u0259r ed\u0259 bil\u0259rl\u0259r:<\/p>\n\n\n\n<p><br>&#171;Lakin haz\u0131rda omikron \u015ftamm\u0131 qon\u015fu \u00f6lk\u0259l\u0259rd\u0259 d\u0259 yay\u0131l\u0131b. Bel\u0259 olan halda quru s\u0259rh\u0259dl\u0259rinin a\u00e7\u0131lmas\u0131 m\u00fcmk\u00fcn deyil&#187;.<\/p>\n\n\n\n<p>M\u0259nb\u0259: Sfera.az<\/p>\n","protected":false},"excerpt":{"rendered":"<p>Az\u0259rbayacana quru s\u0259rh\u0259dl\u0259rl\u0259 x\u00fcsusi icaz\u0259 il\u0259 ke\u00e7m\u0259k m\u00fcm\u00fck\u00fcnd\u00fcr. Bunu Prezidentin k\u00f6m\u0259k\u00e7isi, Prezident Administrasiyas\u0131n\u0131n \u0130qtisadi m\u0259s\u0259l\u0259l\u0259r v\u0259 innovativ inki\u015faf siyas\u0259ti \u015f\u00f6b\u0259sinin m\u00fcdiri \u015eahmar M\u00f6vs\u00fcmov Nazirl\u0259r<\/p>\n","protected":false},"author":2,"featured_media":57759,"comment_status":"closed","ping_status":"closed","sticky":false,"template":"","format":"standard","meta":{"footnotes":""},"categories":[4],"tags":[],"class_list":["post-57757","post","type-post","status-publish","format-standard","has-post-thumbnail","hentry","category-qarabag"],"aioseo_notices":[],"_links":{"self":[{"href":"https:\/\/fedai.az\/index.php?rest_route=\/wp\/v2\/posts\/57757","targetHints":{"allow":["GET"]}}],"collection":[{"href":"https:\/\/fedai.az\/index.php?rest_route=\/wp\/v2\/posts"}],"about":[{"href":"https:\/\/fedai.az\/index.php?rest_route=\/wp\/v2\/types\/post"}],"author":[{"embeddable":true,"href":"https:\/\/fedai.az\/index.php?rest_route=\/wp\/v2\/users\/2"}],"replies":[{"embeddable":true,"href":"https:\/\/fedai.az\/index.php?rest_route=%2Fwp%2Fv2%2Fcomments&post=57757"}],"version-history":[{"count":1,"href":"https:\/\/fedai.az\/index.php?rest_route=\/wp\/v2\/posts\/57757\/revisions"}],"predecessor-version":[{"id":57758,"href":"https:\/\/fedai.az\/index.php?rest_route=\/wp\/v2\/posts\/57757\/revisions\/57758"}],"wp:featuredmedia":[{"embeddable":true,"href":"https:\/\/fedai.az\/index.php?rest_route=\/wp\/v2\/media\/57759"}],"wp:attachment":[{"href":"https:\/\/fedai.az\/index.php?rest_route=%2Fwp%2Fv2%2Fmedia&parent=57757"}],"wp:term":[{"taxonomy":"category","embeddable":true,"href":"https:\/\/fedai.az\/index.php?rest_route=%2Fwp%2Fv2%2Fcategories&post=57757"},{"taxonomy":"post_tag","embeddable":true,"href":"https:\/\/fedai.az\/index.php?rest_route=%2Fwp%2Fv2%2Ftags&post=57757"}],"curies":[{"name":"wp","href":"https:\/\/api.w.org\/{rel}","templated":true}]}}