{"id":57760,"date":"2021-12-29T01:20:34","date_gmt":"2021-12-28T21:20:34","guid":{"rendered":"https:\/\/fedai.az\/?p=57760"},"modified":"2021-12-29T01:20:37","modified_gmt":"2021-12-28T21:20:37","slug":"xank%c9%99ndid%c9%99-seperatci-rejimin-l%c9%99gvi-prosesin%c9%99-start-verildi","status":"publish","type":"post","link":"https:\/\/fedai.az\/?p=57760","title":{"rendered":"Xank\u0259ndid\u0259 seperat\u00e7\u0131 rejimin l\u0259\u011fvi prosesin\u0259 START VER\u0130LD\u0130"},"content":{"rendered":"\n<p><strong>Nikol Pa\u015finyan\u0131n \u201cQaraba\u011f\u0131n statusu Az\u0259rbaycan\u0131n Konstitusiyas\u0131na uy\u011fun h\u0259ll edilm\u0259lidir\u201d a\u00e7\u0131qlamas\u0131ndan sonra Xank\u0259ndid\u0259ki separat\u00e7\u0131-terror\u00e7u rejimd\u0259 f\u00f6vq\u0259lad\u0259 v\u0259ziyy\u0259t yaran\u0131b.<\/strong><\/p>\n\n\n\n<p>Bu bar\u0259d\u0259 Erm\u0259nistan\u0131n \u201cHraparak\u201d n\u0259\u015fri yaz\u0131r.<\/p>\n\n\n\n<p>Q\u0259zet yaz\u0131r ki, Qaraba\u011fdak\u0131 separat\u00e7\u0131-terror\u00e7u rejiml\u0259 yana\u015f\u0131, \u201cm\u00fcxalif\u0259t\u201d olan siyas\u0259t\u00e7il\u0259r d\u0259 Erm\u0259nistan r\u0259hb\u0259rliyin\u0259 qar\u015f\u0131 \u00fcsyan qald\u0131r\u0131b: \u201c\u0130ndi \u0259sas m\u00fczakir\u0259 m\u00f6vzusu budur ki, Araik Arutunyunyan Pa\u015finyan\u0131n Qaraba\u011fdan imtina prosesini sona \u00e7atd\u0131racaq, yoxsa m\u00fcbariz\u0259 aparacaq\u201d.<\/p>\n\n\n\n<p>Q\u0259zet Qaraba\u011fdak\u0131 separat\u00e7\u0131-terror\u00e7u rejimin daxilind\u0259 ba\u015f ver\u0259n prosesl\u0259r\u0259 d\u0259 diqq\u0259t \u00e7\u0259kib.<\/p>\n\n\n\n<p>\u201c\u00d6t\u0259n ilin sonlar\u0131nda Pa\u015finyan Samvel Babayan vasit\u0259sil\u0259 (qondarma rejimin ke\u00e7mi\u015f \u201cm\u00fcdafi\u0259 naziri\u201d v\u0259 \u201ct\u0259hl\u00fck\u0259sizlik \u015furas\u0131n\u0131n katibi) Araik Arutyunyan\u0131 \u201chakimiyy\u0259td\u0259n\u201d uzaqla\u015fd\u0131rmaq proqram\u0131n\u0131 h\u0259yata ke\u00e7irm\u0259y\u0259 ba\u015flay\u0131b. Babayan \u0259vv\u0259lc\u0259 \u201cb\u00fcdc\u0259\u201dnin q\u0259buluna, sonra is\u0259 \u201cprezidenti\u201d (qondarma rejimin r\u0259hb\u0259ri) impi\u00e7ment elan etm\u0259y\u0259 \u00e7al\u0131\u015fd\u0131. Prosesin h\u0259d\u0259fi bel\u0259 idi ki, \u201carsax\u201d subyektivliyini itir\u0259c\u0259k v\u0259 daha \u201cprezident\u201d se\u00e7\u0259 bilm\u0259y\u0259c\u0259kdi. Araik Arutyunyan bu plandan x\u0259b\u0259r tutdu v\u0259 birinci m\u0259rh\u0259l\u0259sinin qar\u015f\u0131s\u0131n\u0131 ala bildi. Lakin tezlikl\u0259 prosesin ikinci m\u0259rh\u0259l\u0259si olacaq. Arutyunyana qar\u015f\u0131 etirazlar t\u0259\u015fkil olunaca\u011f\u0131 istisna deyil\u201d, \u2013 q\u0259zet yaz\u0131r.<\/p>\n\n\n\n<p>M\u0259nb\u0259: KA\u0130M.az<\/p>\n","protected":false},"excerpt":{"rendered":"<p>Nikol Pa\u015finyan\u0131n \u201cQaraba\u011f\u0131n statusu Az\u0259rbaycan\u0131n Konstitusiyas\u0131na uy\u011fun h\u0259ll edilm\u0259lidir\u201d a\u00e7\u0131qlamas\u0131ndan sonra Xank\u0259ndid\u0259ki separat\u00e7\u0131-terror\u00e7u rejimd\u0259 f\u00f6vq\u0259lad\u0259 v\u0259ziyy\u0259t yaran\u0131b. Bu bar\u0259d\u0259 Erm\u0259nistan\u0131n \u201cHraparak\u201d n\u0259\u015fri yaz\u0131r. Q\u0259zet<\/p>\n","protected":false},"author":2,"featured_media":57761,"comment_status":"closed","ping_status":"closed","sticky":false,"template":"","format":"standard","meta":{"footnotes":""},"categories":[1],"tags":[],"class_list":["post-57760","post","type-post","status-publish","format-standard","has-post-thumbnail","hentry","category-siyast"],"aioseo_notices":[],"_links":{"self":[{"href":"https:\/\/fedai.az\/index.php?rest_route=\/wp\/v2\/posts\/57760","targetHints":{"allow":["GET"]}}],"collection":[{"href":"https:\/\/fedai.az\/index.php?rest_route=\/wp\/v2\/posts"}],"about":[{"href":"https:\/\/fedai.az\/index.php?rest_route=\/wp\/v2\/types\/post"}],"author":[{"embeddable":true,"href":"https:\/\/fedai.az\/index.php?rest_route=\/wp\/v2\/users\/2"}],"replies":[{"embeddable":true,"href":"https:\/\/fedai.az\/index.php?rest_route=%2Fwp%2Fv2%2Fcomments&post=57760"}],"version-history":[{"count":1,"href":"https:\/\/fedai.az\/index.php?rest_route=\/wp\/v2\/posts\/57760\/revisions"}],"predecessor-version":[{"id":57762,"href":"https:\/\/fedai.az\/index.php?rest_route=\/wp\/v2\/posts\/57760\/revisions\/57762"}],"wp:featuredmedia":[{"embeddable":true,"href":"https:\/\/fedai.az\/index.php?rest_route=\/wp\/v2\/media\/57761"}],"wp:attachment":[{"href":"https:\/\/fedai.az\/index.php?rest_route=%2Fwp%2Fv2%2Fmedia&parent=57760"}],"wp:term":[{"taxonomy":"category","embeddable":true,"href":"https:\/\/fedai.az\/index.php?rest_route=%2Fwp%2Fv2%2Fcategories&post=57760"},{"taxonomy":"post_tag","embeddable":true,"href":"https:\/\/fedai.az\/index.php?rest_route=%2Fwp%2Fv2%2Ftags&post=57760"}],"curies":[{"name":"wp","href":"https:\/\/api.w.org\/{rel}","templated":true}]}}