{"id":57763,"date":"2021-12-29T01:30:04","date_gmt":"2021-12-28T21:30:04","guid":{"rendered":"https:\/\/fedai.az\/?p=57763"},"modified":"2021-12-29T01:30:07","modified_gmt":"2021-12-28T21:30:07","slug":"erm%c9%99ni-v%c9%99kil-erm%c9%99nistan-oz-usaqlarini-yem%c9%99y%c9%99-baslayib","status":"publish","type":"post","link":"https:\/\/fedai.az\/?p=57763","title":{"rendered":"Erm\u0259ni v\u0259kil: &#171;Erm\u0259nistan \u00f6z u\u015faqlar\u0131n\u0131 yem\u0259y\u0259 ba\u015flay\u0131b&#187;"},"content":{"rendered":"\n<p><strong>Apellyasiya M\u0259hk\u0259m\u0259sind\u0259 hakim Tiqran Simonyan\u0131n s\u0259drliyi il\u0259 ke\u00e7iril\u0259n prosesd\u0259 prokurorun \u015fikay\u0259ti t\u0259min edilib v\u0259 n\u0259tic\u0259d\u0259 \u0259sirlikd\u0259n qay\u0131dan mayor Narek Yeremyan 2 ay m\u00fcdd\u0259tin\u0259 h\u0259bs edilib.<\/strong><\/p>\n\n\n\n<p><br>Bu bar\u0259d\u0259 NEWS.am-a Narek Yeremyan\u0131n v\u0259kili Karmen Poqosyan m\u0259lumat verib.<\/p>\n\n\n\n<p><br>Birinci instansiya m\u0259hk\u0259m\u0259si bir m\u00fcdd\u0259t \u0259vv\u0259l batalyon komandirinin m\u00fcavini mayor Narek Yeremyan\u0131n h\u0259bsi il\u0259 ba\u011fl\u0131 v\u0259sat\u0259ti r\u0259dd edib, prokuror is\u0259 Apellyasiya M\u0259hk\u0259m\u0259sin\u0259 m\u00fcraci\u0259t edib.<\/p>\n\n\n\n<p>Poqosyan prokurorun \u015fikay\u0259tinin \u0259saslar\u0131n\u0131 z\u0259if v\u0259 \u0259sass\u0131z adland\u0131r\u0131b. \u201cBu, son d\u0259r\u0259c\u0259 xo\u015fag\u0259lm\u0259z bir v\u0259ziyy\u0259tdir. Erm\u0259nistan \u00f6z u\u015faqlar\u0131n\u0131 yem\u0259y\u0259 ba\u015flay\u0131b. M\u00fcst\u0259ntiql\u0259r h\u0259bs olunmadan da i\u015fl\u0259y\u0259 bil\u0259rdil\u0259r. Bu insanlar\u0131 t\u0259krar stress\u0259 m\u0259ruz qoyma\u011f\u0131n m\u0259nas\u0131 yox idi\u201d dey\u0259n v\u0259kil kassasiya \u015fikay\u0259ti verm\u0259k niyy\u0259tind\u0259 olduqlar\u0131n\u0131 bildirib.<\/p>\n\n\n\n<p><br>Narek Yeremyan h\u0259rbi xidm\u0259t qaydalar\u0131n\u0131 pozmaqda ittiham olunur. O, ittiham akt\u0131n\u0131 etiraf edib.<\/p>\n\n\n\n<p><strong>Erm\u0259ni \u0259sirl\u0259ri haqq\u0131nda<\/strong><\/p>\n\n\n\n<p><br>Avropa \u0130nsan Haqlar\u0131 M\u0259hk\u0259m\u0259sind\u0259 m\u0259hbuslar\u0131n maraqlar\u0131n\u0131 t\u0259msil ed\u0259n h\u00fcquq m\u00fcdafi\u0259\u00e7isi Siranu\u015f Sahakyan bazar ert\u0259si bildirib ki, Az\u0259rbaycanda 50-y\u0259 yax\u0131n erm\u0259ni m\u0259hbusunun oldu\u011fu t\u0259sdiql\u0259nib. \u201cDaha 80 n\u0259f\u0259r haqq\u0131nda m\u0259lumat var, lakin onlar\u0131n tutulmas\u0131 fakt\u0131 r\u0259sm\u0259n t\u0259sdiql\u0259nm\u0259yib\u201d, dey\u0259 o bildirib.<\/p>\n\n\n\n<p><br>Dekabr\u0131n 19-da Erm\u0259nistan Xarici \u0130\u015fl\u0259r Nazirliyi Avropa \u0130ttifaq\u0131 \u015euras\u0131n\u0131n prezidenti \u015earl Mi\u015felin vasit\u0259\u00e7iliyi il\u0259 10 erm\u0259ni h\u0259rbi \u0259sirinin Az\u0259rbaycandan geri qaytar\u0131ld\u0131\u011f\u0131n\u0131 b\u0259yan edib. S\u00f6hb\u0259t noyabr\u0131n 16-da Az\u0259rbaycan Silahl\u0131 Q\u00fcvv\u0259l\u0259rinin Erm\u0259nistan\u0131n s\u0259rh\u0259dd\u0259ki h\u0259rbi postlar\u0131na h\u00fccumu n\u0259tic\u0259sind\u0259 \u0259sir d\u00fc\u015f\u0259n erm\u0259ni h\u0259rb\u00e7il\u0259rind\u0259n gedir. Bundan \u0259vv\u0259l dekabr\u0131n 4-d\u0259 Rusiyan\u0131n vasit\u0259\u00e7iliyi il\u0259 10 erm\u0259ni h\u0259rbi \u0259sir Az\u0259rbaycandan \u0130r\u0259vana qaytar\u0131l\u0131b.<\/p>\n\n\n\n<p><strong>\u018fli N\u0259sib Z\u0259rdabi<\/strong><\/p>\n","protected":false},"excerpt":{"rendered":"<p>Apellyasiya M\u0259hk\u0259m\u0259sind\u0259 hakim Tiqran Simonyan\u0131n s\u0259drliyi il\u0259 ke\u00e7iril\u0259n prosesd\u0259 prokurorun \u015fikay\u0259ti t\u0259min edilib v\u0259 n\u0259tic\u0259d\u0259 \u0259sirlikd\u0259n qay\u0131dan mayor Narek Yeremyan 2 ay m\u00fcdd\u0259tin\u0259 h\u0259bs<\/p>\n","protected":false},"author":2,"featured_media":57764,"comment_status":"closed","ping_status":"closed","sticky":false,"template":"","format":"standard","meta":{"footnotes":""},"categories":[4],"tags":[],"class_list":["post-57763","post","type-post","status-publish","format-standard","has-post-thumbnail","hentry","category-qarabag"],"aioseo_notices":[],"_links":{"self":[{"href":"https:\/\/fedai.az\/index.php?rest_route=\/wp\/v2\/posts\/57763","targetHints":{"allow":["GET"]}}],"collection":[{"href":"https:\/\/fedai.az\/index.php?rest_route=\/wp\/v2\/posts"}],"about":[{"href":"https:\/\/fedai.az\/index.php?rest_route=\/wp\/v2\/types\/post"}],"author":[{"embeddable":true,"href":"https:\/\/fedai.az\/index.php?rest_route=\/wp\/v2\/users\/2"}],"replies":[{"embeddable":true,"href":"https:\/\/fedai.az\/index.php?rest_route=%2Fwp%2Fv2%2Fcomments&post=57763"}],"version-history":[{"count":1,"href":"https:\/\/fedai.az\/index.php?rest_route=\/wp\/v2\/posts\/57763\/revisions"}],"predecessor-version":[{"id":57765,"href":"https:\/\/fedai.az\/index.php?rest_route=\/wp\/v2\/posts\/57763\/revisions\/57765"}],"wp:featuredmedia":[{"embeddable":true,"href":"https:\/\/fedai.az\/index.php?rest_route=\/wp\/v2\/media\/57764"}],"wp:attachment":[{"href":"https:\/\/fedai.az\/index.php?rest_route=%2Fwp%2Fv2%2Fmedia&parent=57763"}],"wp:term":[{"taxonomy":"category","embeddable":true,"href":"https:\/\/fedai.az\/index.php?rest_route=%2Fwp%2Fv2%2Fcategories&post=57763"},{"taxonomy":"post_tag","embeddable":true,"href":"https:\/\/fedai.az\/index.php?rest_route=%2Fwp%2Fv2%2Ftags&post=57763"}],"curies":[{"name":"wp","href":"https:\/\/api.w.org\/{rel}","templated":true}]}}