{"id":57773,"date":"2021-12-29T01:45:15","date_gmt":"2021-12-28T21:45:15","guid":{"rendered":"https:\/\/fedai.az\/?p=57773"},"modified":"2021-12-29T01:45:18","modified_gmt":"2021-12-28T21:45:18","slug":"%c9%99liyevl%c9%99-pasinyan-gorusund%c9%99-hansi-m%c9%99s%c9%99l%c9%99l%c9%99r-muzakir%c9%99l%c9%99r-ola-bil%c9%99r","status":"publish","type":"post","link":"https:\/\/fedai.az\/?p=57773","title":{"rendered":"\u018fliyevl\u0259 Pa\u015finyan  g\u00f6r\u00fc\u015f\u00fcnd\u0259 hans\u0131 m\u0259s\u0259l\u0259l\u0259r m\u00fczakir\u0259l\u0259r ola bil\u0259r"},"content":{"rendered":"\n<p><strong>Bu g\u00fcn Sankt-Peterburqda MDB d\u00f6vl\u0259t ba\u015f\u00e7\u0131lar\u0131n\u0131n qeyri-r\u0259smi sammiti olacaq: Putinin s\u0259drlik ed\u0259c\u0259yi sammit \u00e7\u0259r\u00e7iv\u0259sind\u0259 \u018fliyevl\u0259 Pa\u015finyan da g\u00f6r\u00fc\u015f\u00fc g\u00f6zl\u0259nilir.<\/strong><\/p>\n\n\n\n<p>G\u00f6r\u00fc\u015fl\u0259 ba\u011fl\u0131 iki informasiya ir\u0259li s\u00fcr\u00fcl\u00fcr.<\/p>\n\n\n\n<p>Birincisi, geni\u015ft\u0259rkibli olaca\u011f\u0131na dairdir: m\u00fcdafi\u0259 nazirl\u0259ri, \u00fc\u00e7t\u0259r\u0259fli \u0130\u015f\u00e7i Qrupunun \u00fczvl\u0259ri v\u0259 xarici i\u015fl\u0259r nazirl\u0259ri d\u0259 i\u015ftirak ed\u0259 bil\u0259r;<\/p>\n\n\n\n<p>\u0130kincisi, \u00fc\u00e7t\u0259r\u0259fli olaca\u011f\u0131na dairdir: Putin, \u018fliyev v\u0259 Pa\u015finyan g\u00f6r\u00fc\u015f\u0259c\u0259k;<\/p>\n\n\n\n<p>Geni\u015ft\u0259rkibli g\u00f6r\u00fc\u015f iddias\u0131 \u00fc\u00e7t\u0259r\u0259fli g\u00f6r\u00fc\u015fl\u0259 m\u00fcqayis\u0259d\u0259 daha az inand\u0131r\u0131c\u0131d\u0131r. Lakin h\u0259r iki formatda qurulacaq masan\u0131n g\u00fcnd\u0259liyinin eyni olmas\u0131 ehtimal\u0131 b\u00f6y\u00fckd\u00fcr:<\/p>\n\n\n\n<p>1. S\u0259rh\u0259din delimitasiya v\u0259 demarkasiyas\u0131 \u00fczr\u0259 raz\u0131la\u015fman\u0131n praktiki m\u0259rh\u0259l\u0259y\u0259 ke\u00e7irilm\u0259si: bura delimitasiya m\u00fcqavil\u0259sinin haz\u0131rlanmas\u0131 v\u0259 demarkasiya \u00fczr\u0259 ikit\u0259r\u0259fli komissyan\u0131n yarad\u0131lmas\u0131 daxildir; Putin s\u0259rh\u0259dl\u0259 ba\u011fl\u0131 ilin sonuna q\u0259d\u0259r mexanizml\u0259rin haz\u0131rlanmas\u0131 il\u0259 ba\u011fl\u0131 dedikl\u0259ri, Pa\u015finyan\u0131n son a\u00e7\u0131qlamalar\u0131 da da bu fikri g\u00fccl\u0259ndirir;<br>2. Kommunikasiyan\u0131n a\u00e7\u0131lmas\u0131 il\u0259 ba\u011fl\u0131 So\u00e7i v\u0259 Br\u00fcssel raz\u0131la\u015fmalar\u0131n, praktiki m\u0259rh\u0259l\u0259d\u0259 at\u0131lacaq add\u0131mlar\u0131n m\u00fczakir\u0259 edilm\u0259si;<br>3. Yekun s\u00fclh sazi\u015fi: Br\u00fcssel g\u00f6r\u00fc\u015f\u00fcnd\u0259n sonra Putin Rusiyan\u0131n vasit\u0259\u00e7ilik missiyas\u0131n\u0131 daha da q\u0259til\u0259\u015fdirm\u0259k \u00fc\u00e7\u00fcn bu m\u0259s\u0259l\u0259ni d\u0259 \u00fcmumi kontekstd\u0259 g\u00fcnd\u0259m\u0259 g\u0259tir\u0259 bil\u0259r;about:blank<\/p>\n\n\n\n<p>M\u00fcmk\u00fcn g\u00f6r\u00fc\u015f\u00fcn \u0259sas m\u0259qs\u0259di raz\u0131la\u015fmalar\u0131n praktiki m\u0259rh\u0259l\u0259d\u0259 h\u0259yata ke\u00e7irilm\u0259sinin m\u00fczakir\u0259sidir.<\/p>\n\n\n\n<p><em><strong>Asif N\u0259rimanl\u0131<\/strong><\/em><\/p>\n","protected":false},"excerpt":{"rendered":"<p>Bu g\u00fcn Sankt-Peterburqda MDB d\u00f6vl\u0259t ba\u015f\u00e7\u0131lar\u0131n\u0131n qeyri-r\u0259smi sammiti olacaq: Putinin s\u0259drlik ed\u0259c\u0259yi sammit \u00e7\u0259r\u00e7iv\u0259sind\u0259 \u018fliyevl\u0259 Pa\u015finyan da g\u00f6r\u00fc\u015f\u00fc g\u00f6zl\u0259nilir. G\u00f6r\u00fc\u015fl\u0259 ba\u011fl\u0131 iki informasiya ir\u0259li<\/p>\n","protected":false},"author":2,"featured_media":57775,"comment_status":"closed","ping_status":"closed","sticky":false,"template":"","format":"standard","meta":{"footnotes":""},"categories":[1],"tags":[],"class_list":["post-57773","post","type-post","status-publish","format-standard","has-post-thumbnail","hentry","category-siyast"],"aioseo_notices":[],"_links":{"self":[{"href":"https:\/\/fedai.az\/index.php?rest_route=\/wp\/v2\/posts\/57773","targetHints":{"allow":["GET"]}}],"collection":[{"href":"https:\/\/fedai.az\/index.php?rest_route=\/wp\/v2\/posts"}],"about":[{"href":"https:\/\/fedai.az\/index.php?rest_route=\/wp\/v2\/types\/post"}],"author":[{"embeddable":true,"href":"https:\/\/fedai.az\/index.php?rest_route=\/wp\/v2\/users\/2"}],"replies":[{"embeddable":true,"href":"https:\/\/fedai.az\/index.php?rest_route=%2Fwp%2Fv2%2Fcomments&post=57773"}],"version-history":[{"count":1,"href":"https:\/\/fedai.az\/index.php?rest_route=\/wp\/v2\/posts\/57773\/revisions"}],"predecessor-version":[{"id":57776,"href":"https:\/\/fedai.az\/index.php?rest_route=\/wp\/v2\/posts\/57773\/revisions\/57776"}],"wp:featuredmedia":[{"embeddable":true,"href":"https:\/\/fedai.az\/index.php?rest_route=\/wp\/v2\/media\/57775"}],"wp:attachment":[{"href":"https:\/\/fedai.az\/index.php?rest_route=%2Fwp%2Fv2%2Fmedia&parent=57773"}],"wp:term":[{"taxonomy":"category","embeddable":true,"href":"https:\/\/fedai.az\/index.php?rest_route=%2Fwp%2Fv2%2Fcategories&post=57773"},{"taxonomy":"post_tag","embeddable":true,"href":"https:\/\/fedai.az\/index.php?rest_route=%2Fwp%2Fv2%2Ftags&post=57773"}],"curies":[{"name":"wp","href":"https:\/\/api.w.org\/{rel}","templated":true}]}}