{"id":57807,"date":"2021-12-29T02:39:22","date_gmt":"2021-12-28T22:39:22","guid":{"rendered":"https:\/\/fedai.az\/?p=57807"},"modified":"2021-12-29T02:40:16","modified_gmt":"2021-12-28T22:40:16","slug":"qarabagda-pasinyana-qarsi-usyan-arayik-arutyunyan-sui-q%c9%99sdd%c9%99n-x%c9%99b%c9%99r-tutub","status":"publish","type":"post","link":"https:\/\/fedai.az\/?p=57807","title":{"rendered":"Qaraba\u011fda Pa\u015finyana qar\u015f\u0131 \u00fcsyan: \u201cArayik Arutyunyan sui-q\u0259sdd\u0259n x\u0259b\u0259r tutub\u201c"},"content":{"rendered":"\n<p><strong>&#171;Artsax&#187;da qeyri-adi v\u0259ziyy\u0259t yaran\u0131b: siyasi elita m\u00fcxalif\u0259td\u0259n tutmu\u015f hakimiyy\u0259t\u0259 q\u0259d\u0259r Erm\u0259nistan hakimiyy\u0259tin\u0259 qar\u015f\u0131 \u00fcsyan qald\u0131r\u0131b&#187;&nbsp;<\/strong><\/p>\n\n\n\n<p>Bu bar\u0259d\u0259 \u201cHraparak\u201d q\u0259zeti yaz\u0131b.<\/p>\n\n\n\n<p>Erm\u0259ni n\u0259\u015fri m\u00f6vzunu davam etdir\u0259r\u0259k qeyd edib:<\/p>\n\n\n\n<p>&#171;Arayik Arutyunyan Pa\u015finyan\u0131 &#171;Artsax&#187;dan r\u0259dd etm\u0259k prosesin\u0259 ba\u015flayaraq bu v\u0259ziyy\u0259ti sona \u00e7atd\u0131racaq, yoxsa ona qar\u015f\u0131 t\u0259hl\u00fck\u0259 art\u0131q neytralla\u015fd\u0131r\u0131l\u0131b v\u0259 d\u00f6vl\u0259t mara\u011f\u0131 art\u0131q \u0259h\u0259miyy\u0259t k\u0259sb etmir?<\/p>\n\n\n\n<p><ins>Nikol Pa\u015finyan\u0131n m\u0259tbuat konfrans\u0131nda dediyini xat\u0131rladaq:&nbsp;ona el\u0259 bir dan\u0131\u015f\u0131qlar irsi \u00e7at\u0131b ki, o, &#171;Artsax&#187;\u0131n erm\u0259ni \u0259razisi olaraq qalaca\u011f\u0131n\u0131 dey\u0259 bilm\u0259z, x\u00fcsus\u0259n d\u0259 son g\u00fcnl\u0259rd\u0259.<\/ins><\/p>\n\n\n\n<p><ins>M\u0259s\u0259l\u0259 ondad\u0131r ki, Erm\u0259nistan Ba\u015f naziri Samvel Babayan vasit\u0259sil\u0259 Arayik Arutyunyan\u0131n hakimiyy\u0259td\u0259n uzaqla\u015fd\u0131r\u0131lmas\u0131 proqram\u0131n\u0131 h\u0259yata ke\u00e7irm\u0259y\u0259 \u00e7al\u0131\u015f\u0131b: \u0259vv\u0259lc\u0259 b\u00fcdc\u0259nin q\u0259bulunu u\u011fursuzlu\u011fa d\u00fc\u00e7ar etm\u0259k, sonra is\u0259 &#171;Artsax prezidenti&#187;n\u0259 impi\u00e7ment elan etm\u0259k.<\/ins><\/p>\n\n\n\n<p><ins>N\u0259tic\u0259d\u0259 &#171;Artsax&#187; \u00f6z subyektivliyini itir\u0259c\u0259k v\u0259 daha &#171;prezident&#187; se\u00e7\u0259 bilm\u0259y\u0259c\u0259kdi. Lakin Arayik Arutyunyan bu sui-q\u0259sdd\u0259n x\u0259b\u0259r tutub v\u0259 m\u00fcxalif\u0259tl\u0259 m\u0259sl\u0259h\u0259tl\u0259\u015fm\u0259l\u0259r n\u0259tic\u0259sind\u0259 bu proqram\u0131n birinci hiss\u0259sinin qar\u015f\u0131s\u0131n\u0131 ala bilib &#8212; b\u00fcdc\u0259 q\u0259bul edilib.<\/ins><\/p>\n\n\n\n<p><ins>&#171;Artsax&#187; tezlikl\u0259 ikinci seriyan\u0131n \u015fahidi olacaqlar\u0131n\u0131 istisna etmir. Babayan b\u0259zi dair\u0259l\u0259rin k\u00f6m\u0259yi il\u0259 Arutyunyana qar\u015f\u0131 etirazlar yaratma\u011fa \u00e7al\u0131\u015facaq. <\/ins><\/p>\n\n\n\n<p>Y<ins>eri g\u0259lmi\u015fk\u0259n, b\u00fcdc\u0259 layih\u0259sinin q\u0259bulundan sonra, dekabr\u0131n 23-d\u0259 Babayan Arutyunyanla g\u00f6r\u00fc\u015fm\u0259y\u0259 c\u0259hd ets\u0259 d\u0259, r\u0259dd cavab\u0131 al\u0131b\u201d.<\/ins><\/p>\n\n\n\n<p>M\u0259nb\u0259: Buta.ws&nbsp;<\/p>\n","protected":false},"excerpt":{"rendered":"<p>&#171;Artsax&#187;da qeyri-adi v\u0259ziyy\u0259t yaran\u0131b: siyasi elita m\u00fcxalif\u0259td\u0259n tutmu\u015f hakimiyy\u0259t\u0259 q\u0259d\u0259r Erm\u0259nistan hakimiyy\u0259tin\u0259 qar\u015f\u0131 \u00fcsyan qald\u0131r\u0131b&#187;&nbsp; Bu bar\u0259d\u0259 \u201cHraparak\u201d q\u0259zeti yaz\u0131b. Erm\u0259ni n\u0259\u015fri m\u00f6vzunu davam<\/p>\n","protected":false},"author":2,"featured_media":57808,"comment_status":"closed","ping_status":"closed","sticky":false,"template":"","format":"standard","meta":{"footnotes":""},"categories":[4],"tags":[],"class_list":["post-57807","post","type-post","status-publish","format-standard","has-post-thumbnail","hentry","category-qarabag"],"aioseo_notices":[],"_links":{"self":[{"href":"https:\/\/fedai.az\/index.php?rest_route=\/wp\/v2\/posts\/57807","targetHints":{"allow":["GET"]}}],"collection":[{"href":"https:\/\/fedai.az\/index.php?rest_route=\/wp\/v2\/posts"}],"about":[{"href":"https:\/\/fedai.az\/index.php?rest_route=\/wp\/v2\/types\/post"}],"author":[{"embeddable":true,"href":"https:\/\/fedai.az\/index.php?rest_route=\/wp\/v2\/users\/2"}],"replies":[{"embeddable":true,"href":"https:\/\/fedai.az\/index.php?rest_route=%2Fwp%2Fv2%2Fcomments&post=57807"}],"version-history":[{"count":2,"href":"https:\/\/fedai.az\/index.php?rest_route=\/wp\/v2\/posts\/57807\/revisions"}],"predecessor-version":[{"id":57810,"href":"https:\/\/fedai.az\/index.php?rest_route=\/wp\/v2\/posts\/57807\/revisions\/57810"}],"wp:featuredmedia":[{"embeddable":true,"href":"https:\/\/fedai.az\/index.php?rest_route=\/wp\/v2\/media\/57808"}],"wp:attachment":[{"href":"https:\/\/fedai.az\/index.php?rest_route=%2Fwp%2Fv2%2Fmedia&parent=57807"}],"wp:term":[{"taxonomy":"category","embeddable":true,"href":"https:\/\/fedai.az\/index.php?rest_route=%2Fwp%2Fv2%2Fcategories&post=57807"},{"taxonomy":"post_tag","embeddable":true,"href":"https:\/\/fedai.az\/index.php?rest_route=%2Fwp%2Fv2%2Ftags&post=57807"}],"curies":[{"name":"wp","href":"https:\/\/api.w.org\/{rel}","templated":true}]}}