{"id":57811,"date":"2021-12-29T02:56:20","date_gmt":"2021-12-28T22:56:20","guid":{"rendered":"https:\/\/fedai.az\/?p=57811"},"modified":"2021-12-29T02:56:24","modified_gmt":"2021-12-28T22:56:24","slug":"t%c9%99brik-qrisutenko-larisa-timofeyevna","status":"publish","type":"post","link":"https:\/\/fedai.az\/?p=57811","title":{"rendered":"T\u018fBR\u0130K: QR\u0130SUTENKO LAR\u0130SA T\u0130MOFEYEVNA"},"content":{"rendered":"\n<p><strong>\u00a0\u00a0\u00a0 <span class=\"has-inline-color has-vivid-red-color\">Y\u00fcks\u0259k pe\u015f\u0259karl\u0131\u011f\u0131 v\u0259 humanistliyi il\u0259, n\u0259z\u0259ri v\u0259 praktiki biliyi il\u0259 (t\u0259c\u00fcrb\u0259si il\u0259), i\u015fg\u00fczarl\u0131\u011f\u0131 v\u0259 m\u0259n\u0259vi keyfiyy\u0259tl\u0259ri il\u0259 ,\u015f\u0259xsi intizam\u0131 v\u0259 kollektiv aras\u0131nda n\u00fcfuzu il\u0259, d\u0259qiqliyi v\u0259 t\u0259mkinliyi il\u0259, sad\u0259liyi v\u0259 s\u0259mimiyy\u0259ti il\u0259\u00a0\u00a0 se\u00e7il\u0259n \u00f6mr\u00fcn\u00fcn\u00a0 \u0259n m\u0259hsuldar d\u00f6vr\u00fcn\u00fcn 31 ild\u0259n \u00e7ox h\u0259yat v\u0259\u00a0 \u015f\u0259r\u0259fli xidm\u0259t yolunun alt\u0131 ilini D\u00f6vl\u0259t Tibb \u0130nstitutunda, d\u00f6rd ilini S\u0259hiyy\u0259 Nazirliyinin m\u00fcxt\u0259lif m\u0259rk\u0259zi\u00a0 x\u0259st\u0259xanal\u0131r\u0131nda,\u00a0\u00a0 iyrimi\u00a0 bir ild\u0259n \u00e7oxnu is\u0259\u00a0\u00a0 Daxili \u0130\u015fl\u0259r Nazirliyinin\u00a0 \u0130\u015flah \u0259m\u0259k m\u00fc\u0259ssis\u0259sind\u0259\u00a0 v\u0259 Daxili Qo\u015funlarda\u00a0 ke\u00e7ir\u0259n\u00a0 tibb xidm\u0259ti mayoru\u00a0 Larisa Timofeyevna Qrisutenkonun 29 dekabrda 65 ya\u015f\u0131 tamam olur.<\/span><\/strong><\/p>\n\n\n\n<p><strong>\u00a0\u00a0\u00a0\u00a0 Bu g\u00fcn m\u00fcnasib\u0259til\u0259 AVMV\u0130B R\u0259hb\u0259rliyi v\u0259 Az\u0259rbaycan V\u0259t\u0259n M\u00fcharib\u0259si Veteranlar\u0131 \u0130ctimai Birliyinin s\u0259dr m\u00fcavini polkovnik Salman Musayev ehtiyatda olan tibb xidm\u0259ti mayoru Qrisutenko Larisa Timofeyavan\u0131 do\u011fum g\u00fcn\u00fc m\u00fcnasib\u0259til\u0259 semimi q\u0259lbd\u0259n t\u0259brik edir,.ona h\u0259yatda insan \u00fc\u00e7\u00fcn \u0259n \u015firin nem\u0259t olan m\u00f6hk\u0259m can sa\u011fl\u0131\u011f\u0131 v\u0259 h\u0259yat yollar\u0131nda bitib &#8212; t\u00fck\u0259nm\u0259y\u0259n naliy\u0259tl\u0259r arzulay\u0131r.<\/strong><\/p>\n\n\n\n<p><strong>\u00a0\u00a0\u00a0 Qoy ya\u015f\u0131n\u0131n \u00fcst\u0259 g\u0259l\u0259n bu ya\u015f ona sevinc dolu g\u00fcnl\u0259r b\u0259x\u015f etsin v\u0259 h\u0259r yeni g\u00fcn\u00fc is\u0259 \u00f6t\u0259n g\u00fcnl\u0259rd\u0259n daha g\u00f6z\u0259l ist\u0259kl\u0259rin\u0259 uy\u011fun onu xo\u015fb\u0259xt ed\u0259c\u0259k \u015f\u0259kild\u0259 ke\u00e7sin. Amin!<\/strong><\/p>\n\n\n\n<p>&nbsp;&nbsp;&nbsp;&nbsp; Tibb Xidm\u0259ti mayoru Qrisutenko Larisa Timofeyevna&nbsp; 29 dekabr&nbsp; 1956- c\u0131 ild\u0259 Bak\u0131 \u015f\u0259h\u0259rind\u0259 h\u0259rbi\u00e7i ail\u0259sind\u0259 anadan olmu\u015fdur. Atas\u0131 polkovnik Qritsenko Timofey Trofimovic SSR\u0130 M\u00fcdafi\u0259 Nazirliyinin Zaqafqaz h\u0259rbi dair\u0259sinin Bak\u0131 v\u0259 Tiflis \u015f\u0259h\u0259rind\u0259 yerl\u0259\u015f\u0259n H\u0259rbi Hava Q\u00fcvv\u0259l\u0259rinin h\u0259rbi hiss\u0259l\u0259rind\u0259 m\u00fcxt\u0259lif r\u0259hb\u0259r&nbsp; v\u0259zif\u0259l\u0259rd\u0259 xidm\u0259t edib, Larisa Qritsutenkonun anas\u0131&nbsp; Aleksandra Mixayilovna&nbsp; is\u0259 Tiflis v\u0259 Bak\u0131 \u015f\u0259h\u0259rind\u0259&nbsp; m\u00fc\u0259llim i\u015fl\u0259yib.<\/p>\n\n\n\n<figure class=\"wp-block-gallery columns-3 is-cropped wp-block-gallery-1 is-layout-flex wp-block-gallery-is-layout-flex\"><ul class=\"blocks-gallery-grid\"><li class=\"blocks-gallery-item\"><figure><img loading=\"lazy\" decoding=\"async\" width=\"284\" height=\"398\" src=\"https:\/\/fedai.az\/wp-content\/uploads\/2021\/12\/20211227_150115.jpg\" alt=\"\" data-id=\"57812\" data-link=\"https:\/\/fedai.az\/?attachment_id=57812\" class=\"wp-image-57812\" srcset=\"https:\/\/fedai.az\/wp-content\/uploads\/2021\/12\/20211227_150115.jpg 284w, https:\/\/fedai.az\/wp-content\/uploads\/2021\/12\/20211227_150115-214x300.jpg 214w, https:\/\/fedai.az\/wp-content\/uploads\/2021\/12\/20211227_150115-107x150.jpg 107w\" sizes=\"auto, (max-width: 284px) 100vw, 284px\" \/><\/figure><\/li><li class=\"blocks-gallery-item\"><figure><img loading=\"lazy\" decoding=\"async\" width=\"586\" height=\"781\" src=\"https:\/\/fedai.az\/wp-content\/uploads\/2021\/12\/20211227_150416.jpg\" alt=\"\" data-id=\"57813\" data-link=\"https:\/\/fedai.az\/?attachment_id=57813\" class=\"wp-image-57813\" srcset=\"https:\/\/fedai.az\/wp-content\/uploads\/2021\/12\/20211227_150416.jpg 586w, https:\/\/fedai.az\/wp-content\/uploads\/2021\/12\/20211227_150416-225x300.jpg 225w, https:\/\/fedai.az\/wp-content\/uploads\/2021\/12\/20211227_150416-113x150.jpg 113w\" sizes=\"auto, (max-width: 586px) 100vw, 586px\" \/><\/figure><\/li><li class=\"blocks-gallery-item\"><figure><img loading=\"lazy\" decoding=\"async\" width=\"219\" height=\"290\" src=\"https:\/\/fedai.az\/wp-content\/uploads\/2021\/12\/20211227_140136.jpg\" alt=\"\" data-id=\"57814\" data-full-url=\"https:\/\/fedai.az\/wp-content\/uploads\/2021\/12\/20211227_140136.jpg\" data-link=\"https:\/\/fedai.az\/?attachment_id=57814\" class=\"wp-image-57814\" srcset=\"https:\/\/fedai.az\/wp-content\/uploads\/2021\/12\/20211227_140136.jpg 219w, https:\/\/fedai.az\/wp-content\/uploads\/2021\/12\/20211227_140136-113x150.jpg 113w\" sizes=\"auto, (max-width: 219px) 100vw, 219px\" \/><\/figure><\/li><\/ul><\/figure>\n\n\n\n<p>\u00a0\u00a0\u00a0 Tibb Xidm\u0259ti\u00a0 mayoru\u00a0 1974-c\u00fc ild\u0259 Tiflis \u015f\u0259h\u0259rind\u0259 64 sayl\u0131 orta m\u0259kt\u0259bi, 1980-ci ild\u0259 N\u0259riman N\u0259rimanov ad\u0131na Az\u0259rbaycan D\u00f6vl\u0259t Tibb \u0130nstitutunun M\u00fcalic\u0259-profilaktika\u00a0 fakult\u0259sini bitirib, O, Daxili \u0130\u015fl\u0259r Naz\u0131rliyinin Daxili Qo\u015funlar\u0131nda xidm\u0259t etdiyi ill\u0259r \u0259rzind\u0259 bir nec\u0259 d\u0259f\u0259 H\u0259kiml\u0259rin t\u0259kmill\u0259\u015fm\u0259 \u0130nstitutunda m\u00fcvafiq kurslarda , Daxili Qo\u015funlar\u0131n Ba\u015f \u0130dar\u0259sind\u0259 is\u0259\u00a0\u00a0 bir \u00e7ox metodiki- t\u0259lim toplan\u0131\u015flarda, seminar v\u0259 konfranslar f\u0259ai i\u015ftirak edib.<\/p>\n\n\n\n<p>\u00a0\u00a0\u00a0\u00a0 Larisa Qr\u0130sutenko 1980-1984-c\u00fc il\u0259rd\u0259 S\u0259hiyy\u0259 Nazirliyinin Akademik M.A.Mir Qas\u0131mov ad\u0131na respublika x\u0259st\u0259xanas\u0131nda\u00a0\u00a0 v\u0259\u00a0\u00a0 2 (iki) sayl\u0131 V\u0259r\u0259m \u0259leyhin\u0259 dispanserd\u0259 h\u0259kim kimi m\u00fcvafiq v\u0259zif\u0259l\u0259rd\u0259 i\u015fl\u0259yib.<\/p>\n\n\n\n<p>\u00a0\u00a0\u00a0 O, 1984- 1991-ci ill\u0259rd\u0259 Daxili \u0130\u015fl\u0259r Nazirliyinin Tibb idar\u0259sinin\u00a0 2 (iki)\u00a0 v\u0259 4 (d\u00f6rd) sayl\u0131 c\u0259za\u00e7\u0259km\u0259 m\u00fc\u0259ssis\u0259l\u0259rind\u0259 h\u0259kim ftiziatr v\u0259 tibb xidm\u0259ti r\u0259isi v\u0259zif\u0259sind\u0259 olub.<\/p>\n\n\n\n<figure class=\"wp-block-image size-large\"><img loading=\"lazy\" decoding=\"async\" width=\"768\" height=\"1024\" src=\"https:\/\/fedai.az\/wp-content\/uploads\/2021\/12\/20211227_152637-768x1024.jpg\" alt=\"\" class=\"wp-image-57815\" srcset=\"https:\/\/fedai.az\/wp-content\/uploads\/2021\/12\/20211227_152637-768x1024.jpg 768w, https:\/\/fedai.az\/wp-content\/uploads\/2021\/12\/20211227_152637-225x300.jpg 225w, https:\/\/fedai.az\/wp-content\/uploads\/2021\/12\/20211227_152637-112x150.jpg 112w, https:\/\/fedai.az\/wp-content\/uploads\/2021\/12\/20211227_152637.jpg 1064w\" sizes=\"auto, (max-width: 768px) 100vw, 768px\" \/><\/figure>\n\n\n\n<p>&nbsp;&nbsp;&nbsp;&nbsp;&nbsp; 1992-2005-ci ill\u0259rd\u0259 Daxili \u0130\u015fl\u0259r Nazirliyinin Daxili Qo\u015funlar\u0131n\u0131n Ba\u015f \u0130dar\u0259sinin \u018flahidd\u0259 konvoy (M\u00fc\u015fayi\u0259t) taborunda tibb xidm\u0259ti r\u0259si,&nbsp; Daxili Qo\u015funlar\u0131n X\u0259tai v\u0259 Qarada\u011f&nbsp; rayonunda yerl\u0259\u015f\u0259n h\u0259rbi hiss\u0259d\u0259 v\u0259 h\u0259rbi hospitalda&nbsp; tibb m\u0259nt\u0259q\u0259sinin r\u0259isi, tibb xidm\u0259t r\u0259isinin \u0259v\u0259zi,terapiya \u015f\u00f6b\u0259sinin r\u0259isi, Daxili Qo\u015funlar\u0131n Bas \u0130dar\u0259sinin Tibb xidm\u0259tind\u0259 is\u0259 H\u0259rbi H\u0259kim komissiyas\u0131nda h\u0259kim-terapevt v\u0259zif\u0259l\u0259rind\u0259 V\u0259t\u0259n\u0259 D\u00f6vl\u0259t\u0259 v\u0259 Xalqa s\u0259daq\u0259tl\u0259 xidm\u0259t etmi\u015fdir.<\/p>\n\n\n\n<p>&nbsp;&nbsp;&nbsp;&nbsp; Tibb Xidm\u0259ti mayoru Qrisutenko Larisa Timoefeyevna Daxili \u0130\u015fl\u0259r Nazirliyinin Daxili Qo\u015funlar\u0131n kollektivl\u0259rd\u0259 mehriban ana, qay\u011f\u0131ke\u015f h\u0259kim&nbsp; v\u0259 f\u0259dakar zabit kimi tan\u0131n\u0131bd\u0131r.Ur\u0259ka\u00e7an xidm\u0259ti f\u0259aliyy\u0259ti il\u0259 \u015f\u0259xsi hey\u0259tin d\u0259rin r\u0259\u011fb\u0259tini qazan\u0131bd\u0131r.<\/p>\n\n\n\n<p>\u00a0\u00a0 \u00a0\u00a0\u00a0\u00a0Larisa h\u0259kim Daxili Qo\u015funlar\u0131n s\u0131ralar\u0131na daxil olark\u0259n yax\u015f\u0131 ba\u015fa d\u00fc\u015f\u00fcrd\u00fc ki, bu a\u011f\u0131r g\u00fcnl\u0259rd\u0259 V\u0259t\u0259nin do\u011fma o\u011flunun-q\u0131z\u0131n\u0131n k\u00f6m\u0259yin\u0259 \u00e7ox ehtiyac var idi. O, burada h\u0259rbi h\u0259kim t\u0259c\u00fcrb\u0259sini art\u0131raraq, Az\u0259rbaycan\u0131n qeyr\u0259tli zabit\u00a0 qad\u0131n\u0131 kimi yeti\u015fibdir. Xidm\u0259t m\u00fcddd\u0259tind\u0259 \u00fcz\u0259rin\u0259 d\u00fcs\u0259n\u00a0 zabit (h\u0259kim) \u015f\u0259r\u0259fini l\u0259yaq\u0259tl\u0259 qoruyub, onun m\u0259suliyy\u0259tini d\u0259rind\u0259n d\u0259rk edibdir.M\u00fcharib\u0259 h\u0259yat\u0131n\u0131n ac\u0131lar\u0131n\u0131 ya\u015fayaraq, yax\u015f\u0131 ba\u015fa d\u00fc\u015f\u00fcrd\u00fc ki, b\u00f6y\u00fck, q\u0259ti q\u0259l\u0259b\u0259y\u0259 nail olmaq \u00fc\u00e7\u00fcn \u0259sg\u0259rl\u0259rin,\u00a0 (zabitl\u0259rin, gizirl\u0259in v\u0259 m\u00fcd\u0259td\u0259n art\u0131q xidm\u0259t ed\u0259n h\u0259rbi qulluq\u00e7ularm\u0131z\u0131n) sa\u011flaml\u0131\u011f\u0131 g\u00fcn\u00fcn \u0259n \u00fcmd\u0259 m\u0259s\u0259l\u0259l\u0259rind\u0259ndir. 1992-2005-ci il\u0259rd\u0259 Daxili Qo\u015funlarda xidm\u0259tini \u015f\u0259r\u0259fl\u0259\u00a0 yerin\u0259 yetir\u0259n tibb xidm\u0259ti mayoru Qrisutenko Larisa Timofeyevna m\u00fct\u0259x\u0259sis h\u0259kim kimi \u00f6z i\u015find\u0259 y\u00fcks\u0259k t\u0259l\u0259bkarl\u0131qla v\u0259 vicdanla \u00e7al\u0131\u015fm\u0131\u015fd\u0131r.<\/p>\n\n\n\n<figure class=\"wp-block-gallery columns-2 is-cropped wp-block-gallery-2 is-layout-flex wp-block-gallery-is-layout-flex\"><ul class=\"blocks-gallery-grid\"><li class=\"blocks-gallery-item\"><figure><img loading=\"lazy\" decoding=\"async\" width=\"576\" height=\"1024\" src=\"https:\/\/fedai.az\/wp-content\/uploads\/2021\/12\/IMG-20211227-WA0004-576x1024.jpg\" alt=\"\" data-id=\"57816\" data-link=\"https:\/\/fedai.az\/?attachment_id=57816\" class=\"wp-image-57816\" srcset=\"https:\/\/fedai.az\/wp-content\/uploads\/2021\/12\/IMG-20211227-WA0004-576x1024.jpg 576w, https:\/\/fedai.az\/wp-content\/uploads\/2021\/12\/IMG-20211227-WA0004-169x300.jpg 169w, https:\/\/fedai.az\/wp-content\/uploads\/2021\/12\/IMG-20211227-WA0004-84x150.jpg 84w, https:\/\/fedai.az\/wp-content\/uploads\/2021\/12\/IMG-20211227-WA0004-768x1366.jpg 768w, https:\/\/fedai.az\/wp-content\/uploads\/2021\/12\/IMG-20211227-WA0004-864x1536.jpg 864w, https:\/\/fedai.az\/wp-content\/uploads\/2021\/12\/IMG-20211227-WA0004.jpg 899w\" sizes=\"auto, (max-width: 576px) 100vw, 576px\" \/><\/figure><\/li><li class=\"blocks-gallery-item\"><figure><img loading=\"lazy\" decoding=\"async\" width=\"576\" height=\"1024\" src=\"https:\/\/fedai.az\/wp-content\/uploads\/2021\/12\/IMG-20211227-WA0003-576x1024.jpg\" alt=\"\" data-id=\"57817\" data-full-url=\"https:\/\/fedai.az\/wp-content\/uploads\/2021\/12\/IMG-20211227-WA0003.jpg\" data-link=\"https:\/\/fedai.az\/?attachment_id=57817\" class=\"wp-image-57817\" srcset=\"https:\/\/fedai.az\/wp-content\/uploads\/2021\/12\/IMG-20211227-WA0003-576x1024.jpg 576w, https:\/\/fedai.az\/wp-content\/uploads\/2021\/12\/IMG-20211227-WA0003-169x300.jpg 169w, https:\/\/fedai.az\/wp-content\/uploads\/2021\/12\/IMG-20211227-WA0003-84x150.jpg 84w, https:\/\/fedai.az\/wp-content\/uploads\/2021\/12\/IMG-20211227-WA0003-768x1366.jpg 768w, https:\/\/fedai.az\/wp-content\/uploads\/2021\/12\/IMG-20211227-WA0003-864x1536.jpg 864w, https:\/\/fedai.az\/wp-content\/uploads\/2021\/12\/IMG-20211227-WA0003.jpg 899w\" sizes=\"auto, (max-width: 576px) 100vw, 576px\" \/><\/figure><\/li><\/ul><\/figure>\n\n\n\n<p>&nbsp;&nbsp;&nbsp; &nbsp;O, Az\u0259rbaycan Respublikas\u0131nda ictimai qaydan\u0131n v\u0259 ictimai t\u0259hl\u00fck\u0259sizliyin qorunmasnda,&nbsp;&nbsp; Silahl\u0131 d\u0259st\u0259l\u0259rin axtar\u0131\u015f\u0131nda v\u0259 z\u0259r\u0259rsizl\u0259\u015fdirilm\u0259sind\u0259, F\u00f6vqal\u0259d\u0259 v\u0259ziy\u0259t zaman\u0131 h\u00fcquqi rejim t\u0259dbirl\u0259rin h\u0259yata ke\u00e7irilm\u0259sind\u0259, \u015f\u0259h\u0259rd\u0259, ya\u015fay\u0131\u015f m\u0259nt\u0259q\u0259l\u0259rind\u0259 v\u0259 \u00e7\u0259za\u00e7\u0259km\u0259 m\u00fc\u0259ssis\u0259l\u0259rind\u0259 ba\u015f vermi\u015f k\u00fctl\u0259vi ixti\u015fa\u015flar\u0131n qar\u015f\u0131s\u0131n\u0131n al\u0131nmas\u0131nda, Az\u0259rbaycan\u0131n \u0259razi b\u00fct\u00f6vl\u00fcy\u00fc u\u011frunda ged\u0259n&nbsp; d\u00f6y\u00fc\u015fl\u0259rd\u0259 tibb xidm\u0259ti \u00fczr\u0259&nbsp;&nbsp; \u00fcz\u0259rin\u0259 d\u00fc\u015f\u0259n&nbsp; v\u0259zif\u0259 v\u0259 tap\u015f\u0131r\u0131qlar\u0131n \u00f6ht\u0259sind\u0259n layiqinc\u0259 g\u0259lmi\u015fdir.<\/p>\n\n\n\n<p>\u00a0\u00a0\u00a0\u00a0 O, Az\u0259rbaycan Respublikas\u0131 Konstitusiyas\u0131na v\u0259 qanunlar\u0131na \u0259m\u0259l etm\u0259kd\u0259, h\u0259rbi and\u0131n v\u0259 h\u0259rbi nizamnam\u0259l\u0259rin t\u0259l\u0259bl\u0259rinin yerin\u0259 yetirilm\u0259sind\u0259 \u00fcz\u0259rin\u0259 d\u00fcs\u0259n v\u0259zif\u0259 v\u0259 tap\u015f\u0131r\u0131qlar\u0131n \u00f6hd\u0259sind\u0259n layiqinc\u0259 g\u0259lmi\u015fdir. Hippokrat and\u0131 i\u00e7\u0259n Larisa h\u0259kim, Daxili Qo\u015funlarda xidm\u0259t etdiyi ill\u0259r \u0259rzind\u0259 ona h\u0259val\u0259 edilmi\u015f v\u0259zif\u0259 v\u0259 tap\u015f\u0131r\u0131qlar\u0131n \u00f6hd\u0259sind\u0259n layiqinc\u0259 g\u0259lmi\u015fdir, h\u0259r bir h\u0259rb\u0131 quluq\u00e7unun\u00a0 is\u0259 sa\u011flaml\u0131\u011fn\u0131n ke\u015fiyind\u0259\u00a0 \u0259ziml\u0259 dayanm\u0131\u015fd\u0131r.<\/p>\n\n\n\n<p>\u00a0\u00a0\u00a0\u00a0 O, Daxili Qo\u015funlarda xidm\u0259t etdiyi ill\u0259r \u0259rzind\u0259 \u00f6zun\u00fc u\u015faq vaxtlar\u0131ndan, g\u00f6z\u0259l ail\u0259 v\u0259 m\u0259kt\u0259b t\u0259rbiy\u0259si il\u0259 b\u00f6y\u00fcm\u00fc\u015f, \u0259xlaq\u0131 t\u0259rbiy\u0259si yerind\u0259 olan, nizam v\u0259 intizaml\u0131 h\u0259rbi\u00e7i k\u0131m\u0131 g\u00f6st\u0259rmi\u015fdir. O i\u015fl\u0259diyi v\u0259 oxudu\u011fu\u00a0\u00a0 t\u0259hsil m\u00fc\u0259ssis\u0259l\u0259rind\u0259, ya\u015fad\u0131\u011f\u0131 \u0259razid\u0259\u00a0 kollektiv aras\u0131nda h\u0259mi\u015f\u0259 m\u00fcsb\u0259t m\u0259nada se\u00e7il\u0259r\u0259k, ba\u015fqalar\u0131 \u00fc\u00e7\u00fcn\u00a0 n\u00fcmun\u0259 olmu\u015fdur.<\/p>\n\n\n\n<p>&nbsp;&nbsp;&nbsp;&nbsp; Tibb Xidm\u0259ti mayoru&nbsp; Larisa Timofeyevna Qrisutenko&nbsp; Daxili Qo\u015funlarda xidm\u0259t etdiyi ill\u0259r \u0259rzind\u0259 \u00f6z\u00fcn\u00fc s\u0259xav\u0259tli, \u0259lia\u00e7\u0131q v\u0259 z\u0259hm\u0259tke\u015f zabit (h\u0259kim) kimi g\u00f6st\u0259rmi\u015fdir. O, anadan oldu\u011fu v\u0259 ya\u015fad\u0131\u011f\u0131 \u0259razid\u0259, oxudu\u011fu orta v\u0259 ali t\u0259hsil m\u00fc\u0259ssis\u0259l\u0259rind\u0259, qohum-\u0259qraba&nbsp; aras\u0131nda, ist\u0259rs\u0259 d\u0259 i\u015fl\u0259diyi v\u0259 xidm\u0259t etdiyi kollektivl\u0259rd\u0259 \u00f6z\u00fcn\u0259 layiq h\u00f6rm\u0259t qazanm\u0131\u015fd\u0131r.<\/p>\n\n\n\n<figure class=\"wp-block-gallery columns-2 is-cropped wp-block-gallery-3 is-layout-flex wp-block-gallery-is-layout-flex\"><ul class=\"blocks-gallery-grid\"><li class=\"blocks-gallery-item\"><figure><img loading=\"lazy\" decoding=\"async\" width=\"594\" height=\"773\" src=\"https:\/\/fedai.az\/wp-content\/uploads\/2021\/12\/270118041_137123392063040_1445808303720788661_n.jpg\" alt=\"\" data-id=\"57819\" data-link=\"https:\/\/fedai.az\/?attachment_id=57819\" class=\"wp-image-57819\" srcset=\"https:\/\/fedai.az\/wp-content\/uploads\/2021\/12\/270118041_137123392063040_1445808303720788661_n.jpg 594w, https:\/\/fedai.az\/wp-content\/uploads\/2021\/12\/270118041_137123392063040_1445808303720788661_n-231x300.jpg 231w, https:\/\/fedai.az\/wp-content\/uploads\/2021\/12\/270118041_137123392063040_1445808303720788661_n-115x150.jpg 115w\" sizes=\"auto, (max-width: 594px) 100vw, 594px\" \/><\/figure><\/li><li class=\"blocks-gallery-item\"><figure><img loading=\"lazy\" decoding=\"async\" width=\"526\" height=\"717\" src=\"https:\/\/fedai.az\/wp-content\/uploads\/2021\/12\/270222283_137123518729694_3256235211209465505_n.jpg\" alt=\"\" data-id=\"57820\" data-full-url=\"https:\/\/fedai.az\/wp-content\/uploads\/2021\/12\/270222283_137123518729694_3256235211209465505_n.jpg\" data-link=\"https:\/\/fedai.az\/?attachment_id=57820\" class=\"wp-image-57820\" srcset=\"https:\/\/fedai.az\/wp-content\/uploads\/2021\/12\/270222283_137123518729694_3256235211209465505_n.jpg 526w, https:\/\/fedai.az\/wp-content\/uploads\/2021\/12\/270222283_137123518729694_3256235211209465505_n-220x300.jpg 220w, https:\/\/fedai.az\/wp-content\/uploads\/2021\/12\/270222283_137123518729694_3256235211209465505_n-110x150.jpg 110w\" sizes=\"auto, (max-width: 526px) 100vw, 526px\" \/><\/figure><\/li><\/ul><\/figure>\n\n\n\n<p>&nbsp;&nbsp;&nbsp;&nbsp; Y\u00fcks\u0259k insani keyfiyy\u0259tl\u0259r\u0259 v\u0259 kamil h\u0259kimlik pe\u015f\u0259sin\u0259 qadir&nbsp; Larisa h\u0259kim sa\u011flaml\u0131q b\u0259x\u015f etdiyi insanlar\u0131n \u00f6m\u00fcund\u0259 v\u0259 \u015f\u0259r\u0259fli h\u0259kim pe\u015f\u0259sinin tarixind\u0259 ya\u015fayacaq.<\/p>\n\n\n\n<p>&nbsp;&nbsp;&nbsp;&nbsp; H\u0259rbi xidm\u0259ti v\u0259zif\u0259l\u0259rinin icras\u0131 zaman\u0131 y\u00fcks\u0259k m\u0259n\u0259vi- d\u00f6y\u00fc\u015f keyfiyy\u0259tl\u0259ri g\u00f6st\u0259rdiyin\u0259 g\u00f6r\u0259, d\u00f6y\u00fc\u015f v\u0259 ictimai siyasi haz\u0131rl\u0131\u011f\u0131nda, h\u0259rbi intizam\u0131n m\u00f6hk\u0259ml\u0259ndirilm\u0259sind\u0259 y\u00fcks\u0259k g\u00f6st\u0259ricil\u0259r\u0259 nail oldu\u011funa v\u0259 n\u00fcmun\u0259vi xidm\u0259tin\u0259 g\u00f6r\u0259 Daxili \u0130\u015fl\u0259r Nazirinin, Daxili Qo\u015funlar Komandan\u0131n v\u0259 onun m\u00fcavinl\u0259rinin, h\u0259rbi hiss\u0259 komandirinin m\u00fcvafiq \u0259mrl\u0259ri&nbsp;&nbsp; m\u00fcvaf\u0131q medallar\u0131 v\u0259 d\u00f6\u015f nisanlar\u0131 il\u0259 il\u0259 t\u0259ltif edilib, pul m\u00fckafatlar\u0131 il\u0259, f\u0259xri f\u0259rmanlarla v\u0259 qiym\u0259tli h\u0259diyy\u0259l\u0259rl\u0259 m\u00fckafatland\u0131rl\u0131b v\u0259 ona t\u0259\u015f\u0259kk\u00fcr elan edilib.<\/p>\n\n\n\n<p><strong>DO\u011eUM G\u00dcN\u00dcN M\u00dcBAR\u018fK OLSUN, LAR\u0130SA H\u018fK\u0130M !<\/strong><\/p>\n\n\n\n<p><strong>ALLAH H\u018fR ZAMAN Q\u018fLB\u0130N\u0130 SIXINTIDAN, B\u018fDB\u0130NL\u0130KD\u018fN QORUSUN!<\/strong><\/p>\n\n\n\n<p><strong>B\u00dcT\u00dcN ARZULARIN \u00c7\u0130N OLSUN!<\/strong><\/p>\n\n\n\n<p><strong>H\u018fM\u0130\u015e\u018f \u00dcZ\u00dcN G\u00dcLS\u00dcN, \u00dcR\u018fY\u0130N SEV\u0130NS\u0130N!<\/strong><\/p>\n\n\n\n<p><strong>DA\u0130MA XO\u015eB\u018fXT YA\u015eA, \u00d6MR\u00dcN UZUN OLSUN!<\/strong><\/p>\n\n\n\n<p><strong>D\u0259rin h\u00f6rm\u0259tl\u0259, Az\u0259rbaycan V\u0259t\u0259n m\u00fcharib\u0259si Veteranlar\u0131 \u0130ctimai\u00a0 Birliyinin s\u0259dr m\u00fcavini polkovnik Salman Musayev<\/strong><\/p>\n\n\n\n<figure class=\"wp-block-gallery columns-2 is-cropped wp-block-gallery-4 is-layout-flex wp-block-gallery-is-layout-flex\"><ul class=\"blocks-gallery-grid\"><li class=\"blocks-gallery-item\"><figure><img loading=\"lazy\" decoding=\"async\" width=\"600\" height=\"600\" src=\"https:\/\/fedai.az\/wp-content\/uploads\/2021\/12\/8265a327389da9fe4fdc2714b309120e-1-1.jpg\" alt=\"\" data-id=\"57506\" data-full-url=\"https:\/\/fedai.az\/wp-content\/uploads\/2021\/12\/8265a327389da9fe4fdc2714b309120e-1-1.jpg\" data-link=\"https:\/\/fedai.az\/?attachment_id=57506\" class=\"wp-image-57506\" srcset=\"https:\/\/fedai.az\/wp-content\/uploads\/2021\/12\/8265a327389da9fe4fdc2714b309120e-1-1.jpg 600w, https:\/\/fedai.az\/wp-content\/uploads\/2021\/12\/8265a327389da9fe4fdc2714b309120e-1-1-300x300.jpg 300w, https:\/\/fedai.az\/wp-content\/uploads\/2021\/12\/8265a327389da9fe4fdc2714b309120e-1-1-150x150.jpg 150w, https:\/\/fedai.az\/wp-content\/uploads\/2021\/12\/8265a327389da9fe4fdc2714b309120e-1-1-215x215.jpg 215w\" sizes=\"auto, (max-width: 600px) 100vw, 600px\" \/><\/figure><\/li><li class=\"blocks-gallery-item\"><figure><img loading=\"lazy\" decoding=\"async\" width=\"989\" height=\"1024\" src=\"https:\/\/fedai.az\/wp-content\/uploads\/2021\/12\/20211227_152358-989x1024.jpg\" alt=\"\" data-id=\"57818\" data-full-url=\"https:\/\/fedai.az\/wp-content\/uploads\/2021\/12\/20211227_152358.jpg\" data-link=\"https:\/\/fedai.az\/?attachment_id=57818\" class=\"wp-image-57818\" srcset=\"https:\/\/fedai.az\/wp-content\/uploads\/2021\/12\/20211227_152358-989x1024.jpg 989w, https:\/\/fedai.az\/wp-content\/uploads\/2021\/12\/20211227_152358-290x300.jpg 290w, https:\/\/fedai.az\/wp-content\/uploads\/2021\/12\/20211227_152358-145x150.jpg 145w, https:\/\/fedai.az\/wp-content\/uploads\/2021\/12\/20211227_152358-768x795.jpg 768w, https:\/\/fedai.az\/wp-content\/uploads\/2021\/12\/20211227_152358.jpg 1080w\" sizes=\"auto, (max-width: 989px) 100vw, 989px\" \/><\/figure><\/li><\/ul><\/figure>\n","protected":false},"excerpt":{"rendered":"<p>\u00a0\u00a0\u00a0 Y\u00fcks\u0259k pe\u015f\u0259karl\u0131\u011f\u0131 v\u0259 humanistliyi il\u0259, n\u0259z\u0259ri v\u0259 praktiki biliyi il\u0259 (t\u0259c\u00fcrb\u0259si il\u0259), i\u015fg\u00fczarl\u0131\u011f\u0131 v\u0259 m\u0259n\u0259vi keyfiyy\u0259tl\u0259ri il\u0259 ,\u015f\u0259xsi intizam\u0131 v\u0259 kollektiv aras\u0131nda n\u00fcfuzu<\/p>\n","protected":false},"author":2,"featured_media":57821,"comment_status":"closed","ping_status":"closed","sticky":false,"template":"","format":"standard","meta":{"footnotes":""},"categories":[5],"tags":[],"class_list":["post-57811","post","type-post","status-publish","format-standard","has-post-thumbnail","hentry","category-veteran"],"aioseo_notices":[],"_links":{"self":[{"href":"https:\/\/fedai.az\/index.php?rest_route=\/wp\/v2\/posts\/57811","targetHints":{"allow":["GET"]}}],"collection":[{"href":"https:\/\/fedai.az\/index.php?rest_route=\/wp\/v2\/posts"}],"about":[{"href":"https:\/\/fedai.az\/index.php?rest_route=\/wp\/v2\/types\/post"}],"author":[{"embeddable":true,"href":"https:\/\/fedai.az\/index.php?rest_route=\/wp\/v2\/users\/2"}],"replies":[{"embeddable":true,"href":"https:\/\/fedai.az\/index.php?rest_route=%2Fwp%2Fv2%2Fcomments&post=57811"}],"version-history":[{"count":1,"href":"https:\/\/fedai.az\/index.php?rest_route=\/wp\/v2\/posts\/57811\/revisions"}],"predecessor-version":[{"id":57822,"href":"https:\/\/fedai.az\/index.php?rest_route=\/wp\/v2\/posts\/57811\/revisions\/57822"}],"wp:featuredmedia":[{"embeddable":true,"href":"https:\/\/fedai.az\/index.php?rest_route=\/wp\/v2\/media\/57821"}],"wp:attachment":[{"href":"https:\/\/fedai.az\/index.php?rest_route=%2Fwp%2Fv2%2Fmedia&parent=57811"}],"wp:term":[{"taxonomy":"category","embeddable":true,"href":"https:\/\/fedai.az\/index.php?rest_route=%2Fwp%2Fv2%2Fcategories&post=57811"},{"taxonomy":"post_tag","embeddable":true,"href":"https:\/\/fedai.az\/index.php?rest_route=%2Fwp%2Fv2%2Ftags&post=57811"}],"curies":[{"name":"wp","href":"https:\/\/api.w.org\/{rel}","templated":true}]}}