{"id":57830,"date":"2021-12-29T13:57:08","date_gmt":"2021-12-29T09:57:08","guid":{"rendered":"https:\/\/fedai.az\/?p=57830"},"modified":"2021-12-29T13:57:13","modified_gmt":"2021-12-29T09:57:13","slug":"sosial-s%c9%99b%c9%99k%c9%99d%c9%99-videosu-yayilan-qazi-haqda-r%c9%99smi-aciqlama","status":"publish","type":"post","link":"https:\/\/fedai.az\/?p=57830","title":{"rendered":"Sosial \u015f\u0259b\u0259k\u0259d\u0259 videosu yay\u0131lan qazi haqda R\u018fSM\u0130 A\u00c7IQLAMA"},"content":{"rendered":"\n<p><strong><span class=\"has-inline-color has-vivid-red-color\">N\u0259 yax\u015f\u0131 ki, s\u0259n varsan, SOS\u0130AL \u015e\u018fB\u018fK\u018f! E\u015fq olsun s\u0259n\u0259!<\/span><\/strong><\/p>\n\n\n\n<p><strong>Sosial \u015f\u0259b\u0259k\u0259l\u0259rd\u0259 Goranboy rayonunda ya\u015fayan V\u0259t\u0259n m\u00fcharib\u0259si qazisi V\u00fcsal Quliyevin \u00e7\u0259tin \u015f\u0259raitd\u0259 ya\u015famas\u0131 il\u0259 ba\u011fl\u0131 videom\u00fcraci\u0259ti yay\u0131l\u0131b.\u00a0<\/strong><\/p>\n\n\n\n<p><br>S\u00f6z\u00fcged\u0259n videoda g\u00f6z ya\u015flar\u0131 i\u00e7ind\u0259 dan\u0131\u015fan qazi r\u0259smi qurumlar t\u0259r\u0259find\u0259n get-g\u0259l\u0259 sal\u0131nd\u0131\u011f\u0131n\u0131 deyir: &#171;G\u0259lin, bizim ya\u015fama\u011f\u0131m\u0131za bax\u0131n, g\u00f6r n\u0259 g\u00fcnd\u0259 ya\u015fay\u0131r\u0131q. Bu, ya\u015famaq deyil. \u0130cra ba\u015f\u00e7\u0131s\u0131na yax\u0131nla\u015fm\u0131\u015fam, deyir get sabah g\u0259l\u0259rs\u0259n, birisi g\u00fcn g\u0259l\u0259rs\u0259n. Bayrama g\u00f6r\u0259 ay\u0131n-oyun alma\u011fa g\u00fcc\u00fcm \u00e7atm\u0131r\u201d.\u00a0\u00a0<\/p>\n\n\n\n<p><br>Sfera.az bildirir ki, &#171;Qafqazinfo\u201d qazinin v\u0259ziyy\u0259ti il\u0259 ba\u011fl\u0131 Goranboy Rayon \u0130cra Hakimiyy\u0259ti il\u0259 \u0259laq\u0259 saxlay\u0131b. R\u0130H ba\u015f\u00e7\u0131s\u0131n\u0131n m\u00fcavini \u2013 Sosial-iqtisadi inki\u015faf\u0131n t\u0259hlili v\u0259 proqnozla\u015fd\u0131r\u0131lmas\u0131 \u015f\u00f6b\u0259sinin m\u00fcdiri Raf\u0259t Qurbanov sor\u011fumuza cavab olaraq s\u00f6z\u00fcged\u0259n V\u0259t\u0259n m\u00fcharib\u0259si i\u015ftirak\u00e7\u0131s\u0131n\u0131n \u00e7\u0259tin \u015f\u0259raitd\u0259 ya\u015fad\u0131\u011f\u0131n\u0131 t\u0259sdiql\u0259yib. Bildirib ki, o, \u0130cra Hakimiyy\u0259tin\u0259 bir h\u0259ft\u0259 \u0259vv\u0259l m\u00fcraci\u0259t edib: &#171;V\u00fcsal Quliyev m\u00fcharib\u0259 d\u00f6vr\u00fcnd\u0259 h\u0259rbi xidm\u0259td\u0259 olub, d\u00f6y\u00fc\u015fl\u0259rd\u0259 i\u015ftirak edib. Biz d\u0259 onun haqq\u0131nda yenic\u0259 m\u0259lumat alm\u0131\u015f\u0131q, biz\u0259 bir h\u0259ft\u0259 olar m\u00fcraci\u0259t edib. \u00c7ox pis v\u0259ziyy\u0259td\u0259 ya\u015fay\u0131rlar. Onun evind\u0259 olmu\u015fuq. He\u00e7 \u015f\u0259xsiyy\u0259t v\u0259siq\u0259si bel\u0259 yoxdur. N\u0259inki \u00f6z\u00fcn\u00fcn, ail\u0259sind\u0259 he\u00e7 kimin s\u0259n\u0259dl\u0259ri yoxdur. H\u0259rbi biletinin \u0259sas\u0131nda s\u0259n\u0259dl\u0259rini toplam\u0131\u015f\u0131q.<\/p>\n\n\n\n<p><br>\u018f\u018fSM t\u0259r\u0259find\u0259n \u015f\u0259hid ail\u0259l\u0259ri v\u0259 qazil\u0259r\u0259 n\u00f6vb\u0259 \u0259sas\u0131nda ev tikilir. Lakin onun s\u0259n\u0259dl\u0259ri olmad\u0131\u011f\u0131na g\u00f6r\u0259 n\u00f6vb\u0259y\u0259 yaza bilm\u0259dik. Ail\u0259sini bizim k\u00f6hn\u0259 x\u0259st\u0259xanada binada m\u00fcv\u0259qq\u0259ti yerl\u0259\u015fdirm\u0259k ist\u0259dik ki, sahibkarlara m\u00fcraci\u0259t ed\u0259k, kimin imkan\u0131 varsa, onun ev tikintisin\u0259 yard\u0131m etsin. Lakin qalmaq ist\u0259m\u0259dil\u0259r. Tap\u015f\u0131rm\u0131\u015f\u0131q h\u0259min x\u0259st\u0259xanadan salamat v\u0259ziyy\u0259td\u0259 olan m\u0259i\u015f\u0259t \u0259\u015fyalar\u0131- stol, stul, \u00e7arpay\u0131 v\u0259 dig\u0259r \u0259\u015fyalar g\u00f6nd\u0259rilib. D\u00fcn\u0259n \u0259rzaq yard\u0131m\u0131 etmi\u015fik. H\u0259m\u00e7inin ba\u015fqa sahibkarlar da ona \u0259rzaq yard\u0131m\u0131, maddi v\u0259sait g\u00f6nd\u0259ribl\u0259r\u201d.<\/p>\n\n\n\n<p><br>Qeyd ed\u0259k ki, Quliyev V\u00fcsal M\u0259hiy\u0259ddin o\u011flu 44 g\u00fcnl\u00fck V\u0259t\u0259n m\u00fcharib\u0259sind\u0259 F\u00fczuli v\u0259 Xocav\u0259nd istiqam\u0259tind\u0259 d\u00f6y\u00fc\u015fl\u0259rd\u0259 i\u015ftirak edib v\u0259 m\u00fcvafiq medallarla t\u0259ltif edilib.\u00a0\u00a0<\/p>\n\n\n\n<p>Yay\u0131lm\u0131\u015f videonu sizl\u0259r\u0259 t\u0259qdim edirik:<\/p>\n\n\n\n<figure class=\"wp-block-embed is-type-video is-provider-youtube wp-block-embed-youtube wp-embed-aspect-4-3 wp-has-aspect-ratio\"><div class=\"wp-block-embed__wrapper\">\n<iframe loading=\"lazy\" title=\"Qaraba\u011f qazisi v\u0259 ail\u0259sinin \u00fcr\u0259k par\u00e7alayan f\u0259ryad\u0131\" width=\"715\" height=\"536\" src=\"https:\/\/www.youtube.com\/embed\/JJbE2H9mQ4c?feature=oembed\" frameborder=\"0\" allow=\"accelerometer; autoplay; clipboard-write; encrypted-media; gyroscope; picture-in-picture\" allowfullscreen><\/iframe>\n<\/div><\/figure>\n","protected":false},"excerpt":{"rendered":"<p>N\u0259 yax\u015f\u0131 ki, s\u0259n varsan, SOS\u0130AL \u015e\u018fB\u018fK\u018f! E\u015fq olsun s\u0259n\u0259! Sosial \u015f\u0259b\u0259k\u0259l\u0259rd\u0259 Goranboy rayonunda ya\u015fayan V\u0259t\u0259n m\u00fcharib\u0259si qazisi V\u00fcsal Quliyevin \u00e7\u0259tin \u015f\u0259raitd\u0259 ya\u015famas\u0131 il\u0259<\/p>\n","protected":false},"author":2,"featured_media":57831,"comment_status":"closed","ping_status":"closed","sticky":false,"template":"","format":"standard","meta":{"footnotes":""},"categories":[12],"tags":[],"class_list":["post-57830","post","type-post","status-publish","format-standard","has-post-thumbnail","hentry","category-sosial"],"aioseo_notices":[],"_links":{"self":[{"href":"https:\/\/fedai.az\/index.php?rest_route=\/wp\/v2\/posts\/57830","targetHints":{"allow":["GET"]}}],"collection":[{"href":"https:\/\/fedai.az\/index.php?rest_route=\/wp\/v2\/posts"}],"about":[{"href":"https:\/\/fedai.az\/index.php?rest_route=\/wp\/v2\/types\/post"}],"author":[{"embeddable":true,"href":"https:\/\/fedai.az\/index.php?rest_route=\/wp\/v2\/users\/2"}],"replies":[{"embeddable":true,"href":"https:\/\/fedai.az\/index.php?rest_route=%2Fwp%2Fv2%2Fcomments&post=57830"}],"version-history":[{"count":1,"href":"https:\/\/fedai.az\/index.php?rest_route=\/wp\/v2\/posts\/57830\/revisions"}],"predecessor-version":[{"id":57832,"href":"https:\/\/fedai.az\/index.php?rest_route=\/wp\/v2\/posts\/57830\/revisions\/57832"}],"wp:featuredmedia":[{"embeddable":true,"href":"https:\/\/fedai.az\/index.php?rest_route=\/wp\/v2\/media\/57831"}],"wp:attachment":[{"href":"https:\/\/fedai.az\/index.php?rest_route=%2Fwp%2Fv2%2Fmedia&parent=57830"}],"wp:term":[{"taxonomy":"category","embeddable":true,"href":"https:\/\/fedai.az\/index.php?rest_route=%2Fwp%2Fv2%2Fcategories&post=57830"},{"taxonomy":"post_tag","embeddable":true,"href":"https:\/\/fedai.az\/index.php?rest_route=%2Fwp%2Fv2%2Ftags&post=57830"}],"curies":[{"name":"wp","href":"https:\/\/api.w.org\/{rel}","templated":true}]}}