{"id":57898,"date":"2021-12-30T00:55:22","date_gmt":"2021-12-29T20:55:22","guid":{"rendered":"https:\/\/fedai.az\/?p=57898"},"modified":"2021-12-30T00:55:25","modified_gmt":"2021-12-29T20:55:25","slug":"biz-kohn%c9%99-doyuscul%c9%99r-daim-komandanimizin-yaninda-v%c9%99-%c9%99mrind%c9%99yik","status":"publish","type":"post","link":"https:\/\/fedai.az\/?p=57898","title":{"rendered":"Biz k\u00f6hn\u0259 d\u00f6y\u00fc\u015f\u00e7\u00fcl\u0259r daim Komandan\u0131m\u0131z\u0131n yan\u0131nda v\u0259 \u0259mrind\u0259yik!"},"content":{"rendered":"\n<p><strong>Az\u0259rbaycan Respublikas\u0131n\u0131n \u0259razi b\u00fct\u00f6vl\u00fcy\u00fc, m\u00fcst\u0259qilliyi v\u0259 azadl\u0131\u011f\u0131 u\u011frunda a\u011f\u0131r d\u00f6y\u00fc\u015fl\u0259rd\u0259 yaralanaraq \u0259lil olmu\u015f ke\u00e7mi\u015f d\u00f6y\u00fc\u015f\u00e7\u00fcl\u0259rin, veteranlar\u0131n v\u0259 \u015f\u0259hid ail\u0259l\u0259rinin sosial m\u00fcdafi\u0259sinin g\u00fccl\u0259ndirilm\u0259si \u00f6lk\u0259mizd\u0259 d\u00f6vl\u0259t ba\u015f\u00e7\u0131s\u0131 t\u0259r\u0259find\u0259n h\u0259yata ke\u00e7iril\u0259n sosial siyas\u0259tin \u0259sas istiqam\u0259tl\u0259rind\u0259ndir.<\/strong><\/p>\n\n\n\n<p><br><strong>Bu bar\u0259d\u0259 Az\u0259rbaycan V\u0259t\u0259n M\u00fcharib\u0259si Veteranlar\u0131 \u0130ctimai Birliyi (AVMV\u0130B) Nizami rayon \u015f\u00f6b\u0259sinin s\u0259dri, Nizami rayon \u0130cra Hakimiyy\u0259ti \u0130ctimai N\u0259zar\u0259t \u015euras\u0131n\u0131n s\u0259dr m\u00fcavini R\u0259c\u0259b Bax\u015fiyev yaz\u0131b.<\/strong><\/p>\n\n\n\n<figure class=\"wp-block-image size-large is-resized\"><img loading=\"lazy\" decoding=\"async\" src=\"https:\/\/fedai.az\/wp-content\/uploads\/2021\/12\/270115721_137296048712441_7064216604284047787_n-497x1024.jpg\" alt=\"\" class=\"wp-image-57900\" width=\"914\" height=\"1883\" srcset=\"https:\/\/fedai.az\/wp-content\/uploads\/2021\/12\/270115721_137296048712441_7064216604284047787_n-497x1024.jpg 497w, https:\/\/fedai.az\/wp-content\/uploads\/2021\/12\/270115721_137296048712441_7064216604284047787_n-146x300.jpg 146w, https:\/\/fedai.az\/wp-content\/uploads\/2021\/12\/270115721_137296048712441_7064216604284047787_n-73x150.jpg 73w, https:\/\/fedai.az\/wp-content\/uploads\/2021\/12\/270115721_137296048712441_7064216604284047787_n.jpg 526w\" sizes=\"auto, (max-width: 914px) 100vw, 914px\" \/><\/figure>\n\n\n\n<p><br>R\u0259c\u0259b Bax\u015f\u0131yev bildirib ki, m\u00fcst\u0259qil Az\u0259rbaycan d\u00f6vl\u0259ti \u015f\u0259hid ail\u0259l\u0259rin\u0259 v\u0259 fiziki sa\u011flaml\u0131\u011f\u0131n\u0131 itir\u0259n dig\u0259r \u015f\u0259xsl\u0259r\u0259 x\u00fcsusi qay\u011f\u0131 g\u00f6st\u0259rir. \u018fsas prioritet istiqam\u0259tl\u0259rd\u0259n olan bu sah\u0259 h\u0259mi\u015f\u0259 oldu\u011fu kimi, bu g\u00fcn d\u0259 d\u00f6vl\u0259timizin diqq\u0259t m\u0259rk\u0259zind\u0259dir. Sevindirici hald\u0131r ki, d\u00f6vl\u0259timiz x\u00fcsusi imtiyazl\u0131 \u015f\u0259xsl\u0259rin h\u0259yat \u015f\u0259raitinin yax\u015f\u0131la\u015fd\u0131r\u0131lmas\u0131 \u00fc\u00e7\u00fcn h\u0259r c\u00fcr laz\u0131mi \u015f\u0259rait yarad\u0131r. M\u00fct\u0259madi olaraq onlar\u0131n m\u00f6vcud probleml\u0259rinin h\u0259ll edilm\u0259si v\u0259 sosial rifah hallar\u0131n\u0131n yax\u015f\u0131la\u015fd\u0131r\u0131l\u0131mas\u0131 istiqam\u0259tind\u0259 t\u0259dbirl\u0259r h\u0259yata ke\u00e7irilir. X\u00fcsus\u0259n son g\u00fcnl\u0259r Ali Ba\u015f Komandan c\u0259nab \u0130lham \u018fliyevin imzalad\u0131\u011f\u0131 F\u0259rman v\u0259 S\u0259r\u0259ncamlar \u0259halinin sosial rifah\u0131n\u0131 y\u00fcks\u0259ltm\u0259yi planlad\u0131\u011f\u0131 bu g\u00fcn \u0259hali t\u0259r\u0259find\u0259n r\u0259\u011fb\u0259tl\u0259 qar\u015f\u0131lan\u0131b.<\/p>\n\n\n\n<p><br>Eyni zamanda, Nizami rayonunda x\u00fcsusi qay\u011f\u0131ya ehtiyac\u0131 olan imtiyazl\u0131 ail\u0259l\u0259r d\u00f6vl\u0259tin g\u00f6st\u0259rmi\u015f oldu\u011fu \u00e7ox\u015fax\u0259li yard\u0131mlar\u0131ndan b\u0259hr\u0259l\u0259nm\u0259kd\u0259dir. D\u00f6vl\u0259timizin \u0259sas prioritet istiqam\u0259tli sah\u0259l\u0259rinin u\u011furla t\u0259tbiq edildiyi rayonlardan biri d\u0259, el\u0259 Nizami rayonudur. Maddi v\u0259 m\u0259n\u0259vi d\u0259st\u0259y\u0259 ehtiyac\u0131 olan azt\u0259minatl\u0131 v\u0259 x\u00fcsusi imtiyazl\u0131 ail\u0259l\u0259rin ehtiyaclar\u0131n\u0131n \u00f6d\u0259nilm\u0259si istiqam\u0259tind\u0259 rayonumuzda \u00e7ox i\u015fl\u0259r g\u00f6r\u00fclm\u00fc\u015fd\u00fcr.<\/p>\n\n\n\n<p>Bu g\u00fcn 44 g\u00fcnl\u00fck V\u0259t\u0259n m\u00fcharib\u0259si i\u015ftirak\u00e7\u0131lar\u0131 il\u0259 ba\u011fl\u0131 Prezident \u0130lham \u018fliyev Az\u0259rbaycan Respublikas\u0131n\u0131n \u0259razi b\u00fct\u00f6vl\u00fcy\u00fc u\u011frunda d\u00f6y\u00fc\u015f \u0259m\u0259liyyatlar\u0131nda i\u015ftirak etmi\u015f \u015f\u0259xsl\u0259r\u0259 \u00abM\u00fcharib\u0259 veteran\u0131\u00bb ad\u0131n\u0131n verilm\u0259si il\u0259 ba\u011fl\u0131 t\u0259dbirl\u0259r haqq\u0131nda s\u0259r\u0259ncam imzalay\u0131b. Bu da m\u00fcharib\u0259 veteranlar\u0131n\u0131n statusu il\u0259 ba\u011fl\u0131 n\u00f6vb\u0259ti bir add\u0131md\u0131r. Y\u0259ni bu da sosial bir add\u0131md\u0131r v\u0259 c\u0259miyy\u0259td\u0259 minl\u0259rl\u0259 insan t\u0259r\u0259find\u0259n r\u0259\u011fb\u0259tl\u0259 qar\u015f\u0131lan\u0131b. \u0130nan\u0131ram ki, bu istiqam\u0259td\u0259 apar\u0131lan i\u015fl\u0259r davam etdiril\u0259c\u0259k.<\/p>\n\n\n\n<p><br>Bu bar\u0259d\u0259 Az\u0259rbaycan V\u0259t\u0259n M\u00fcharib\u0259si Veteranlar\u0131 \u0130ctimai Birliyi (AVMV\u0130B) Nizami rayon \u015f\u00f6b\u0259sinin s\u0259dri, Nizami rayon \u0130cra Hakimiyy\u0259ti \u0130ctimai N\u0259zar\u0259t \u015euras\u0131n\u0131n s\u0259dr m\u00fcavini R\u0259c\u0259b Bax\u015fiyev qeyd etdi ki, Az\u0259rbaycan Silahl\u0131 Q\u00fcvv\u0259l\u0259ri M\u00fcz\u0259ff\u0259r Ali Ba\u015f Komandan \u0130lham \u018fliyevin r\u0259hb\u0259rliyi alt\u0131nda 44 g\u00fcn davam ed\u0259n V\u0259t\u0259n m\u00fcharib\u0259sind\u0259 d\u00fc\u015fm\u0259n \u00fcz\u0259rind\u0259 q\u0259l\u0259b\u0259 \u00e7alaraq tarixi nailiyy\u0259t\u0259 imza atd\u0131. \u00d6lk\u0259nin 30 il\u0259 yax\u0131nd\u0131r ki, pozulmu\u015f \u0259razi b\u00fct\u00f6vl\u00fcy\u00fcn\u00fcn b\u0259rpas\u0131 v\u0259 xalq\u0131m\u0131z\u0131n m\u0259d\u0259niyy\u0259t be\u015fiyi hesab olunan \u015eu\u015fan\u0131n azad olunmas\u0131yla qazan\u0131lm\u0131\u015f Z\u0259f\u0259r zirv\u0259si Prezident c\u0259nab \u0130lham \u018fliyevin ad\u0131yla Tarixd\u0259 \u0259kizl\u0259\u015fib. 300 il\u0259 yax\u0131n idi ki, b\u00f6y\u00fck q\u0259l\u0259b\u0259y\u0259 m\u00f6htac olan v\u0259 on ill\u0259r idi ki, erm\u0259nil\u0259rin h\u0259r d\u0259f\u0259 m\u00fcxt\u0259lif az\u011f\u0131nl\u0131qlar\u0131 il\u0259 qar\u015f\u0131la\u015fan xalq\u0131m\u0131z v\u0259 d\u00f6vl\u0259timiz n\u0259hay\u0259t ki, q\u0259l\u0259b\u0259y\u0259 imza ataraq tarixi \u0259dal\u0259ti b\u0259rpa etdi. Bel\u0259 ki, 2020-ci ilin 27 sentyabr\u0131nda ba\u015flanan V\u0259t\u0259n m\u00fcharib\u0259si Ali Ba\u015f Komandan\u0131m\u0131z \u0130lham \u018fliyevin q\u0259tiyy\u0259ti, xalq\u0131n birliyi v\u0259 Ordumuzun g\u00fcc\u00fc n\u0259tic\u0259sind\u0259 Z\u0259f\u0259rl\u0259 sona \u00e7atd\u0131.<\/p>\n\n\n\n<p>T\u00fcrkiy\u0259 Prezidenti R\u0259c\u0259b Tayyib \u018frdo\u011fan M\u00fcz\u0259ff\u0259r Ali Ba\u015f Komandan \u0130lham \u018fliyevin 60 illik yubileyi il\u0259 \u0259laq\u0259dar s\u00f6yl\u0259diyi bir fikir g\u00fcn\u00fcm\u00fczl\u0259 s\u0259sl\u0259\u015fir: \u201cBir mill\u0259t \u2013 iki d\u00f6vl\u0259t\u201d \u015f\u00fcar\u0131 il\u0259 T\u00fcrkiy\u0259nin qarda\u015fl\u0131q v\u0259zif\u0259sin\u0259 \u0259saslanaraq etdiyi V\u0259t\u0259n m\u00fcharib\u0259si m\u00fcdd\u0259tind\u0259 m\u00fcxt\u0259lif t\u0259xribatlara baxmayaraq, \u0130lham qarda\u015f\u0131m q\u0259tiyy\u0259tli v\u0259 soyuqqanl\u0131 liderlik n\u00fcmayi\u015f etdir\u0259r\u0259k Z\u0259f\u0259rin ba\u015f memar\u0131 oldu&#187;. B\u0259li, bu Z\u0259f\u0259rin ba\u015f memar\u0131, h\u0259qiq\u0259t\u0259n Ali Ba\u015f Komandan\u0131m\u0131z c\u0259nab \u0130lham \u018fliyevdir. <\/p>\n\n\n\n<p><strong>Biz k\u00f6hn\u0259 d\u00f6y\u00fc\u015f\u00e7\u00fcl\u0259r daim Komandan\u0131m\u0131z\u0131n yan\u0131nda v\u0259 \u0259mrind\u0259yik!<\/strong><\/p>\n\n\n\n<p><br><strong>Elnur S\u0259lim<\/strong><\/p>\n","protected":false},"excerpt":{"rendered":"<p>Az\u0259rbaycan Respublikas\u0131n\u0131n \u0259razi b\u00fct\u00f6vl\u00fcy\u00fc, m\u00fcst\u0259qilliyi v\u0259 azadl\u0131\u011f\u0131 u\u011frunda a\u011f\u0131r d\u00f6y\u00fc\u015fl\u0259rd\u0259 yaralanaraq \u0259lil olmu\u015f ke\u00e7mi\u015f d\u00f6y\u00fc\u015f\u00e7\u00fcl\u0259rin, veteranlar\u0131n v\u0259 \u015f\u0259hid ail\u0259l\u0259rinin sosial m\u00fcdafi\u0259sinin g\u00fccl\u0259ndirilm\u0259si \u00f6lk\u0259mizd\u0259 d\u00f6vl\u0259t<\/p>\n","protected":false},"author":2,"featured_media":57903,"comment_status":"closed","ping_status":"closed","sticky":false,"template":"","format":"standard","meta":{"footnotes":""},"categories":[5],"tags":[],"class_list":["post-57898","post","type-post","status-publish","format-standard","has-post-thumbnail","hentry","category-veteran"],"aioseo_notices":[],"_links":{"self":[{"href":"https:\/\/fedai.az\/index.php?rest_route=\/wp\/v2\/posts\/57898","targetHints":{"allow":["GET"]}}],"collection":[{"href":"https:\/\/fedai.az\/index.php?rest_route=\/wp\/v2\/posts"}],"about":[{"href":"https:\/\/fedai.az\/index.php?rest_route=\/wp\/v2\/types\/post"}],"author":[{"embeddable":true,"href":"https:\/\/fedai.az\/index.php?rest_route=\/wp\/v2\/users\/2"}],"replies":[{"embeddable":true,"href":"https:\/\/fedai.az\/index.php?rest_route=%2Fwp%2Fv2%2Fcomments&post=57898"}],"version-history":[{"count":1,"href":"https:\/\/fedai.az\/index.php?rest_route=\/wp\/v2\/posts\/57898\/revisions"}],"predecessor-version":[{"id":57904,"href":"https:\/\/fedai.az\/index.php?rest_route=\/wp\/v2\/posts\/57898\/revisions\/57904"}],"wp:featuredmedia":[{"embeddable":true,"href":"https:\/\/fedai.az\/index.php?rest_route=\/wp\/v2\/media\/57903"}],"wp:attachment":[{"href":"https:\/\/fedai.az\/index.php?rest_route=%2Fwp%2Fv2%2Fmedia&parent=57898"}],"wp:term":[{"taxonomy":"category","embeddable":true,"href":"https:\/\/fedai.az\/index.php?rest_route=%2Fwp%2Fv2%2Fcategories&post=57898"},{"taxonomy":"post_tag","embeddable":true,"href":"https:\/\/fedai.az\/index.php?rest_route=%2Fwp%2Fv2%2Ftags&post=57898"}],"curies":[{"name":"wp","href":"https:\/\/api.w.org\/{rel}","templated":true}]}}