{"id":57910,"date":"2021-12-30T01:14:35","date_gmt":"2021-12-29T21:14:35","guid":{"rendered":"https:\/\/fedai.az\/?p=57910"},"modified":"2021-12-30T01:18:01","modified_gmt":"2021-12-29T21:18:01","slug":"uzd%c9%99niraq-arayikin-arsax-haqqinda-novb%c9%99ti-sarsaqlamasi","status":"publish","type":"post","link":"https:\/\/fedai.az\/?p=57910","title":{"rendered":"\u00dczd\u0259niraq Arayikin &#171;arsax&#187; haqq\u0131nda n\u00f6vb\u0259ti sarsaqlamas\u0131"},"content":{"rendered":"\n<p><strong>&#171;Az\u0259rbaycanl\u0131larla birg\u0259ya\u015fay\u0131\u015fdan s\u00f6hb\u0259t ged\u0259 bilm\u0259z&#187;.<\/strong><\/p>\n\n\n\n<p>Qondarma Artsax Respublikas\u0131n\u0131n prezidenti Arayik Arutyunyan Erm\u0259nistan\u0131n Ba\u015f Naziri Nikol Pa\u015finyan\u0131n Qaraba\u011fla ba\u011fl\u0131 s\u0259sl\u0259ndirdiyi fikirl\u0259rl\u0259 ba\u011fl\u0131 a\u00e7\u0131qlamas\u0131nda bel\u0259 deyib. <\/p>\n\n\n\n<p>Onun s\u00f6zl\u0259rin\u0259 g\u00f6r\u0259, &#171;Arsax\u201ddan ba\u015fqa he\u00e7 bir h\u00f6kum\u0259t onlar\u0131n taleyind\u0259n dan\u0131\u015fa bilm\u0259z: &#171;Az\u0259rbaycanl\u0131lar biz\u0259 qar\u015f\u0131 nifr\u0259tlidirl\u0259r. Bu s\u0259b\u0259bd\u0259n \u00f6z m\u00fcq\u0259dd\u0259rat\u0131n\u0131 t\u0259yinetm\u0259 m\u0259s\u0259l\u0259si yaln\u0131z burada ya\u015fayan erm\u0259nil\u0259r\u0259 aiddir. Rusiya s\u00fclhm\u0259raml\u0131lar\u0131 Arsax ordusu tam qurulana q\u0259d\u0259r Qaraba\u011fda qalmal\u0131d\u0131r. Bu, t\u0259hl\u00fck\u0259sizlik \u00fc\u00e7\u00fcn \u00f6n\u0259mlidir. Biz bu m\u0259qamda s\u0259hv ed\u0259 bilm\u0259rik, yoxsa bu, Arsax\u0131n sonu il\u0259 n\u0259tic\u0259l\u0259n\u0259 bil\u0259r\u201d.<\/p>\n\n\n\n<p>Nikol Pa\u015finyan \u00e7\u0131x\u0131\u015f\u0131nda bildirmi\u015fdi ki, \u0259g\u0259r Da\u011fl\u0131q Qaraba\u011f\u0131n statusu il\u0259 ba\u011fl\u0131 h\u0259r hans\u0131 q\u0259rar veril\u0259rs\u0259, o zaman yekun status Az\u0259rbaycan\u0131n konstitusiyas\u0131na uy\u011fun d\u0259qiql\u0259\u015fdirilm\u0259lidir.<\/p>\n","protected":false},"excerpt":{"rendered":"<p>&#171;Az\u0259rbaycanl\u0131larla birg\u0259ya\u015fay\u0131\u015fdan s\u00f6hb\u0259t ged\u0259 bilm\u0259z&#187;. Qondarma Artsax Respublikas\u0131n\u0131n prezidenti Arayik Arutyunyan Erm\u0259nistan\u0131n Ba\u015f Naziri Nikol Pa\u015finyan\u0131n Qaraba\u011fla ba\u011fl\u0131 s\u0259sl\u0259ndirdiyi fikirl\u0259rl\u0259 ba\u011fl\u0131 a\u00e7\u0131qlamas\u0131nda bel\u0259 deyib.<\/p>\n","protected":false},"author":2,"featured_media":57912,"comment_status":"closed","ping_status":"closed","sticky":false,"template":"","format":"standard","meta":{"footnotes":""},"categories":[4],"tags":[],"class_list":["post-57910","post","type-post","status-publish","format-standard","has-post-thumbnail","hentry","category-qarabag"],"aioseo_notices":[],"_links":{"self":[{"href":"https:\/\/fedai.az\/index.php?rest_route=\/wp\/v2\/posts\/57910","targetHints":{"allow":["GET"]}}],"collection":[{"href":"https:\/\/fedai.az\/index.php?rest_route=\/wp\/v2\/posts"}],"about":[{"href":"https:\/\/fedai.az\/index.php?rest_route=\/wp\/v2\/types\/post"}],"author":[{"embeddable":true,"href":"https:\/\/fedai.az\/index.php?rest_route=\/wp\/v2\/users\/2"}],"replies":[{"embeddable":true,"href":"https:\/\/fedai.az\/index.php?rest_route=%2Fwp%2Fv2%2Fcomments&post=57910"}],"version-history":[{"count":1,"href":"https:\/\/fedai.az\/index.php?rest_route=\/wp\/v2\/posts\/57910\/revisions"}],"predecessor-version":[{"id":57911,"href":"https:\/\/fedai.az\/index.php?rest_route=\/wp\/v2\/posts\/57910\/revisions\/57911"}],"wp:featuredmedia":[{"embeddable":true,"href":"https:\/\/fedai.az\/index.php?rest_route=\/wp\/v2\/media\/57912"}],"wp:attachment":[{"href":"https:\/\/fedai.az\/index.php?rest_route=%2Fwp%2Fv2%2Fmedia&parent=57910"}],"wp:term":[{"taxonomy":"category","embeddable":true,"href":"https:\/\/fedai.az\/index.php?rest_route=%2Fwp%2Fv2%2Fcategories&post=57910"},{"taxonomy":"post_tag","embeddable":true,"href":"https:\/\/fedai.az\/index.php?rest_route=%2Fwp%2Fv2%2Ftags&post=57910"}],"curies":[{"name":"wp","href":"https:\/\/api.w.org\/{rel}","templated":true}]}}