{"id":57914,"date":"2021-12-30T01:20:41","date_gmt":"2021-12-29T21:20:41","guid":{"rendered":"https:\/\/fedai.az\/?p=57914"},"modified":"2021-12-30T01:20:44","modified_gmt":"2021-12-29T21:20:44","slug":"ilham-%c9%99liyev-c%c9%99nubi-qafqazda-prosesl%c9%99rin-sahibi-pasinyan-is%c9%99-sud%c9%99m%c9%99rdir-tarasov","status":"publish","type":"post","link":"https:\/\/fedai.az\/?p=57914","title":{"rendered":"\u201c\u0130lham \u018fliyev C\u0259nubi Qafqazda prosesl\u0259rin sahibi, Pa\u015finyan is\u0259 s\u00fcd\u0259m\u0259rdir\u201d \u2013 Tarasov"},"content":{"rendered":"\n<p><strong>\u0130lham \u018fliyev C\u0259nubi Qafqazda prosesl\u0259rin sahibi, \u018frdo\u011fan, Putin v\u0259 AB m\u00fc\u015fahid\u0259\u00e7i, Pa\u015finyan is\u0259 s\u00fcd\u0259m\u0259rdir.<\/strong><\/p>\n\n\n\n<p>Bu fikirl\u0259ri erm\u0259ni m\u0259tbuat\u0131na m\u00fcsahib\u0259sind\u0259 rusiyal\u0131 politoloq Stanislav Tarasov bildirib.<\/p>\n\n\n\n<p>\u201cQaraba\u011f\u0131n b\u00fct\u00fcn \u0259razisi Az\u0259rbaycan\u0131n n\u0259zar\u0259tin\u0259 ke\u00e7\u0259c\u0259k v\u0259 Erm\u0259nistan he\u00e7 n\u0259 ed\u0259 bilm\u0259y\u0259c\u0259k. S\u00f6hb\u0259t Xank\u0259ndid\u0259n gedir. Bu \u0259razil\u0259r Erm\u0259nistandan tamamil\u0259 ayr\u0131lacaq v\u0259 Az\u0259rbaycan\u0131n n\u0259zar\u0259tin\u0259 ke\u00e7\u0259c\u0259k, Rusiyan\u0131n is\u0259 bu prossesl\u0259rd\u0259 m\u00fc\u015fahid\u0259 missiyas\u0131 olacaq. Bundan \u0259lav\u0259, \u0130r\u0259van \u201c1915-ci il soyq\u0131r\u0131m\u0131\u201d terminind\u0259n d\u0259 imtina etm\u0259li olacaq\u201d, \u2013 dey\u0259 o bildirib.<\/p>\n\n\n\n<p>Onun s\u00f6zl\u0259rin\u0259 g\u00f6r\u0259, Rusiya Erm\u0259nistana qar\u015f\u0131 \u00e7ox ehtiyatl\u0131 davran\u0131r:<\/p>\n\n\n\n<p>\u201c\u00c7\u00fcnki \u0130r\u0259van ikili oyun oynay\u0131r. Bir \u015fey ki, Erm\u0259nistanda rus dili \u00e7oxdan unudulub. Bir ild\u0259n sonra \u0130r\u0259vanda he\u00e7 ingilis dilind\u0259 d\u0259 yox, t\u00fcrk dilind\u0259 dan\u0131\u015facaqlar. Erm\u0259nil\u0259r pul qazanmaq \u00fc\u00e7\u00fcn t\u00fcrk dilini \u00f6yr\u0259nm\u0259y\u0259 m\u0259cbur olacaqlar\u201d, \u2013 dey\u0259 Tarasov vur\u011fulay\u0131b.<\/p>\n\n\n\n<p>M\u0259nb\u0259: Konkret<\/p>\n","protected":false},"excerpt":{"rendered":"<p>\u0130lham \u018fliyev C\u0259nubi Qafqazda prosesl\u0259rin sahibi, \u018frdo\u011fan, Putin v\u0259 AB m\u00fc\u015fahid\u0259\u00e7i, Pa\u015finyan is\u0259 s\u00fcd\u0259m\u0259rdir. Bu fikirl\u0259ri erm\u0259ni m\u0259tbuat\u0131na m\u00fcsahib\u0259sind\u0259 rusiyal\u0131 politoloq Stanislav Tarasov bildirib.<\/p>\n","protected":false},"author":2,"featured_media":57915,"comment_status":"closed","ping_status":"closed","sticky":false,"template":"","format":"standard","meta":{"footnotes":""},"categories":[1],"tags":[],"class_list":["post-57914","post","type-post","status-publish","format-standard","has-post-thumbnail","hentry","category-siyast"],"aioseo_notices":[],"_links":{"self":[{"href":"https:\/\/fedai.az\/index.php?rest_route=\/wp\/v2\/posts\/57914","targetHints":{"allow":["GET"]}}],"collection":[{"href":"https:\/\/fedai.az\/index.php?rest_route=\/wp\/v2\/posts"}],"about":[{"href":"https:\/\/fedai.az\/index.php?rest_route=\/wp\/v2\/types\/post"}],"author":[{"embeddable":true,"href":"https:\/\/fedai.az\/index.php?rest_route=\/wp\/v2\/users\/2"}],"replies":[{"embeddable":true,"href":"https:\/\/fedai.az\/index.php?rest_route=%2Fwp%2Fv2%2Fcomments&post=57914"}],"version-history":[{"count":1,"href":"https:\/\/fedai.az\/index.php?rest_route=\/wp\/v2\/posts\/57914\/revisions"}],"predecessor-version":[{"id":57916,"href":"https:\/\/fedai.az\/index.php?rest_route=\/wp\/v2\/posts\/57914\/revisions\/57916"}],"wp:featuredmedia":[{"embeddable":true,"href":"https:\/\/fedai.az\/index.php?rest_route=\/wp\/v2\/media\/57915"}],"wp:attachment":[{"href":"https:\/\/fedai.az\/index.php?rest_route=%2Fwp%2Fv2%2Fmedia&parent=57914"}],"wp:term":[{"taxonomy":"category","embeddable":true,"href":"https:\/\/fedai.az\/index.php?rest_route=%2Fwp%2Fv2%2Fcategories&post=57914"},{"taxonomy":"post_tag","embeddable":true,"href":"https:\/\/fedai.az\/index.php?rest_route=%2Fwp%2Fv2%2Ftags&post=57914"}],"curies":[{"name":"wp","href":"https:\/\/api.w.org\/{rel}","templated":true}]}}