{"id":58614,"date":"2022-01-05T00:41:11","date_gmt":"2022-01-04T20:41:11","guid":{"rendered":"https:\/\/fedai.az\/?p=58614"},"modified":"2022-01-05T00:42:25","modified_gmt":"2022-01-04T20:42:25","slug":"beyl%c9%99qan-v%c9%99-xocav%c9%99nd-veteranlari-%c9%99sg%c9%99rl%c9%99rl%c9%99-gorusubl%c9%99r","status":"publish","type":"post","link":"https:\/\/fedai.az\/?p=58614","title":{"rendered":"Beyl\u0259qan v\u0259 Xocav\u0259nd veteranlar\u0131 \u0259sg\u0259rl\u0259rl\u0259 g\u00f6r\u00fc\u015f\u00fcbl\u0259r"},"content":{"rendered":"\n<p><strong>Az\u0259rbaycan V\u0259t\u0259n M\u00fcharib\u0259si Veteranlar\u0131 \u0130ctimai Birliyi (AVMV\u0130B) Xocav\u0259nd v\u0259 Az\u0259rbaycan V\u0259t\u0259n M\u00fcharib\u0259si Veteranlar\u0131 \u0130ctimai Birliyi (AVMV\u0130B) Beyl\u0259qan rayon \u015f\u00f6b\u0259si veteranlar\u0131 N sayl\u0131 h\u0259rbi hiss\u0259d\u0259 D\u00fcnya Az\u0259rbaycanl\u0131lar\u0131n\u0131n H\u0259mr\u0259ylik G\u00fcn\u00fc v\u0259 Yeni il m\u00fcnasib\u0259til\u0259 t\u0259dbir ke\u00e7iribl\u0259r.<\/strong><\/p>\n\n\n\n<figure class=\"wp-block-image size-large\"><img loading=\"lazy\" decoding=\"async\" width=\"1024\" height=\"485\" src=\"https:\/\/fedai.az\/wp-content\/uploads\/2022\/01\/269614419_281524177203571_134871094707068056_n-1024x485.jpg\" alt=\"\" class=\"wp-image-58615\" srcset=\"https:\/\/fedai.az\/wp-content\/uploads\/2022\/01\/269614419_281524177203571_134871094707068056_n-1024x485.jpg 1024w, https:\/\/fedai.az\/wp-content\/uploads\/2022\/01\/269614419_281524177203571_134871094707068056_n-300x142.jpg 300w, https:\/\/fedai.az\/wp-content\/uploads\/2022\/01\/269614419_281524177203571_134871094707068056_n-150x71.jpg 150w, https:\/\/fedai.az\/wp-content\/uploads\/2022\/01\/269614419_281524177203571_134871094707068056_n-768x364.jpg 768w, https:\/\/fedai.az\/wp-content\/uploads\/2022\/01\/269614419_281524177203571_134871094707068056_n.jpg 1032w\" sizes=\"auto, (max-width: 1024px) 100vw, 1024px\" \/><\/figure>\n\n\n\n<p><br>Az\u0259rbaycan V\u0259t\u0259n M\u00fcharib\u0259si Veteranlar\u0131 \u0130ctimai Birliyi (AVMV\u0130B) s\u0259drinin s\u0259lahiyy\u0259tli n\u00fcmay\u0259nd\u0259si, Xocav\u0259nd rayon \u015f\u00f6b\u0259sinin s\u0259dri Akif H\u0259s\u0259nov v\u0259 Az\u0259rbaycan V\u0259t\u0259n M\u00fcharib\u0259si Veteranlar\u0131 \u0130ctimai Birliyi (AVMV\u0130B) Beyl\u0259qan rayon \u015f\u00f6b\u0259sinin s\u0259dri \u018fl\u00f6vs\u0259t M\u0259mm\u0259dovun r\u0259hb\u0259rliyi il\u0259 m\u00fcharib\u0259 veteranlar\u0131m\u0131z, ictimaiyy\u0259t n\u00fcmay\u0259nd\u0259l\u0259ri v\u0259 \u015f\u0259hid valideynl\u0259ri \u0259sg\u0259rl\u0259rimizl\u0259 g\u00f6r\u00fc\u015fd\u0259 yax\u0131ndan i\u015ftirak edibl\u0259r.<\/p>\n\n\n\n<figure class=\"wp-block-image size-large\"><img loading=\"lazy\" decoding=\"async\" width=\"1024\" height=\"485\" src=\"https:\/\/fedai.az\/wp-content\/uploads\/2022\/01\/269853876_648553513248591_5592586614826341566_n-1024x485.jpg\" alt=\"\" class=\"wp-image-58616\" srcset=\"https:\/\/fedai.az\/wp-content\/uploads\/2022\/01\/269853876_648553513248591_5592586614826341566_n-1024x485.jpg 1024w, https:\/\/fedai.az\/wp-content\/uploads\/2022\/01\/269853876_648553513248591_5592586614826341566_n-300x142.jpg 300w, https:\/\/fedai.az\/wp-content\/uploads\/2022\/01\/269853876_648553513248591_5592586614826341566_n-150x71.jpg 150w, https:\/\/fedai.az\/wp-content\/uploads\/2022\/01\/269853876_648553513248591_5592586614826341566_n-768x364.jpg 768w, https:\/\/fedai.az\/wp-content\/uploads\/2022\/01\/269853876_648553513248591_5592586614826341566_n.jpg 1032w\" sizes=\"auto, (max-width: 1024px) 100vw, 1024px\" \/><\/figure>\n\n\n\n<p><br>M\u00fcharib\u0259 veteranlar\u0131 \u0259sg\u0259rl\u0259rimizin v\u0259ziyy\u0259ti il\u0259 maraqlan\u0131blar. Az\u0259rbaycan V\u0259t\u0259n M\u00fcharib\u0259si Veteranlar\u0131 \u0130ctimai Birliyi (AVMV\u0130B) s\u0259drinin s\u0259lahiyy\u0259tli n\u00fcmay\u0259nd\u0259si, Xocav\u0259nd rayon \u015f\u00f6b\u0259sinin s\u0259dri Akif H\u0259s\u0259nov \u00e7\u0131x\u0131\u015f ed\u0259r\u0259k AVMV\u0130B R\u0259hb\u0259rliyinin t\u0259brikl\u0259rini \u00e7atd\u0131r\u0131b v\u0259 h\u0259rb\u00e7il\u0259rimiz\u0259 veteranlar ad\u0131ndan minn\u0259tdarl\u0131\u011f\u0131n\u0131 bildirib.<\/p>\n\n\n\n<p>Daha sonra bir qrup f\u0259al m\u00fcharib\u0259 veteran\u0131 F\u0259xri f\u0259rmanlarla t\u0259ltif edilibl\u0259r.<\/p>\n\n\n\n<p><strong>El\u00e7in Q\u0259dirov<br>Qaraba\u011f \u00fczr\u0259 m\u00fcxbir, Beyl\u0259qan<\/strong><\/p>\n\n\n\n<figure class=\"wp-block-image size-large\"><img loading=\"lazy\" decoding=\"async\" width=\"1024\" height=\"485\" src=\"https:\/\/fedai.az\/wp-content\/uploads\/2022\/01\/269748989_671463617362477_5870739840539667361_n-1024x485.jpg\" alt=\"\" class=\"wp-image-58617\" srcset=\"https:\/\/fedai.az\/wp-content\/uploads\/2022\/01\/269748989_671463617362477_5870739840539667361_n-1024x485.jpg 1024w, https:\/\/fedai.az\/wp-content\/uploads\/2022\/01\/269748989_671463617362477_5870739840539667361_n-300x142.jpg 300w, https:\/\/fedai.az\/wp-content\/uploads\/2022\/01\/269748989_671463617362477_5870739840539667361_n-150x71.jpg 150w, https:\/\/fedai.az\/wp-content\/uploads\/2022\/01\/269748989_671463617362477_5870739840539667361_n-768x364.jpg 768w, https:\/\/fedai.az\/wp-content\/uploads\/2022\/01\/269748989_671463617362477_5870739840539667361_n.jpg 1032w\" sizes=\"auto, (max-width: 1024px) 100vw, 1024px\" \/><\/figure>\n\n\n\n<figure class=\"wp-block-image size-large\"><img loading=\"lazy\" decoding=\"async\" width=\"1024\" height=\"485\" src=\"https:\/\/fedai.az\/wp-content\/uploads\/2022\/01\/270718714_501851071207437_7767379886011713928_n-1024x485.jpg\" alt=\"\" class=\"wp-image-58620\" srcset=\"https:\/\/fedai.az\/wp-content\/uploads\/2022\/01\/270718714_501851071207437_7767379886011713928_n-1024x485.jpg 1024w, https:\/\/fedai.az\/wp-content\/uploads\/2022\/01\/270718714_501851071207437_7767379886011713928_n-300x142.jpg 300w, https:\/\/fedai.az\/wp-content\/uploads\/2022\/01\/270718714_501851071207437_7767379886011713928_n-150x71.jpg 150w, https:\/\/fedai.az\/wp-content\/uploads\/2022\/01\/270718714_501851071207437_7767379886011713928_n-768x364.jpg 768w, https:\/\/fedai.az\/wp-content\/uploads\/2022\/01\/270718714_501851071207437_7767379886011713928_n.jpg 1032w\" sizes=\"auto, (max-width: 1024px) 100vw, 1024px\" \/><\/figure>\n","protected":false},"excerpt":{"rendered":"<p>Az\u0259rbaycan V\u0259t\u0259n M\u00fcharib\u0259si Veteranlar\u0131 \u0130ctimai Birliyi (AVMV\u0130B) Xocav\u0259nd v\u0259 Az\u0259rbaycan V\u0259t\u0259n M\u00fcharib\u0259si Veteranlar\u0131 \u0130ctimai Birliyi (AVMV\u0130B) Beyl\u0259qan rayon \u015f\u00f6b\u0259si veteranlar\u0131 N sayl\u0131 h\u0259rbi hiss\u0259d\u0259<\/p>\n","protected":false},"author":2,"featured_media":58618,"comment_status":"closed","ping_status":"closed","sticky":false,"template":"","format":"standard","meta":{"footnotes":""},"categories":[5],"tags":[],"class_list":["post-58614","post","type-post","status-publish","format-standard","has-post-thumbnail","hentry","category-veteran"],"aioseo_notices":[],"_links":{"self":[{"href":"https:\/\/fedai.az\/index.php?rest_route=\/wp\/v2\/posts\/58614","targetHints":{"allow":["GET"]}}],"collection":[{"href":"https:\/\/fedai.az\/index.php?rest_route=\/wp\/v2\/posts"}],"about":[{"href":"https:\/\/fedai.az\/index.php?rest_route=\/wp\/v2\/types\/post"}],"author":[{"embeddable":true,"href":"https:\/\/fedai.az\/index.php?rest_route=\/wp\/v2\/users\/2"}],"replies":[{"embeddable":true,"href":"https:\/\/fedai.az\/index.php?rest_route=%2Fwp%2Fv2%2Fcomments&post=58614"}],"version-history":[{"count":2,"href":"https:\/\/fedai.az\/index.php?rest_route=\/wp\/v2\/posts\/58614\/revisions"}],"predecessor-version":[{"id":58621,"href":"https:\/\/fedai.az\/index.php?rest_route=\/wp\/v2\/posts\/58614\/revisions\/58621"}],"wp:featuredmedia":[{"embeddable":true,"href":"https:\/\/fedai.az\/index.php?rest_route=\/wp\/v2\/media\/58618"}],"wp:attachment":[{"href":"https:\/\/fedai.az\/index.php?rest_route=%2Fwp%2Fv2%2Fmedia&parent=58614"}],"wp:term":[{"taxonomy":"category","embeddable":true,"href":"https:\/\/fedai.az\/index.php?rest_route=%2Fwp%2Fv2%2Fcategories&post=58614"},{"taxonomy":"post_tag","embeddable":true,"href":"https:\/\/fedai.az\/index.php?rest_route=%2Fwp%2Fv2%2Ftags&post=58614"}],"curies":[{"name":"wp","href":"https:\/\/api.w.org\/{rel}","templated":true}]}}