{"id":58622,"date":"2022-01-05T00:48:36","date_gmt":"2022-01-04T20:48:36","guid":{"rendered":"https:\/\/fedai.az\/?p=58622"},"modified":"2022-01-05T00:48:39","modified_gmt":"2022-01-04T20:48:39","slug":"adil-%c9%99liyev-hec-kim-dusduyu-v%c9%99ziyy%c9%99td%c9%99n-incim%c9%99sin-sizd%c9%99n-qat-qat-agir-v%c9%99ziyy%c9%99td%c9%99-olanlar-var","status":"publish","type":"post","link":"https:\/\/fedai.az\/?p=58622","title":{"rendered":"Adil \u018fliyev: &#171;He\u00e7 kim d\u00fc\u015fd\u00fcy\u00fc v\u0259ziyy\u0259td\u0259n incim\u0259sin, sizd\u0259n qat-qat a\u011f\u0131r v\u0259ziyy\u0259td\u0259 olanlar var&#187;"},"content":{"rendered":"\n<p><strong>\u201cBu g\u00fcn h\u0259r k\u0259s Az\u0259rbaycan d\u00f6vl\u0259tinin yan\u0131nda olmal\u0131d\u0131r. Biz bir olmal\u0131 v\u0259 d\u00f6vl\u0259tin siyas\u0259tini d\u0259st\u0259kl\u0259m\u0259liyik. V\u0259t\u0259n m\u00fcharib\u0259sind\u0259ki Z\u0259f\u0259rimiz d\u00f6vl\u0259tin siyas\u0259tini d\u0259st\u0259kl\u0259y\u0259nl\u0259rin haql\u0131 yolda olduqlar\u0131n\u0131 s\u00fcbut etdi. D\u00f6vl\u0259tin siyas\u0259tini d\u0259st\u0259kl\u0259y\u0259nl\u0259r haql\u0131 \u00e7\u0131xd\u0131lar. \u201cAy bir k\u0259ndi qaytara bils\u0259l\u0259r, bel\u0259 ed\u0259c\u0259m&#8230;\u201d kimi s\u00f6zl\u0259r deyib d\u00f6vl\u0259tin siyas\u0259tin\u0259 inanmayanlar\u0131n, sap\u0131 \u00f6z\u00fcm\u00fczd\u0259n olan baltalar\u0131n fikirl\u0259ri is\u0259 h\u0259qiq\u0259ti \u0259ks etdirmirdi\u201d.<\/strong><\/p>\n\n\n\n<p><br>Bu s\u00f6zl\u0259ri Milli M\u0259clisin s\u0259dr m\u00fcavini Adil \u018fliyev deyib.<br><br>Deputat bildirib ki, m\u00fcharib\u0259y\u0259 ged\u0259n insan v\u0259t\u0259np\u0259rv\u0259r olmaya bilm\u0259z: \u201cBir xalq\u0131n \u00f6vlad\u0131 \u015f\u0259hidliyi, \u015f\u0259had\u0259ti ali tutur v\u0259 m\u00fcq\u0259dd\u0259s hesab edirs\u0259, h\u0259min xalq gec ya tez q\u0259l\u0259b\u0259 qazanmal\u0131d\u0131r. Sad\u0259c\u0259, zamana ehtiyac var idi. &#171;H\u0259min zaman n\u0259 vaxt g\u0259l\u0259c\u0259k?&#187; dey\u0259 soru\u015fanlar da az deyildi. \u015e\u00fck\u00fcrl\u0259r olsun ki, zaman yeti\u015fdi. Az\u0259rbaycan d\u00f6vl\u0259ti v\u0259 xalq\u0131m\u0131z q\u0259l\u0259b\u0259 qazanmaq \u00fc\u00e7\u00fcn h\u0259r \u015fey etdi. Qazil\u0259r canl\u0131 \u015f\u0259hidl\u0259rimizdir. \u0130ki \u00f6vlad\u0131n\u0131 \u015f\u0259hid ver\u0259n, g\u00f6z\u00fcn\u00fcn qar\u015f\u0131s\u0131nda yaral\u0131 \u00f6vlad\u0131n\u0131 g\u00f6r\u0259n anan\u0131n v\u0259ziyy\u0259tini bilm\u0259y\u0259n, d\u0259rk etm\u0259y\u0259n insan he\u00e7 vaxt q\u0259l\u0259b\u0259nin dad\u0131n\u0131 bilm\u0259z. Onlar \u00fc\u00e7\u00fcn ancaq g\u00fcnd\u0259m maraql\u0131d\u0131r. Lakin unutmaq olmaz ki, d\u00fcnya mal\u0131 d\u00fcnyada qalacaq. Kimin g\u00fcc\u00fc n\u0259y\u0259 \u00e7at\u0131rsa, onu ed\u0259 bil\u0259r, \u00e7\u00fcnki b\u00f6l\u00fc\u015fm\u0259k g\u00f6z\u0259l \u015feydir. He\u00e7 kim d\u00fc\u015fd\u00fcy\u00fc v\u0259ziyy\u0259td\u0259n incim\u0259sin. H\u0259r birimizd\u0259n qat-qat a\u011f\u0131r v\u0259ziyy\u0259td\u0259 olan insanlar var. H\u0259mi\u015f\u0259 arxan\u0131zca g\u0259l\u0259nl\u0259r\u0259 bax\u0131b, Allaha \u015f\u00fck\u00fcr edin. \u015e\u00fck\u00fcr ed\u0259nl\u0259r h\u0259r zaman qalib g\u0259l\u0259c\u0259kl\u0259r. Nec\u0259 ki, biz 30 il \u015f\u00fck\u00fcr ed\u0259r\u0259k g\u00f6zl\u0259dik v\u0259 qalib g\u0259ldik. M\u0259n V\u0259t\u0259nin\u0259, d\u00f6vl\u0259tin\u0259 ba\u011fl\u0131 olanlarla q\u00fcrur duyuram, onlar\u0131n qar\u015f\u0131s\u0131nda ba\u015f \u0259yir\u0259m. C\u0259nab Prezident \u0130lham \u018fliyevin h\u0259r bir \u0259mrini yerin\u0259 yetirm\u0259y\u0259 haz\u0131ram v\u0259 onun \u0259sg\u0259riy\u0259m. M\u00fcharib\u0259 d\u00f6vr\u00fcnd\u0259 d\u0259 iki d\u0259f\u0259 i\u015ftirak \u00fc\u00e7\u00fcn m\u00fcraci\u0259t etmi\u015f\u0259m\u201d.<br><br><br>A.\u018fliyev, h\u0259m\u00e7inin qeyd edib ki, \u0259ks\u0259riyy\u0259t deputatlar\u0131n sehrli \u00e7ubu\u011f oldu\u011funu v\u0259 onu hara vursalar, qap\u0131lar\u0131n a\u00e7\u0131laca\u011f\u0131n\u0131 hesab edirl\u0259r: \u201cMill\u0259t v\u0259kill\u0259rinin yaln\u0131z m\u00fc\u0259yy\u0259n \u00e7\u0259r\u00e7iv\u0259 daxilind\u0259 s\u0259lahiyy\u0259tl\u0259ri var. Deputatlar\u0131n h\u0259r biri \u00f6vlad\u0131n\u0131 \u015f\u0259hid vermi\u015f valideynl\u0259rin yan\u0131ndad\u0131rlar. G\u00f6rm\u0259m\u0259k, ba\u015fqa don geyindirm\u0259k olmaz. Bunu dey\u0259nl\u0259r \u00f6zl\u0259ri he\u00e7 kimin qap\u0131s\u0131n\u0131 d\u00f6ym\u00fcrl\u0259r. M\u0259n demir\u0259m ki, h\u0259r k\u0259sin imkan\u0131 olmal\u0131d\u0131r v\u0259 h\u0259r k\u0259s bazarl\u0131q edib getm\u0259lidir. Amma h\u0259r k\u0259s \u015f\u0259hid ail\u0259l\u0259rin\u0259 d\u0259st\u0259k ola bil\u0259r. Bu, maddiyyata ba\u011fl\u0131 olan m\u0259s\u0259l\u0259 deyil, V\u0259t\u0259n\u0259, mill\u0259t\u0259 ba\u011fl\u0131l\u0131qla \u0259laq\u0259lidir. Bu da bizim xalq\u0131m\u0131z\u0131n \u0259ks\u0259riyy\u0259tind\u0259 var. <\/p>\n\n\n\n<p>K\u00f6m\u0259k ed\u0259nl\u0259r\u0259 nalayiq s\u00f6zl\u0259r dey\u0259nl\u0259r, \u015f\u0259r atanlar bizd\u0259n ola bilm\u0259zl\u0259r. Biz \u015f\u0259hid ail\u0259l\u0259rin\u0259, onlar\u0131n analar\u0131na qiym\u0259t verm\u0259liyik ki, g\u0259nc n\u0259sil bax\u0131b ibr\u0259t g\u00f6t\u00fcrs\u00fcn. Ba\u015fa d\u00fc\u015fs\u00fcnl\u0259r ki, \u015f\u0259hid anas\u0131na qiym\u0259t verilir v\u0259 \u0259g\u0259r n\u0259 vaxtsa o da \u015f\u0259hid olarsa, onun da anas\u0131na qiym\u0259t veril\u0259c\u0259k, ail\u0259sin\u0259 ba\u015f \u00e7\u0259kil\u0259c\u0259k. Yoxsa, ana bir \u00f6vlad b\u00f6y\u00fcts\u00fcn, o da ya \u015f\u0259hid olsun, ya da sa\u011flaml\u0131\u011f\u0131n\u0131 itirsin&#8230; B\u0259s bel\u0259 olan halda, \u0259g\u0259r biz &#8212; xalq\u0131m\u0131z h\u0259min \u015f\u0259hid anas\u0131n\u0131n yan\u0131nda olmazsa, ona kim baxacaq? Bu c\u00fcr davrananlar hans\u0131 v\u0259t\u0259nda\u015fl\u0131qdan, hans\u0131 m\u00f6vqed\u0259n dan\u0131\u015fa bil\u0259rl\u0259r?! Onlar ham\u0131m\u0131z\u0131n h\u0259yat\u0131n\u0131, namusunu, qeyr\u0259tini qoruyanda qazi v\u0259 \u015f\u0259hid olublar\u201d.<\/p>\n","protected":false},"excerpt":{"rendered":"<p>\u201cBu g\u00fcn h\u0259r k\u0259s Az\u0259rbaycan d\u00f6vl\u0259tinin yan\u0131nda olmal\u0131d\u0131r. Biz bir olmal\u0131 v\u0259 d\u00f6vl\u0259tin siyas\u0259tini d\u0259st\u0259kl\u0259m\u0259liyik. V\u0259t\u0259n m\u00fcharib\u0259sind\u0259ki Z\u0259f\u0259rimiz d\u00f6vl\u0259tin siyas\u0259tini d\u0259st\u0259kl\u0259y\u0259nl\u0259rin haql\u0131 yolda olduqlar\u0131n\u0131<\/p>\n","protected":false},"author":2,"featured_media":58623,"comment_status":"closed","ping_status":"closed","sticky":false,"template":"","format":"standard","meta":{"footnotes":""},"categories":[12],"tags":[],"class_list":["post-58622","post","type-post","status-publish","format-standard","has-post-thumbnail","hentry","category-sosial"],"aioseo_notices":[],"_links":{"self":[{"href":"https:\/\/fedai.az\/index.php?rest_route=\/wp\/v2\/posts\/58622","targetHints":{"allow":["GET"]}}],"collection":[{"href":"https:\/\/fedai.az\/index.php?rest_route=\/wp\/v2\/posts"}],"about":[{"href":"https:\/\/fedai.az\/index.php?rest_route=\/wp\/v2\/types\/post"}],"author":[{"embeddable":true,"href":"https:\/\/fedai.az\/index.php?rest_route=\/wp\/v2\/users\/2"}],"replies":[{"embeddable":true,"href":"https:\/\/fedai.az\/index.php?rest_route=%2Fwp%2Fv2%2Fcomments&post=58622"}],"version-history":[{"count":1,"href":"https:\/\/fedai.az\/index.php?rest_route=\/wp\/v2\/posts\/58622\/revisions"}],"predecessor-version":[{"id":58624,"href":"https:\/\/fedai.az\/index.php?rest_route=\/wp\/v2\/posts\/58622\/revisions\/58624"}],"wp:featuredmedia":[{"embeddable":true,"href":"https:\/\/fedai.az\/index.php?rest_route=\/wp\/v2\/media\/58623"}],"wp:attachment":[{"href":"https:\/\/fedai.az\/index.php?rest_route=%2Fwp%2Fv2%2Fmedia&parent=58622"}],"wp:term":[{"taxonomy":"category","embeddable":true,"href":"https:\/\/fedai.az\/index.php?rest_route=%2Fwp%2Fv2%2Fcategories&post=58622"},{"taxonomy":"post_tag","embeddable":true,"href":"https:\/\/fedai.az\/index.php?rest_route=%2Fwp%2Fv2%2Ftags&post=58622"}],"curies":[{"name":"wp","href":"https:\/\/api.w.org\/{rel}","templated":true}]}}