{"id":58643,"date":"2022-01-05T02:02:19","date_gmt":"2022-01-04T22:02:19","guid":{"rendered":"https:\/\/fedai.az\/?p=58643"},"modified":"2022-01-05T02:09:16","modified_gmt":"2022-01-04T22:09:16","slug":"t%c9%99brik-rzaquliyev-fuzuli-%c9%99d%c9%99b-oglu-61","status":"publish","type":"post","link":"https:\/\/fedai.az\/?p=58643","title":{"rendered":"T\u018fBR\u0130K: RZAQUL\u0130YEV F\u00dcZUL\u0130 \u018fD\u018fB O\u011eLU &#8212; 61"},"content":{"rendered":"\n<p><strong>&nbsp;&nbsp;&nbsp;&nbsp; <span class=\"has-inline-color has-vivid-red-color\">\u0130nsan \u00fcc\u00fcn \u0259n yadda qalan g\u00fcnl\u0259rin ba\u015fl\u0131cas\u0131 onun h\u0259yata g\u0259ldiyi g\u00fcnd\u00fcr. \u00d6mr\u0259 b\u0259z\u0259k olan ad g\u00fcn\u00fc h\u0259r il x\u00fcsusi il\u0259 qeyd olunur. 5 yanvar Az\u0259rbaycan V\u0259t\u0259n M\u00fcharib\u0259si Veteranlar\u0131 \u0130ctimai Birliyinin s\u0259dri&nbsp; Rzaquliyev F\u00fczuli \u018fd\u0259b o\u011flunun d\u00fcnyaya g\u00f6z a\u00e7d\u0131\u011f\u0131&nbsp; g\u00fcnd\u00fcr. Bu g\u00fcn m\u00fcnasib\u0259til\u0259 AVMV\u0130B R\u0259hb\u0259rliyi (\u0130dar\u0259 hey\u0259ti), F\u0259dai.az v\u0259 Veteran.az kollektivi v\u0259 Az\u0259rbaycan V\u0259t\u0259n M\u00fcharib\u0259si Veteranlar\u0131 \u0130ctimai Birliyinin s\u0259dr m\u00fcavini polkovnik Salman Musayev F\u00fczuli m\u00fc\u0259llimi do\u011fum g\u00fcn\u00fc m\u00fcnasib\u0259til\u0259 s\u0259mimi q\u0259lbd\u0259n t\u0259brik edir, ona h\u0259yatda insan \u00fc\u00e7\u00fcn \u0259n \u015firin nem\u0259t olan m\u00f6hk\u0259m&nbsp; can sa\u011fl\u0131\u011f\u0131, ail\u0259 s\u0259ad\u0259ti v\u0259 h\u0259yat yollar\u0131nda bitib &#8212; t\u00fck\u0259nm\u0259y\u0259n naliy\u0259tl\u0259r arzulay\u0131r.<\/span><\/strong><\/p>\n\n\n\n<p><strong>&nbsp;&nbsp;&nbsp; Qoy ya\u015f\u0131n\u0131n \u00fcst\u0259 g\u0259l\u0259n bu ya\u015f ona sevinc dolu g\u00fcnl\u0259r b\u0259x\u015f etsin v\u0259 h\u0259r yeni g\u00fcn\u00fc is\u0259 \u00f6t\u0259n g\u00fcnl\u0259rd\u0259n daha g\u00f6z\u0259l ist\u0259kl\u0259rin\u0259 uy\u011fun onu xo\u015fb\u0259xt ed\u0259c\u0259k \u015f\u0259kild\u0259 ke\u00e7sin. Amin!<\/strong><\/p>\n\n\n\n<p>&nbsp;&nbsp;&nbsp;&nbsp; <strong>2-ci qrup m\u00fcharib\u0259 \u0259lili Rzaquliyev F\u00fczuli \u018fd\u0259b o\u011flu&nbsp; 5 yanvar&nbsp; 1961-ci ild\u0259&nbsp; A\u011fd\u0259r\u0259 rayonunun Xat\u0131nb\u0259yli k\u0259ndind\u0259 anadan olub.<\/strong><\/p>\n\n\n\n<figure class=\"wp-block-gallery columns-2 is-cropped wp-block-gallery-1 is-layout-flex wp-block-gallery-is-layout-flex\"><ul class=\"blocks-gallery-grid\"><li class=\"blocks-gallery-item\"><figure><img loading=\"lazy\" decoding=\"async\" width=\"300\" height=\"430\" src=\"https:\/\/fedai.az\/wp-content\/uploads\/2022\/01\/zAc9A1.png\" alt=\"\" data-id=\"58644\" data-link=\"https:\/\/fedai.az\/?attachment_id=58644\" class=\"wp-image-58644\" srcset=\"https:\/\/fedai.az\/wp-content\/uploads\/2022\/01\/zAc9A1.png 300w, https:\/\/fedai.az\/wp-content\/uploads\/2022\/01\/zAc9A1-209x300.png 209w, https:\/\/fedai.az\/wp-content\/uploads\/2022\/01\/zAc9A1-105x150.png 105w\" sizes=\"auto, (max-width: 300px) 100vw, 300px\" \/><\/figure><\/li><li class=\"blocks-gallery-item\"><figure><img decoding=\"async\" src=\"https:\/\/fedai.az\/wp-content\/uploads\/2022\/01\/IMG-20201017-WA0010-576x1024-1.jpg\" alt=\"\" data-id=\"58645\" data-full-url=\"https:\/\/fedai.az\/wp-content\/uploads\/2022\/01\/IMG-20201017-WA0010-576x1024-1.jpg\" data-link=\"https:\/\/fedai.az\/?attachment_id=58645\" class=\"wp-image-58645\"\/><\/figure><\/li><\/ul><\/figure>\n\n\n\n<p>&nbsp;&nbsp;&nbsp;&nbsp;&nbsp; O, 1976-ci ild\u0259 A\u011fd\u0259r\u0259 rayonunun Xatunb\u0259yli k\u0259ndind\u0259 s\u0259kkiznici&nbsp;sinifi, 1978-ci ild\u0259 A\u011fd\u0259r\u0259 rayonunun Manikli k\u0259nd orta m\u0259kt\u0259bini, 1986-c\u0131 ild\u0259 is\u0259 Az\u0259rbaycan D\u00f6vl\u0259t Pedoqoji&nbsp; \u0130nstitutunun H\u0259rbi Haz\u0131rl\u0131q v\u0259 B\u0259d\u0259n T\u0259rbiy\u0259si fakult\u0259sini bitirib.<\/p>\n\n\n\n<p>&nbsp;&nbsp;&nbsp;&nbsp; F\u00fczuli Rzaquliyev 1980-1982-c\u0131 ill\u0259rd\u0259 Sovet ordusunda m\u00fcddd\u0259tli h\u0259qiqi h\u0259rbi xidm\u0259td\u0259 olub.<\/p>\n\n\n\n<p>&nbsp;&nbsp;&nbsp; O, 1986 -1989- cu ill\u0259rd\u0259&nbsp; Qaraba\u011fda&nbsp; h\u0259rbi (r\u0259hb\u0259r) m\u00fc\u0259llim, 1989-1991-&nbsp; c\u0131 il\u0259rd\u0259 is\u0259&nbsp; Bak\u0131 Kommersiya Texnikomunda&nbsp; m\u00fc\u0259llim i\u015fl\u0259yib. Milli Ordunun yaranmas\u0131nda i\u015ftirak etmi\u015f az sayl\u0131 zabitl\u0259rimizd\u0259ndi. 1991-1994-c\u00fc ill\u0259rd\u0259 Az\u0259rbaycan Ordusunun d\u00f6y\u00fc\u015f b\u00f6lg\u0259l\u0259rind\u0259 yerl\u0259\u015f\u0259n N sayl\u0131 h\u0259rbi hiss\u0259d\u0259&nbsp;tabor komandirinin birinci m\u00fcavini &#8212; q\u0259rargah r\u0259si v\u0259zif\u0259sind\u0259 V\u0259t\u0259n\u0259, D\u00f6vl\u0259t\u0259 v\u0259 Xalqa s\u0259daq\u0259tl\u0259 xidm\u0259t etmi\u015fdir. O, Az\u0259rbaycan Respublikas\u0131n\u0131n \u018frazi b\u00fct\u00f6vl\u00fcy\u00fc u\u011frunda ged\u0259n d\u00f6y\u00fc\u015fl\u0259rd\u0259 ona v\u0259 tabora&nbsp; h\u0259val\u0259 edilmi\u015f&nbsp; v\u0259zif\u0259 v\u0259 tap\u015f\u0131r\u0131qlar\u0131n \u00f6hd\u0259sind\u0259n layiqinc\u0259&nbsp; g\u0259lmi\u015fdir. Bundan \u0259lav\u0259 F\u00fczuli Rzaquliyev&nbsp;Az\u0259rbaycan\u0131n \u0259razi b\u00fct\u00f6vl\u00fcy\u00fc u\u011frunda ged\u0259n&nbsp;&nbsp; d\u00f6y\u00fc\u015fl\u0259rd\u0259 a\u011f\u0131r yaralanm\u0131\u015fd\u0131r.<\/p>\n\n\n\n<figure class=\"wp-block-gallery columns-2 is-cropped wp-block-gallery-2 is-layout-flex wp-block-gallery-is-layout-flex\"><ul class=\"blocks-gallery-grid\"><li class=\"blocks-gallery-item\"><figure><img loading=\"lazy\" decoding=\"async\" width=\"467\" height=\"350\" src=\"https:\/\/fedai.az\/wp-content\/uploads\/2022\/01\/Lb7vdo.png\" alt=\"\" data-id=\"58647\" data-link=\"https:\/\/fedai.az\/?attachment_id=58647\" class=\"wp-image-58647\" srcset=\"https:\/\/fedai.az\/wp-content\/uploads\/2022\/01\/Lb7vdo.png 467w, https:\/\/fedai.az\/wp-content\/uploads\/2022\/01\/Lb7vdo-300x225.png 300w, https:\/\/fedai.az\/wp-content\/uploads\/2022\/01\/Lb7vdo-150x112.png 150w\" sizes=\"auto, (max-width: 467px) 100vw, 467px\" \/><\/figure><\/li><li class=\"blocks-gallery-item\"><figure><img loading=\"lazy\" decoding=\"async\" width=\"526\" height=\"913\" src=\"https:\/\/fedai.az\/wp-content\/uploads\/2022\/01\/y4.jpg\" alt=\"\" data-id=\"58664\" data-full-url=\"https:\/\/fedai.az\/wp-content\/uploads\/2022\/01\/y4.jpg\" data-link=\"https:\/\/fedai.az\/?attachment_id=58664\" class=\"wp-image-58664\" srcset=\"https:\/\/fedai.az\/wp-content\/uploads\/2022\/01\/y4.jpg 526w, https:\/\/fedai.az\/wp-content\/uploads\/2022\/01\/y4-173x300.jpg 173w, https:\/\/fedai.az\/wp-content\/uploads\/2022\/01\/y4-86x150.jpg 86w\" sizes=\"auto, (max-width: 526px) 100vw, 526px\" \/><\/figure><\/li><\/ul><\/figure>\n\n\n\n<p>&nbsp;&nbsp;&nbsp;&nbsp;&nbsp; O, d\u00f6y\u00fc\u015fd\u0259 a\u011f\u0131r yaralansa da son at\u0259\u015fk\u0259s g\u00fcn\u0259 q\u0259d\u0259r Ordu s\u0131ralar\u0131n\u0131 t\u0259rk etm\u0259mi\u015fdir. Erk\u0259\u015f, M\u0259n\u0259\u015f, Buzluq, daha sonra Da\u015falt\u0131 ya\u015fay\u0131\u015f m\u0259nt\u0259q\u0259l\u0259ri,&nbsp; \u015eu\u015fa,&nbsp; K\u0259lb\u0259c\u0259r, La\u00e7\u0131n, A\u011fd\u0259r\u0259 rayonlar\u0131 istiqam\u0259tind\u0259&nbsp; g\u0259d\u0259n d\u00f6y\u00fc\u015fl\u0259rd\u0259 \u00f6z\u00fcn\u00fc&nbsp; bacar\u0131ql\u0131&nbsp; bir komandir kimi g\u00f6st\u0259rmi\u015fdir. G\u00f6st\u0259rdiyi \u00e7ox sayl\u0131 \u015f\u00fcca\u0259tl\u0259r\u0259 g\u00f6r\u0259 F\u00fczuli Rzaquliyev\u0259&nbsp;&nbsp; d\u00f6y\u00fc\u015f dostlar\u0131&nbsp; &#171;Koro\u011flu&#187;&nbsp;&nbsp; l\u0259q\u0259bi&nbsp; vermi\u015fdil\u0259r.<\/p>\n\n\n\n<p>&nbsp;&nbsp;&nbsp;&nbsp; O, Az\u0259rbaycan Ordusunudan t\u0259rxis edildikd\u0259n sonra&nbsp; Az\u0259rbaycan V\u0259t\u0259n M\u00fcharib\u0259si Veteranlar\u0131 \u0130ctimai Birliyinin yarad\u0131c\u0131lar\u0131ndan biri kimi Birliyin r\u0259hb\u0259rliyind\u0259 t\u0259msil olunmu\u015f, i\u015fl\u0259diyi&nbsp;m\u00fcdd\u0259td\u0259 Az\u0259rbaycan Respublikas\u0131n\u0131n Konstitusiyas\u0131na v\u0259 qanunlar\u0131na \u0259m\u0259l etm\u0259kd\u0259&nbsp; m\u00fcvafiq Nizamnam\u0259l\u0259rin, t\u0259limatlar\u0131n,&nbsp; \u0259sasnam\u0259&nbsp; v\u0259 \u0259mrl\u0259rin&nbsp; yerin\u0259 yetirilm\u0259sin\u0259 m\u0259suliyy\u0259tl\u0259 yana\u015f\u0131d\u0131\u011fna g\u00f6r\u0259 bir \u00e7ox medallarla, d\u00f6\u015f ni\u015fanlar\u0131 il\u0259, f\u0259xri f\u0259rmanlarla t\u0259ltif edilib v\u0259 ona t\u0259\u015f\u0259kk\u00fcr elan edilib.<\/p>\n\n\n\n<figure class=\"wp-block-gallery columns-2 is-cropped wp-block-gallery-3 is-layout-flex wp-block-gallery-is-layout-flex\"><ul class=\"blocks-gallery-grid\"><li class=\"blocks-gallery-item\"><figure><img loading=\"lazy\" decoding=\"async\" width=\"194\" height=\"259\" src=\"https:\/\/fedai.az\/wp-content\/uploads\/2022\/01\/G9QZpr.png\" alt=\"\" data-id=\"58648\" data-link=\"https:\/\/fedai.az\/?attachment_id=58648\" class=\"wp-image-58648\" srcset=\"https:\/\/fedai.az\/wp-content\/uploads\/2022\/01\/G9QZpr.png 194w, https:\/\/fedai.az\/wp-content\/uploads\/2022\/01\/G9QZpr-112x150.png 112w\" sizes=\"auto, (max-width: 194px) 100vw, 194px\" \/><\/figure><\/li><li class=\"blocks-gallery-item\"><figure><img loading=\"lazy\" decoding=\"async\" width=\"587\" height=\"730\" src=\"https:\/\/fedai.az\/wp-content\/uploads\/2022\/01\/fzl-1.jpg\" alt=\"\" data-id=\"58649\" data-full-url=\"https:\/\/fedai.az\/wp-content\/uploads\/2022\/01\/fzl-1.jpg\" data-link=\"https:\/\/fedai.az\/?attachment_id=58649\" class=\"wp-image-58649\" srcset=\"https:\/\/fedai.az\/wp-content\/uploads\/2022\/01\/fzl-1.jpg 587w, https:\/\/fedai.az\/wp-content\/uploads\/2022\/01\/fzl-1-241x300.jpg 241w, https:\/\/fedai.az\/wp-content\/uploads\/2022\/01\/fzl-1-121x150.jpg 121w\" sizes=\"auto, (max-width: 587px) 100vw, 587px\" \/><\/figure><\/li><\/ul><\/figure>\n\n\n\n<p>&nbsp;&nbsp;&nbsp;&nbsp; F\u00fczuli Rzaquliyev do\u011fuldu\u011fu v\u0259 ya\u015fad\u0131\u011f\u0131 k\u0259ndin, 1-ci v\u0259 2-ci V\u0259t\u0259n m\u00fcharib\u0259sind\u0259 i\u015ftirak etmi\u015f&nbsp; d\u00f6y\u00fc\u015fc\u00fcl\u0259rin,&nbsp; xeyir v\u0259 \u015f\u0259rind\u0259 yax\u0131ndan i\u015ftirak ed\u0259n bir ziyal\u0131d\u0131r. O, ictimaiyy\u0259t, dost-tan\u0131\u015f&nbsp; aras\u0131nda, i\u015fl\u0259diyi v\u0259 xidm\u0259t etdiyi kollektivd\u0259 b\u00f6y\u00fck h\u00f6rm\u0259t&nbsp; qazanm\u0131\u015fd\u0131r. Dostluqda m\u00f6hk\u0259m v\u0259 sadiq insand\u0131r. Onunla dostluq ed\u0259n h\u0259r bir \u015f\u0259xs ondan naraz\u0131 qalmay\u0131b. F\u00fczuli m\u00fc\u0259lim qohum v\u0259 dostcanl\u0131 bir \u015f\u0259xsdir. O ham\u0131 il\u0259 maraqlan\u0131r, onlar\u0131n probleml\u0259rinin h\u0259llind\u0259 onlara k\u00f6m\u0259klik etm\u0259y\u0259 \u00e7al\u0131\u015f\u0131r. Qohum-\u0259qraba, dost -tan\u0131\u015f, m\u00fcharib\u0259 i\u015ftirak\u00e7\u0131lar\u0131 aras\u0131nda b\u00f6y\u00fck h\u00f6rm\u0259ti var. Onlar\u0131n xeyir v\u0259 \u015f\u0259r i\u015fl\u0259rind\u0259 yax\u0131ndan i\u015ftirak ed\u0259r\u0259k \u00f6z m\u0259sl\u0259h\u0259tl\u0259rini verir. M\u0259hz bu x\u00fcsusiyy\u0259t\u0259 g\u00f6r\u0259 h\u0259r k\u0259s,&nbsp; m\u00fcharib\u0259 g\u00f6rm\u00fc\u015f d\u00f6y\u00fc\u015f\u00e7\u00fcl\u0259r, \u015f\u0259hid ail\u0259l\u0259ri&nbsp; onu \u00e7ox sevirl\u0259r v\u0259 ona d\u0259rin r\u0259\u011fb\u0259tl\u0259 yana\u015f\u0131rlar.<\/p>\n\n\n\n<figure class=\"wp-block-image size-large\"><img loading=\"lazy\" decoding=\"async\" width=\"960\" height=\"720\" src=\"https:\/\/fedai.az\/wp-content\/uploads\/2022\/01\/118058912_302776351013800_6125418241190355343_n-1.jpg\" alt=\"\" class=\"wp-image-58646\" srcset=\"https:\/\/fedai.az\/wp-content\/uploads\/2022\/01\/118058912_302776351013800_6125418241190355343_n-1.jpg 960w, https:\/\/fedai.az\/wp-content\/uploads\/2022\/01\/118058912_302776351013800_6125418241190355343_n-1-300x225.jpg 300w, https:\/\/fedai.az\/wp-content\/uploads\/2022\/01\/118058912_302776351013800_6125418241190355343_n-1-150x113.jpg 150w, https:\/\/fedai.az\/wp-content\/uploads\/2022\/01\/118058912_302776351013800_6125418241190355343_n-1-768x576.jpg 768w\" sizes=\"auto, (max-width: 960px) 100vw, 960px\" \/><\/figure>\n\n\n\n<p>&nbsp;&nbsp;&nbsp; F\u00fczuli m\u00fc\u0259llim idar\u0259etm\u0259 qabiliyy\u0259tin\u0259 v\u0259 b\u00f6y\u00fck s\u00f6z ehtiyat\u0131na malik olan bir v\u0259t\u0259np\u0259rv\u0259r, z\u0259hm\u0259tke\u015f&nbsp; insand\u0131r. O ist\u0259nil\u0259n adamla&nbsp; s\u00f6hb\u0259t ed\u0259n zaman m\u0259nal\u0131 fikirl\u0259r v\u0259 m\u00fcdrik k\u0259lamlardan sitat g\u0259tir\u0259r\u0259k, qar\u015f\u0131s\u0131ndak\u0131&nbsp; h\u0259ms\u00f6hb\u0259tini&nbsp; t\u0259\u0259cc\u00fcbl\u0259ndirm\u0259yi bacarar\u0131r.<\/p>\n\n\n\n<figure class=\"wp-block-gallery columns-2 is-cropped wp-block-gallery-4 is-layout-flex wp-block-gallery-is-layout-flex\"><ul class=\"blocks-gallery-grid\"><li class=\"blocks-gallery-item\"><figure><img loading=\"lazy\" decoding=\"async\" width=\"706\" height=\"882\" src=\"https:\/\/fedai.az\/wp-content\/uploads\/2022\/01\/er.jpg\" alt=\"\" data-id=\"58650\" data-link=\"https:\/\/fedai.az\/?attachment_id=58650\" class=\"wp-image-58650\" srcset=\"https:\/\/fedai.az\/wp-content\/uploads\/2022\/01\/er.jpg 706w, https:\/\/fedai.az\/wp-content\/uploads\/2022\/01\/er-240x300.jpg 240w, https:\/\/fedai.az\/wp-content\/uploads\/2022\/01\/er-120x150.jpg 120w\" sizes=\"auto, (max-width: 706px) 100vw, 706px\" \/><\/figure><\/li><li class=\"blocks-gallery-item\"><figure><img loading=\"lazy\" decoding=\"async\" width=\"715\" height=\"400\" src=\"https:\/\/fedai.az\/wp-content\/uploads\/2022\/01\/167579835_4082792905130437_3209409711410099007_n-1.jpg\" alt=\"\" data-id=\"58652\" data-full-url=\"https:\/\/fedai.az\/wp-content\/uploads\/2022\/01\/167579835_4082792905130437_3209409711410099007_n-1.jpg\" data-link=\"https:\/\/fedai.az\/?attachment_id=58652\" class=\"wp-image-58652\" srcset=\"https:\/\/fedai.az\/wp-content\/uploads\/2022\/01\/167579835_4082792905130437_3209409711410099007_n-1.jpg 715w, https:\/\/fedai.az\/wp-content\/uploads\/2022\/01\/167579835_4082792905130437_3209409711410099007_n-1-300x168.jpg 300w, https:\/\/fedai.az\/wp-content\/uploads\/2022\/01\/167579835_4082792905130437_3209409711410099007_n-1-150x84.jpg 150w\" sizes=\"auto, (max-width: 715px) 100vw, 715px\" \/><\/figure><\/li><\/ul><\/figure>\n\n\n\n<p>&nbsp;&nbsp;&nbsp;&nbsp; Onunla&nbsp; s\u00f6hb\u0259t ed\u0259n h\u0259r bir&nbsp; k\u0259s,&nbsp; F\u00fczuli Rzaquliyevin nec\u0259 sad\u0259, nec\u0259 alic\u0259nab, t\u0259vaz\u00f6kar v\u0259 d\u00fcnyag\u00f6r\u00fc\u015fl\u00fc bir ziyal\u0131 oldu\u011funu o d\u0259qiq\u0259 anlay\u0131r, ona b\u00f6y\u00fck h\u00f6rm\u0259t v\u0259 ehtiramla yana\u015f\u0131r .<\/p>\n\n\n\n<p>&nbsp;&nbsp;&nbsp;&nbsp; Az\u0259rbaycan V\u0259t\u0259n M\u00fcharib\u0259si Veteranlar\u0131 \u0130ctimai Birliyinin yarand\u0131\u011f\u0131 g\u00fcnd\u0259n AVMV\u0130B-nin s\u0131ralar\u0131ndad\u0131r v\u0259 haz\u0131rda AVMV\u0130B-nin s\u0259dridir. F\u00fczuli m\u00fc\u0259llim&nbsp; \u0259sil v\u0259t\u0259np\u0259rv\u0259r, c\u0259miyy\u0259t, d\u00f6vl\u0259t\u00e7i,&nbsp;&nbsp; mehriban, s\u0259mimi, savadl\u0131 \u015f\u0259xsiyy\u0259t kimi tan\u0131nan&nbsp; insanp\u0259rv\u0259r&nbsp; v\u0259t\u0259nda\u015fd\u0131r.<\/p>\n\n\n\n<figure class=\"wp-block-image size-large\"><img loading=\"lazy\" decoding=\"async\" width=\"960\" height=\"540\" src=\"https:\/\/fedai.az\/wp-content\/uploads\/2022\/01\/4bIS94.jpg\" alt=\"\" class=\"wp-image-58651\" srcset=\"https:\/\/fedai.az\/wp-content\/uploads\/2022\/01\/4bIS94.jpg 960w, https:\/\/fedai.az\/wp-content\/uploads\/2022\/01\/4bIS94-300x169.jpg 300w, https:\/\/fedai.az\/wp-content\/uploads\/2022\/01\/4bIS94-150x84.jpg 150w, https:\/\/fedai.az\/wp-content\/uploads\/2022\/01\/4bIS94-768x432.jpg 768w\" sizes=\"auto, (max-width: 960px) 100vw, 960px\" \/><\/figure>\n\n\n\n<p>&nbsp;&nbsp;&nbsp;&nbsp;&nbsp;&nbsp; Az\u0259rbaycan Respublikas\u0131n\u0131n Prezidenti, Silahl\u0131 Q\u00fcvv\u0259l\u0259rin Ba\u015f Komandan\u0131 \u0130lham \u018fliyevin r\u0259hb\u0259rliyi il\u0259 torpaqlar\u0131m\u0131z\u0131n erm\u0259ni i\u015f\u011fal\u0131ndan t\u0259mizl\u0259nm\u0259si u\u011frunda 2020-ci ilin sentyabr ay\u0131n\u0131n 27-d\u0259n ba\u015flayan m\u00fcz\u0259ff\u0259r ordumuzun r\u0259\u015fad\u0259tiyl\u0259 q\u0131rx&nbsp; d\u00f6rd g\u00fcnl\u00fck q\u0259l\u0259b\u0259mizl\u0259 ba\u015fa vurmas\u0131nda F\u00fczuli Rzaquliyevin d\u0259 xidm\u0259tl\u0259ri var. Onun sonad\u0259k d\u00f6y\u00fc\u015f b\u00f6lg\u0259l\u0259rind\u0259&nbsp;olmas\u0131, daimi d\u00f6y\u00fc\u015f\u00e7\u00fcl\u0259rimizin yan\u0131nda olmas\u0131, onlar\u0131 d\u00f6y\u00fc\u015f\u0259 ruhland\u0131rmas\u0131 v\u0259 o\u011flu ba\u015f leytenant \u0130lkin&nbsp;F\u00fczuli o\u011flu Rzaquliyevin i\u015f\u011fal alt\u0131nda olan rayonlarm\u0131z\u0131n azad olunmasnda g\u00f6st\u0259rdiyi q\u0259hramanl\u0131q v\u0259 \u015f\u00fcca\u0259t bir \u0259sil v\u0259t\u0259np\u0259rv\u0259rlik n\u00fcmun\u0259sidir.<\/p>\n\n\n\n<figure class=\"wp-block-gallery columns-3 is-cropped wp-block-gallery-5 is-layout-flex wp-block-gallery-is-layout-flex\"><ul class=\"blocks-gallery-grid\"><li class=\"blocks-gallery-item\"><figure><img loading=\"lazy\" decoding=\"async\" width=\"768\" height=\"1024\" src=\"https:\/\/fedai.az\/wp-content\/uploads\/2022\/01\/135364272_397156134725501_2332839402281633384_n-1-768x1024-1.jpg\" alt=\"\" data-id=\"58653\" data-link=\"https:\/\/fedai.az\/?attachment_id=58653\" class=\"wp-image-58653\" srcset=\"https:\/\/fedai.az\/wp-content\/uploads\/2022\/01\/135364272_397156134725501_2332839402281633384_n-1-768x1024-1.jpg 768w, https:\/\/fedai.az\/wp-content\/uploads\/2022\/01\/135364272_397156134725501_2332839402281633384_n-1-768x1024-1-225x300.jpg 225w, https:\/\/fedai.az\/wp-content\/uploads\/2022\/01\/135364272_397156134725501_2332839402281633384_n-1-768x1024-1-113x150.jpg 113w\" sizes=\"auto, (max-width: 768px) 100vw, 768px\" \/><\/figure><\/li><li class=\"blocks-gallery-item\"><figure><img loading=\"lazy\" decoding=\"async\" width=\"526\" height=\"936\" src=\"https:\/\/fedai.az\/wp-content\/uploads\/2022\/01\/270276031_137209235387789_2861533811126040625_n.jpg\" alt=\"\" data-id=\"58654\" data-link=\"https:\/\/fedai.az\/?attachment_id=58654\" class=\"wp-image-58654\" srcset=\"https:\/\/fedai.az\/wp-content\/uploads\/2022\/01\/270276031_137209235387789_2861533811126040625_n.jpg 526w, https:\/\/fedai.az\/wp-content\/uploads\/2022\/01\/270276031_137209235387789_2861533811126040625_n-169x300.jpg 169w, https:\/\/fedai.az\/wp-content\/uploads\/2022\/01\/270276031_137209235387789_2861533811126040625_n-84x150.jpg 84w\" sizes=\"auto, (max-width: 526px) 100vw, 526px\" \/><\/figure><\/li><li class=\"blocks-gallery-item\"><figure><img loading=\"lazy\" decoding=\"async\" width=\"709\" height=\"457\" src=\"https:\/\/fedai.az\/wp-content\/uploads\/2022\/01\/v6.jpg\" alt=\"\" data-id=\"58655\" data-full-url=\"https:\/\/fedai.az\/wp-content\/uploads\/2022\/01\/v6.jpg\" data-link=\"https:\/\/fedai.az\/?attachment_id=58655\" class=\"wp-image-58655\" srcset=\"https:\/\/fedai.az\/wp-content\/uploads\/2022\/01\/v6.jpg 709w, https:\/\/fedai.az\/wp-content\/uploads\/2022\/01\/v6-300x193.jpg 300w, https:\/\/fedai.az\/wp-content\/uploads\/2022\/01\/v6-150x97.jpg 150w, https:\/\/fedai.az\/wp-content\/uploads\/2022\/01\/v6-115x73.jpg 115w\" sizes=\"auto, (max-width: 709px) 100vw, 709px\" \/><\/figure><\/li><\/ul><\/figure>\n\n\n\n<p>&nbsp;&nbsp;&nbsp;&nbsp;&nbsp; F\u00fczuli m\u00fc\u0259llim&nbsp; qorxmaz, isanp\u0259rv\u0259r, s\u0259xav\u0259tli, \u0259lia\u00e7\u0131q v\u0259 z\u0259hm\u0259tke\u015f zabitdir v\u0259 yax\u015f\u0131 ail\u0259 ba\u015f\u00e7\u0131s\u0131d\u0131r. O, i\u015fl\u0259diyi v\u0259 xidm\u0259t etdiyi&nbsp; kollektiv, dost- tan\u0131\u015f, qohum-\u0259qr\u0259ba aras\u0131nda \u00f6z\u00fcn\u0259 layiq h\u00f6rm\u0259t qazanm\u0131\u015fd\u0131r.<\/p>\n\n\n\n<p><strong>DO\u011eUM G\u00dcN\u00dcN M\u00dcBAR\u018fK OLSUN, F\u00dcZUL\u0130 M\u00dc\u018fLL\u0130M!<\/strong><\/p>\n\n\n\n<p><strong>ALLAH H\u018fR ZAMAN Q\u018fLB\u0130N\u0130 SIXINTIDAN, B\u018fDB\u0130NL\u0130KD\u018fN QORUSUN!<\/strong><\/p>\n\n\n\n<p><strong>B\u00dcT\u00dcN ARZULARIN \u00c7\u0130N OLSUN!<\/strong><\/p>\n\n\n\n<p><strong>DA\u0130MA XO\u015eB\u018fXT YA\u015eA, \u00d6MR\u00dcN UZUN OLSUN!<\/strong><\/p>\n\n\n\n<p><strong>H\u018fM\u0130\u015e\u018f \u00dcZ\u00dcN G\u00dcLS\u00dcN, \u00dcR\u018fY\u0130N SEV\u0130NS\u0130N!<\/strong><\/p>\n\n\n\n<p><strong>D\u0259rin h\u00f6rm\u0259tl\u0259, AVMV\u0130B R\u0259hb\u0259rliyi (\u0130dar\u0259 h\u0259y\u0259ti), Az\u0259rbaycan V\u0259t\u0259n M\u00fcharib\u0259si Vetiranlari \u0130ctimai Birliyinin s\u0259dr m\u00fcavini polkovnik Salman Musayev<\/strong><\/p>\n\n\n\n<figure class=\"wp-block-gallery columns-2 is-cropped wp-block-gallery-6 is-layout-flex wp-block-gallery-is-layout-flex\"><ul class=\"blocks-gallery-grid\"><li class=\"blocks-gallery-item\"><figure><img decoding=\"async\" src=\"https:\/\/fedai.az\/wp-content\/uploads\/2022\/01\/8265a327389da9fe4fdc2714b309120e-1-1-1.jpg\" alt=\"\" data-id=\"58580\" data-full-url=\"https:\/\/fedai.az\/wp-content\/uploads\/2022\/01\/8265a327389da9fe4fdc2714b309120e-1-1-1.jpg\" data-link=\"https:\/\/fedai.az\/?attachment_id=58580\" class=\"wp-image-58580\"\/><\/figure><\/li><li class=\"blocks-gallery-item\"><figure><img loading=\"lazy\" decoding=\"async\" width=\"685\" height=\"450\" src=\"https:\/\/fedai.az\/wp-content\/uploads\/2022\/01\/KK7.jpg\" alt=\"\" data-id=\"58656\" data-full-url=\"https:\/\/fedai.az\/wp-content\/uploads\/2022\/01\/KK7.jpg\" data-link=\"https:\/\/fedai.az\/?attachment_id=58656\" class=\"wp-image-58656\" srcset=\"https:\/\/fedai.az\/wp-content\/uploads\/2022\/01\/KK7.jpg 685w, https:\/\/fedai.az\/wp-content\/uploads\/2022\/01\/KK7-300x197.jpg 300w, https:\/\/fedai.az\/wp-content\/uploads\/2022\/01\/KK7-150x99.jpg 150w\" sizes=\"auto, (max-width: 685px) 100vw, 685px\" \/><\/figure><\/li><\/ul><\/figure>\n","protected":false},"excerpt":{"rendered":"<p>&nbsp;&nbsp;&nbsp;&nbsp; \u0130nsan \u00fcc\u00fcn \u0259n yadda qalan g\u00fcnl\u0259rin ba\u015fl\u0131cas\u0131 onun h\u0259yata g\u0259ldiyi g\u00fcnd\u00fcr. \u00d6mr\u0259 b\u0259z\u0259k olan ad g\u00fcn\u00fc h\u0259r il x\u00fcsusi il\u0259 qeyd olunur. 5<\/p>\n","protected":false},"author":2,"featured_media":58663,"comment_status":"closed","ping_status":"closed","sticky":false,"template":"","format":"standard","meta":{"footnotes":""},"categories":[5],"tags":[],"class_list":["post-58643","post","type-post","status-publish","format-standard","has-post-thumbnail","hentry","category-veteran"],"aioseo_notices":[],"_links":{"self":[{"href":"https:\/\/fedai.az\/index.php?rest_route=\/wp\/v2\/posts\/58643","targetHints":{"allow":["GET"]}}],"collection":[{"href":"https:\/\/fedai.az\/index.php?rest_route=\/wp\/v2\/posts"}],"about":[{"href":"https:\/\/fedai.az\/index.php?rest_route=\/wp\/v2\/types\/post"}],"author":[{"embeddable":true,"href":"https:\/\/fedai.az\/index.php?rest_route=\/wp\/v2\/users\/2"}],"replies":[{"embeddable":true,"href":"https:\/\/fedai.az\/index.php?rest_route=%2Fwp%2Fv2%2Fcomments&post=58643"}],"version-history":[{"count":3,"href":"https:\/\/fedai.az\/index.php?rest_route=\/wp\/v2\/posts\/58643\/revisions"}],"predecessor-version":[{"id":58665,"href":"https:\/\/fedai.az\/index.php?rest_route=\/wp\/v2\/posts\/58643\/revisions\/58665"}],"wp:featuredmedia":[{"embeddable":true,"href":"https:\/\/fedai.az\/index.php?rest_route=\/wp\/v2\/media\/58663"}],"wp:attachment":[{"href":"https:\/\/fedai.az\/index.php?rest_route=%2Fwp%2Fv2%2Fmedia&parent=58643"}],"wp:term":[{"taxonomy":"category","embeddable":true,"href":"https:\/\/fedai.az\/index.php?rest_route=%2Fwp%2Fv2%2Fcategories&post=58643"},{"taxonomy":"post_tag","embeddable":true,"href":"https:\/\/fedai.az\/index.php?rest_route=%2Fwp%2Fv2%2Ftags&post=58643"}],"curies":[{"name":"wp","href":"https:\/\/api.w.org\/{rel}","templated":true}]}}