{"id":58666,"date":"2022-01-05T02:15:11","date_gmt":"2022-01-04T22:15:11","guid":{"rendered":"https:\/\/fedai.az\/?p=58666"},"modified":"2022-01-05T02:15:15","modified_gmt":"2022-01-04T22:15:15","slug":"trampin-prezident-secilm%c9%99sin%c9%99-d%c9%99st%c9%99k-ver%c9%99n-rus-haker-h%c9%99bs-olundu","status":"publish","type":"post","link":"https:\/\/fedai.az\/?p=58666","title":{"rendered":"TRAMPIN PREZ\u0130DENT SE\u00c7\u0130LM\u018fS\u0130N\u018f D\u018fST\u018fK VER\u018fN RUS HAKER H\u018fBS OLUNDU"},"content":{"rendered":"\n<p><strong>AB\u015e k\u0259\u015ffiyyat\u0131 Vladislav Klyu\u015finin Kremlin &#171;m\u0259xfi adam\u0131&#187; oldu\u011funa inan\u0131r\u2026<\/strong><\/p>\n\n\n\n<p><strong>2016-c\u0131 ild\u0259 AB\u015e-da ke\u00e7iril\u0259n prezident se\u00e7kil\u0259rind\u0259 haker h\u00fccumu il\u0259 \u0259laq\u0259si oldu\u011fu iddia edil\u0259n rus i\u015f adam\u0131 Vladislav Klyu\u015fin h\u0259bs edilib.<\/strong><\/p>\n\n\n\n<p>Bu bar\u0259d\u0259 &#171;Bloomberg&#187; x\u0259b\u0259r verib. M\u0259lumatda deyilir ki, Vladislav Klyu\u015fin dekabr\u0131n 18-d\u0259 insayder ticar\u0259ti ittiham\u0131 il\u0259 \u0130sve\u00e7r\u0259d\u0259n ekstradisiya edilib. Lakin Amerika r\u0259smil\u0259ri onun Rusiyan\u0131n k\u0259\u015ffiyyat \u0259m\u0259liyyatlar\u0131, o c\u00fcml\u0259d\u0259n Donald Tramp v\u0259 Hillari Klinton aras\u0131nda ke\u00e7iril\u0259n se\u00e7kil\u0259rin xaricd\u0259n manipulyasiyas\u0131 il\u0259 ba\u011fl\u0131 d\u0259lill\u0259r bar\u0259d\u0259 m\u0259lumat\u0131 olan Kremlin &#171;m\u0259xfi adam\u0131&#187; oldu\u011funa inan\u0131r.<\/p>\n\n\n\n<figure class=\"wp-block-image size-large\"><img decoding=\"async\" src=\"https:\/\/fedai.az\/wp-content\/uploads\/2022\/01\/1623313212_klyuin_0.jpg\" alt=\"\" class=\"wp-image-58667\"\/><\/figure>\n\n\n\n<p>Bel\u0259 ki, 18 ay \u0259vv\u0259l Rusiya prezidenti Vladimir Putinin f\u0259xri medal\u0131 il\u0259 t\u0259ltif edilmi\u015f 41 ya\u015fl\u0131 Klyu\u015finin t\u0259xmin\u0259n alt\u0131 il \u0259vv\u0259l Demokrat Partiyas\u0131n\u0131n serverl\u0259rinin \u201cFancy Bear\u201d ad\u0131 il\u0259 s\u0131nd\u0131r\u0131lmas\u0131na dair s\u0259n\u0259dl\u0259r\u0259 \u00e7\u0131x\u0131\u015f\u0131 var v\u0259 bu, AB\u015e r\u0259smil\u0259rin\u0259 Rusiyan\u0131n prezident se\u00e7kil\u0259rin\u0259 t\u0259sir g\u00f6st\u0259rm\u0259k c\u0259hdl\u0259ri il\u0259 ba\u011fl\u0131 \u0259n ayd\u0131n m\u0259nz\u0259r\u0259ni t\u0259min ed\u0259 bil\u0259r.<\/p>\n\n\n\n<p>Klyu\u015fin se\u00e7kil\u0259rin manipulyasiya sxeml\u0259rind\u0259 i\u015ftirak etm\u0259kd\u0259 ittiham olunan bir ne\u00e7\u0259 y\u00fcks\u0259k r\u00fctb\u0259li \u015f\u0259xsl\u0259rd\u0259n biridir. Hans\u0131 ki, onlardan ikisi bir ne\u00e7\u0259 il \u0259vv\u0259l se\u00e7kiy\u0259 m\u00fcdaxil\u0259d\u0259 i\u015ftirak ed\u0259n dig\u0259r ruslar\u0131n ittiham akt\u0131 il\u0259 n\u0259tic\u0259l\u0259n\u0259n m\u0259lumat veribl\u0259r v\u0259 Rusiya bunu d\u0259f\u0259l\u0259rl\u0259 t\u0259kzib edib.<\/p>\n\n\n\n<p>M\u0259nb\u0259: <strong>Qafqaz.media<\/strong><\/p>\n\n\n\n<figure class=\"wp-block-image size-large\"><img decoding=\"async\" src=\"https:\/\/fedai.az\/wp-content\/uploads\/2022\/01\/rus.png\" alt=\"\" class=\"wp-image-58668\"\/><\/figure>\n","protected":false},"excerpt":{"rendered":"<p>AB\u015e k\u0259\u015ffiyyat\u0131 Vladislav Klyu\u015finin Kremlin &#171;m\u0259xfi adam\u0131&#187; oldu\u011funa inan\u0131r\u2026 2016-c\u0131 ild\u0259 AB\u015e-da ke\u00e7iril\u0259n prezident se\u00e7kil\u0259rind\u0259 haker h\u00fccumu il\u0259 \u0259laq\u0259si oldu\u011fu iddia edil\u0259n rus i\u015f<\/p>\n","protected":false},"author":2,"featured_media":58669,"comment_status":"closed","ping_status":"closed","sticky":false,"template":"","format":"standard","meta":{"footnotes":""},"categories":[13],"tags":[],"class_list":["post-58666","post","type-post","status-publish","format-standard","has-post-thumbnail","hentry","category-xarici"],"aioseo_notices":[],"_links":{"self":[{"href":"https:\/\/fedai.az\/index.php?rest_route=\/wp\/v2\/posts\/58666","targetHints":{"allow":["GET"]}}],"collection":[{"href":"https:\/\/fedai.az\/index.php?rest_route=\/wp\/v2\/posts"}],"about":[{"href":"https:\/\/fedai.az\/index.php?rest_route=\/wp\/v2\/types\/post"}],"author":[{"embeddable":true,"href":"https:\/\/fedai.az\/index.php?rest_route=\/wp\/v2\/users\/2"}],"replies":[{"embeddable":true,"href":"https:\/\/fedai.az\/index.php?rest_route=%2Fwp%2Fv2%2Fcomments&post=58666"}],"version-history":[{"count":1,"href":"https:\/\/fedai.az\/index.php?rest_route=\/wp\/v2\/posts\/58666\/revisions"}],"predecessor-version":[{"id":58670,"href":"https:\/\/fedai.az\/index.php?rest_route=\/wp\/v2\/posts\/58666\/revisions\/58670"}],"wp:featuredmedia":[{"embeddable":true,"href":"https:\/\/fedai.az\/index.php?rest_route=\/wp\/v2\/media\/58669"}],"wp:attachment":[{"href":"https:\/\/fedai.az\/index.php?rest_route=%2Fwp%2Fv2%2Fmedia&parent=58666"}],"wp:term":[{"taxonomy":"category","embeddable":true,"href":"https:\/\/fedai.az\/index.php?rest_route=%2Fwp%2Fv2%2Fcategories&post=58666"},{"taxonomy":"post_tag","embeddable":true,"href":"https:\/\/fedai.az\/index.php?rest_route=%2Fwp%2Fv2%2Ftags&post=58666"}],"curies":[{"name":"wp","href":"https:\/\/api.w.org\/{rel}","templated":true}]}}