{"id":59530,"date":"2022-01-14T00:35:58","date_gmt":"2022-01-13T20:35:58","guid":{"rendered":"https:\/\/fedai.az\/?p=59530"},"modified":"2022-01-14T00:36:02","modified_gmt":"2022-01-13T20:36:02","slug":"s%c9%99n-kims%c9%99n-ki-az%c9%99rbaycanda-ozbasina-rus-icmasi-yaradirsan-deputatdan-putin%c9%99-iradlar","status":"publish","type":"post","link":"https:\/\/fedai.az\/?p=59530","title":{"rendered":"\u201cS\u0259n kims\u0259n ki, Az\u0259rbaycanda \u00f6zba\u015f\u0131na rus icmas\u0131 yarad\u0131rsan?\u201d \u2014 Deputatdan Putin\u0259 iradlar"},"content":{"rendered":"\n<p><strong>\u201cQaraba\u011fa, Xank\u0259ndiy\u0259 v\u0259 Rusiya s\u00fclhm\u0259raml\u0131 q\u00fcvv\u0259l\u0259rinin n\u0259zar\u0259tind\u0259 olan dig\u0259r yerl\u0259r\u0259 g\u0259l\u0259nl\u0259rin say\u0131 ged\u0259nl\u0259rin say\u0131 il\u0259 b\u00f6y\u00fck f\u0259rq t\u0259\u015fkil edir\u201d.<\/strong><\/p>\n\n\n\n<p>Bu s\u00f6zl\u0259ri Az\u0259rbaycan Respublikas\u0131n\u0131n Prezidenti \u0130lham \u018fliyev yanvar\u0131n 12-d\u0259 yerli televiziya kanallar\u0131na m\u00fcsahib\u0259sind\u0259 bildirib. B\u00f6lg\u0259d\u0259ki Rusiya s\u00fclhm\u0259raml\u0131lar\u0131n\u0131n f\u0259aliyy\u0259tini k\u0259sgin t\u0259nqid ed\u0259n d\u00f6vl\u0259t ba\u015f\u00e7\u0131s\u0131 qeyd edib ki, s\u00fclhm\u0259raml\u0131lar La\u00e7\u0131n d\u0259hlizind\u0259n Qaraba\u011f\u0131n da\u011fl\u0131q hiss\u0259sin\u0259 daxil olan n\u0259qliyyat vasit\u0259l\u0259rin 91%-ni yoxlan\u0131lm\u0131r. Lakin \u0259razini t\u0259rk etm\u0259k ist\u0259y\u0259n \u015f\u0259xsl\u0259r \u00fcz\u0259rind\u0259 ciddi yoxlan\u0131lma apar\u0131rlar.&nbsp;<\/p>\n\n\n\n<p>Dem\u0259li, s\u00fclhm\u0259raml\u0131lar\u0131n bu h\u0259r\u0259k\u0259tl\u0259ri Qaraba\u011f\u0131 k\u00f6n\u00fcll\u00fc t\u0259rk etm\u0259k ist\u0259yind\u0259 olan erm\u0259nil\u0259rin qar\u015f\u0131s\u0131nda ciddi mane\u0259 yaratma c\u0259hdidir?<\/p>\n\n\n\n<p>Yenisabah.az-a a\u00e7\u0131qlamas\u0131nda Milli M\u0259clisin deputat\u0131 Elman M\u0259mm\u0259dov qeyd edib ki, bu c\u0259hdl\u0259rin qar\u015f\u0131s\u0131 birm\u0259nal\u0131 olaraq al\u0131nmal\u0131d\u0131r:<\/p>\n\n\n\n<p>\u201cBu m\u0259s\u0259l\u0259y\u0259 \u201cyoxsa yox\u201d m\u0259ntiqi il\u0259 yana\u015fmamal\u0131y\u0131q. \u00c7\u00fcnki h\u0259min h\u0259r\u0259k\u0259tl\u0259rin ham\u0131s\u0131 Az\u0259rbaycan \u0259razisind\u0259 Az\u0259rbaycan qanunlar\u0131n\u0131n pozulmas\u0131d\u0131r.<\/p>\n\n\n\n<p>B\u0259li, Az\u0259rbaycan, \u00f6z \u0259razisin\u0259 g\u0259lib-ged\u0259nl\u0259rin kim oldu\u011funu d\u0259qiq say\u0131n\u0131 v\u0259 kimliyini bilir v\u0259 laz\u0131mi m\u0259qamda Rusiyaya \u00f6z etiraz\u0131n\u0131 bildirir.<\/p>\n\n\n\n<p>Ham\u0131m\u0131z\u0131n yad\u0131ndad\u0131r ki, q\u0259l\u0259b\u0259 il\u0259 ba\u015fa vurdu\u011fumuz V\u0259t\u0259n m\u00fcharib\u0259sind\u0259n d\u0259rhal sonra s\u00fclhm\u0259raml\u0131lar Az\u0259rbaycanda g\u0259l\u0259n g\u00fcnd\u0259n n\u0259 il\u0259 m\u0259\u015f\u011ful olub? M\u00fcharib\u0259 zaman\u0131 b\u00f6lg\u0259d\u0259n qa\u00e7an erm\u0259nil\u0259ri yenid\u0259n Qaraba\u011fa y\u0131\u011fma\u011fa ba\u015flad\u0131lar. \u018fslind\u0259, bu, s\u00fclhm\u0259raml\u0131lar\u0131n missiyas\u0131na aid deyil. El\u0259 ilk qanun pozuntusu da bundan ba\u015flad\u0131.&nbsp;<\/p>\n\n\n\n<p>H\u0259tta Rusiya Federasiyas\u0131n\u0131n prezidenti Vladimir Putin \u00f6z\u00fcn\u00fcn a\u00e7\u0131lamas\u0131nda r\u0259q\u0259ml\u0259r d\u0259 s\u0259sl\u0259ndirdi ki, art\u0131q 58 mind\u0259n \u00e7ox erm\u0259nini Qaraba\u011fa qaytarm\u0131\u015f\u0131q. Bel\u0259 can\u0131 yanansansa, 30 ildir \u00e7\u00f6ll\u0259rd\u0259 s\u0259rg\u0259rdan olan qa\u00e7q\u0131nlar\u0131m\u0131z niy\u0259 yada d\u00fc\u015fm\u00fcrd\u00fc? \u018fg\u0259r bel\u0259 \u0259dal\u0259tli m\u00f6vqe g\u00f6st\u0259rirs\u0259ns\u0259, niy\u0259 bizi, xocal\u0131l\u0131lar\u0131, xank\u0259ndilil\u0259ri, xocav\u0259ndlil\u0259ri, a\u011fd\u0259r\u0259lil\u0259ri niy\u0259 qaytarm\u0131rsan \u00f6z \u0259razil\u0259rimiz\u0259?!\u201d<\/p>\n\n\n\n<p>Deputat s\u00fclhm\u0259raml\u0131lar\u0131n La\u00e7\u0131n d\u0259hlizind\u0259 apard\u0131\u011f\u0131 yoxlama \u0259m\u0259liyyatlar\u0131ndan da gileyl\u0259nib:<\/p>\n\n\n\n<p>\u201cYoxlamalar\u0131n n\u0259tic\u0259si n\u0259yi g\u00f6st\u0259rir? Onu g\u00f6st\u0259rir ki, s\u00fclhm\u0259raml\u0131lar m\u00fcharib\u0259 t\u0259hl\u00fck\u0259si, i\u015fsizlik, acl\u0131q v\u0259 s. amill\u0259r \u00fcz\u00fcnd\u0259n oradan \u00e7\u0131x\u0131b getm\u0259k ist\u0259y\u0259n erm\u0259nil\u0259r\u0259 h\u0259r c\u00fcr vasit\u0259l\u0259rl\u0259 mane\u0259 t\u00f6r\u0259dirl\u0259r v\u0259 m\u00fcxt\u0259lif yollarla erm\u0259nil\u0259ri h\u0259v\u0259sl\u0259ndirib oraya g\u0259tirirl\u0259r. Ev, ba\u011f\u00e7a, m\u0259kt\u0259b, x\u0259st\u0259xana tikirl\u0259r, humanitar yard\u0131mlar paylay\u0131rlar, n\u0259 bilim, n\u0259l\u0259r-n\u0259l\u0259r edirl\u0259r\u201d.<\/p>\n\n\n\n<p>E.M\u0259mm\u0259dov Rusiya s\u00fclhm\u0259raml\u0131lar\u0131n\u0131n Xocal\u0131 \u0259razisind\u0259 rus pravoslav kils\u0259si tikm\u0259si v\u0259 b\u00f6lg\u0259d\u0259 rus icmas\u0131 yaratmaq ist\u0259m\u0259l\u0259ri m\u0259s\u0259l\u0259sin\u0259 d\u0259 toxunub:<\/p>\n\n\n\n<p>\u201c\u00d6zl\u0259rinin tan\u0131nm\u0131\u015f d\u0259d\u0259-babalar\u0131na heyk\u0259ll\u0259r qoyublar, indi d\u0259 rus icmas\u0131 yarad\u0131rlar. Az\u0259rbaycanda rus icmas\u0131 var. H\u0259m d\u0259 t\u0259kc\u0259 rus icmas\u0131 yox, b\u00fct\u00fcn etnik azl\u0131qlar\u0131n icmas\u0131.&nbsp;<\/p>\n\n\n\n<p>Rus icman\u0131n r\u0259hb\u0259ri deputat h\u0259mkar\u0131m\u0131z Mixail Zabelindir. Bu icma Az\u0259rbaycan qanunlar\u0131 \u00e7\u0259r\u00e7iv\u0259sind\u0259 yarad\u0131l\u0131b f\u0259aliyy\u0259t g\u00f6st\u0259rir. Yax\u015f\u0131, s\u0259n kims\u0259n ki, hans\u0131 ixtiyar sahibis\u0259n ki, \u00f6zba\u015f\u0131na Az\u0259rbaycan \u0259razisind\u0259, Qaraba\u011fda ayr\u0131ca rus icmas\u0131 yarad\u0131rsan? M\u0259qs\u0259din n\u0259dir? Burada k\u00f6k salmaq, buradan \u00e7\u0131x\u0131b getm\u0259m\u0259k, burada erm\u0259nil\u0259ri ruhland\u0131rmaq, onlara arxa-dayaq olmaq. Bu m\u0259lumdur v\u0259 c\u0259nab Prezident d\u0259 bunu s\u0259sl\u0259ndirdi. S\u00fclhm\u0259raml\u0131lar\u0131n himay\u0259si alt\u0131nda b\u00f6lg\u0259d\u0259 cinay\u0259tkarlar ya\u015fay\u0131r, f\u0259aliyy\u0259t g\u00f6st\u0259rir, t\u0259liml\u0259r ke\u00e7ir, silah-sursatla t\u0259min olunurlar\u201d.<\/p>\n\n\n\n<p>\u201cBuna qar\u015f\u0131 Az\u0259rbaycan c\u0259miyy\u0259tind\u0259, ictimaiyy\u0259tind\u0259, siyasi elitas\u0131nda v\u0259 siyasi r\u0259hb\u0259rliyind\u0259 \u00e7ox ciddi naraz\u0131l\u0131q var v\u0259 bunlar\u0131n qar\u015f\u0131s\u0131 q\u0259tiyy\u0259tl\u0259 al\u0131nmal\u0131d\u0131r. \u018fg\u0259r s\u00fclhm\u0259raml\u0131lar bu h\u0259r\u0259k\u0259tl\u0259rini davam etdir\u0259c\u0259kl\u0259rs\u0259, rus h\u0259bri kontingentinin Az\u0259rbaycan \u0259razisind\u0259 qal\u0131b-qalmama m\u0259s\u0259l\u0259si m\u00fctl\u0259q g\u00fcnd\u0259m\u0259 g\u0259tirilm\u0259lidir. Y\u0259ni ya Az\u0259rbaycan qanunlar\u0131 \u00e7\u0259r\u00e7iv\u0259sind\u0259 f\u0259aliyy\u0259t g\u00f6st\u0259rm\u0259lis\u0259n, ya da m\u0259nim \u0259razimi t\u0259rk et! Ba\u015fqa bir yol yoxdur!<\/p>\n\n\n\n<p>O ki qald\u0131 Az\u0259rbaycan \u0259razisind\u0259 ya\u015fayan erm\u0259nil\u0259r\u0259, burada birm\u0259nal\u0131 t\u0259l\u0259bimiz budur: Az\u0259rbaycan qanunlar\u0131na tabe olub, Az\u0259rbaycan v\u0259t\u0259nda\u015fl\u0131\u011f\u0131n\u0131 q\u0259bul edib burada ya\u015famal\u0131san, ya da \u0259cn\u0259bi v\u0259t\u0259nda\u015f hesab olunursan v\u0259 \u0259razimizd\u0259 ya\u015famaq haqq\u0131n yoxdur!\u201d, &#8212; dey\u0259 siyas\u0259t\u00e7i fikirl\u0259rini yekunla\u015fd\u0131r\u0131b.<\/p>\n\n\n\n<p>M\u0259nb\u0259: Demokrat.az<\/p>\n","protected":false},"excerpt":{"rendered":"<p>\u201cQaraba\u011fa, Xank\u0259ndiy\u0259 v\u0259 Rusiya s\u00fclhm\u0259raml\u0131 q\u00fcvv\u0259l\u0259rinin n\u0259zar\u0259tind\u0259 olan dig\u0259r yerl\u0259r\u0259 g\u0259l\u0259nl\u0259rin say\u0131 ged\u0259nl\u0259rin say\u0131 il\u0259 b\u00f6y\u00fck f\u0259rq t\u0259\u015fkil edir\u201d. Bu s\u00f6zl\u0259ri Az\u0259rbaycan Respublikas\u0131n\u0131n Prezidenti<\/p>\n","protected":false},"author":2,"featured_media":0,"comment_status":"closed","ping_status":"closed","sticky":false,"template":"","format":"standard","meta":{"footnotes":""},"categories":[4],"tags":[],"class_list":["post-59530","post","type-post","status-publish","format-standard","hentry","category-qarabag"],"aioseo_notices":[],"_links":{"self":[{"href":"https:\/\/fedai.az\/index.php?rest_route=\/wp\/v2\/posts\/59530","targetHints":{"allow":["GET"]}}],"collection":[{"href":"https:\/\/fedai.az\/index.php?rest_route=\/wp\/v2\/posts"}],"about":[{"href":"https:\/\/fedai.az\/index.php?rest_route=\/wp\/v2\/types\/post"}],"author":[{"embeddable":true,"href":"https:\/\/fedai.az\/index.php?rest_route=\/wp\/v2\/users\/2"}],"replies":[{"embeddable":true,"href":"https:\/\/fedai.az\/index.php?rest_route=%2Fwp%2Fv2%2Fcomments&post=59530"}],"version-history":[{"count":1,"href":"https:\/\/fedai.az\/index.php?rest_route=\/wp\/v2\/posts\/59530\/revisions"}],"predecessor-version":[{"id":59532,"href":"https:\/\/fedai.az\/index.php?rest_route=\/wp\/v2\/posts\/59530\/revisions\/59532"}],"wp:attachment":[{"href":"https:\/\/fedai.az\/index.php?rest_route=%2Fwp%2Fv2%2Fmedia&parent=59530"}],"wp:term":[{"taxonomy":"category","embeddable":true,"href":"https:\/\/fedai.az\/index.php?rest_route=%2Fwp%2Fv2%2Fcategories&post=59530"},{"taxonomy":"post_tag","embeddable":true,"href":"https:\/\/fedai.az\/index.php?rest_route=%2Fwp%2Fv2%2Ftags&post=59530"}],"curies":[{"name":"wp","href":"https:\/\/api.w.org\/{rel}","templated":true}]}}