{"id":59842,"date":"2022-01-17T12:07:24","date_gmt":"2022-01-17T08:07:24","guid":{"rendered":"https:\/\/fedai.az\/?p=59842"},"modified":"2022-01-17T12:07:27","modified_gmt":"2022-01-17T08:07:27","slug":"aydin-balayevin-az%c9%99rbaycan-turkl%c9%99ri-monoqrafiyasi-n%c9%99sr-edildi","status":"publish","type":"post","link":"https:\/\/fedai.az\/?p=59842","title":{"rendered":"Ayd\u0131n Balayevin &#171;Az\u0259rbaycan t\u00fcrkl\u0259ri&#187; monoqrafiyas\u0131 n\u0259\u015fr edildi"},"content":{"rendered":"\n<p><strong>Tarix elml\u0259ri doktoru Ayd\u0131n Balayevin &#171;Az\u0259rbaycan t\u00fcrkl\u0259ri. XIX\u2013X\u0425 \u0259srl\u0259rd\u0259 milli formala\u015fman\u0131n \u0259sas m\u0259rh\u0259l\u0259l\u0259ri&#187; monoqrafiyas\u0131 n\u0259\u015fr edilib.<\/strong><br>&nbsp;<br>JekoPrint \u00c7ap Evi&nbsp; t\u0259r\u0259find\u0259n \u00e7ap edil\u0259n kitab C\u0259nubi Qafqazda \u0259n \u00e7oxsayl\u0131 mill\u0259t olan Az\u0259rbaycan xalq\u0131n\u0131n XIX-XX \u0259srl\u0259rd\u0259 formala\u015fmas\u0131n\u0131n \u0259sas m\u0259rh\u0259l\u0259l\u0259rinin \u00f6yr\u0259nilm\u0259sin\u0259 h\u0259sr olunub.&nbsp;<\/p>\n\n\n\n<p>T\u0259dqiqatda h\u0259m\u00e7inin zaman\u0131nda C\u0259nubi Qafqaz\u0131n \u015f\u0259rqind\u0259 yerl\u0259\u015f\u0259m V\u0259t\u0259nimizin yarad\u0131lmas\u0131nda rola malik olan v\u0259 varisi say\u0131ld\u0131\u011f\u0131m\u0131z Az\u0259rbaycan t\u00fcrkl\u0259rinin q\u0259dim k\u00f6kl\u0259rin\u0259 d\u0259 m\u00fc\u0259yy\u0259n diqq\u0259t ayr\u0131l\u0131b. Kitabda&nbsp; Az\u0259rbaycan etnosunun formala\u015fmas\u0131n\u0131n \u0259sas m\u0259rh\u0259l\u0259l\u0259rinin izl\u0259ndiyi q\u0131sa tarixi ekskurs da oxucular\u0131n diqq\u0259tin\u0259 t\u0259qdim olunur.&nbsp;<\/p>\n\n\n\n<p>Lakin t\u0259dqiqat\u0131n \u0259sas m\u0259qs\u0259di Az\u0259rbaycan xalq\u0131n\u0131n formala\u015fmas\u0131nda \u0259sas rola malik olan XIX\u2013X\u0425 \u0259srl\u0259rin sonlar\u0131nda ba\u015f vermi\u015f k\u00f6kl\u00fc sosial-iqtisadi v\u0259 m\u0259d\u0259ni d\u0259yi\u015fiklikl\u0259ri d\u0259rk etm\u0259k v\u0259 i\u015f\u0131qland\u0131rmaqd\u0131r. Kitabda Az\u0259rbaycan t\u00fcrkl\u0259rinin milli kimliyinin son iki \u0259srd\u0259 ke\u00e7diyi t\u0259kam\u00fcl prosesi ara\u015fd\u0131r\u0131l\u0131b.<\/p>\n\n\n\n<p>Kitab tarix\u00e7il\u0259r, etnoloqlar, politoloqlar v\u0259 milli tariximizl\u0259 maraqlanan geni\u015f oxucu k\u00fctl\u0259si \u00fc\u00e7\u00fcn n\u0259z\u0259rd\u0259 tutulub. Kitab rus dilind\u0259dir.<\/p>\n\n\n\n<p>Bu \u0259s\u0259r alimin h\u0259yat\u0131n\u0131n son g\u00fcnl\u0259rind\u0259 bitirdiyi, amma \u00e7ap el\u0259m\u0259y\u0259 zaman\u0131 \u00e7atmayan 3 \u0259s\u0259rind\u0259n biridir.&nbsp;<\/p>\n","protected":false},"excerpt":{"rendered":"<p>Tarix elml\u0259ri doktoru Ayd\u0131n Balayevin &#171;Az\u0259rbaycan t\u00fcrkl\u0259ri. XIX\u2013X\u0425 \u0259srl\u0259rd\u0259 milli formala\u015fman\u0131n \u0259sas m\u0259rh\u0259l\u0259l\u0259ri&#187; monoqrafiyas\u0131 n\u0259\u015fr edilib.&nbsp;JekoPrint \u00c7ap Evi&nbsp; t\u0259r\u0259find\u0259n \u00e7ap edil\u0259n kitab C\u0259nubi Qafqazda<\/p>\n","protected":false},"author":2,"featured_media":0,"comment_status":"closed","ping_status":"closed","sticky":false,"template":"","format":"standard","meta":{"footnotes":""},"categories":[7],"tags":[],"class_list":["post-59842","post","type-post","status-publish","format-standard","hentry","category-tarix"],"aioseo_notices":[],"_links":{"self":[{"href":"https:\/\/fedai.az\/index.php?rest_route=\/wp\/v2\/posts\/59842","targetHints":{"allow":["GET"]}}],"collection":[{"href":"https:\/\/fedai.az\/index.php?rest_route=\/wp\/v2\/posts"}],"about":[{"href":"https:\/\/fedai.az\/index.php?rest_route=\/wp\/v2\/types\/post"}],"author":[{"embeddable":true,"href":"https:\/\/fedai.az\/index.php?rest_route=\/wp\/v2\/users\/2"}],"replies":[{"embeddable":true,"href":"https:\/\/fedai.az\/index.php?rest_route=%2Fwp%2Fv2%2Fcomments&post=59842"}],"version-history":[{"count":1,"href":"https:\/\/fedai.az\/index.php?rest_route=\/wp\/v2\/posts\/59842\/revisions"}],"predecessor-version":[{"id":59844,"href":"https:\/\/fedai.az\/index.php?rest_route=\/wp\/v2\/posts\/59842\/revisions\/59844"}],"wp:attachment":[{"href":"https:\/\/fedai.az\/index.php?rest_route=%2Fwp%2Fv2%2Fmedia&parent=59842"}],"wp:term":[{"taxonomy":"category","embeddable":true,"href":"https:\/\/fedai.az\/index.php?rest_route=%2Fwp%2Fv2%2Fcategories&post=59842"},{"taxonomy":"post_tag","embeddable":true,"href":"https:\/\/fedai.az\/index.php?rest_route=%2Fwp%2Fv2%2Ftags&post=59842"}],"curies":[{"name":"wp","href":"https:\/\/api.w.org\/{rel}","templated":true}]}}