{"id":59845,"date":"2022-01-17T12:40:14","date_gmt":"2022-01-17T08:40:14","guid":{"rendered":"https:\/\/fedai.az\/?p=59845"},"modified":"2022-01-17T12:40:18","modified_gmt":"2022-01-17T08:40:18","slug":"quduzlasan-fransali-senatorlar-az%c9%99rbaycani-h%c9%99d%c9%99l%c9%99yirl%c9%99r","status":"publish","type":"post","link":"https:\/\/fedai.az\/?p=59845","title":{"rendered":"Quduzla\u015fan Fransal\u0131 senatorlar Az\u0259rbaycan\u0131 h\u0259d\u0259l\u0259yirl\u0259r"},"content":{"rendered":"\n<p><strong>Fransa Senat\u0131nda t\u0259msil olunan Respublika\u00e7\u0131lar fraksiyas\u0131n\u0131n r\u0259hb\u0259ri Bruno Retayo, Fransa Senat\u0131nda h\u0259min fraksiya liderl\u0259rind\u0259n Damian Abadi, franksiyan\u0131n Avropa parlamentind\u0259ki n\u00fcmay\u0259nd\u0259si Fransua-Xavier Bellaminin, eyni zamanda 242 dig\u0259r respublika\u00e7\u0131 siyas\u0259t\u00e7il\u0259r Fransa prezidentin\u0259&nbsp; Az\u0259rbaycan\u0131 \u015fikay\u0259t ed\u0259n m\u0259ktub g\u00f6nd\u0259ribl\u0259r.<\/strong><\/p>\n\n\n\n<p>Bu bar\u0259d\u0259 Fransan\u0131n \u0259n b\u00f6y\u00fck q\u0259zeti olan \u201cLe Journal du Dimanche\u201d yanvar\u0131n 15-d\u0259 \u00a0h\u0259min m\u0259ktubu \u00e7ap edib.<\/p>\n\n\n\n<p>M\u0259ktubda davaml\u0131 olaraq Erm\u0259nistan\u0131 v\u0259 erm\u0259nil\u0259ri m\u00fcdafi\u0259 ed\u0259n bu d\u0259st\u0259 Az\u0259rbaycan\u0131n fransadan \u00fcz\u00fcr ist\u0259m\u0259sini t\u0259l\u0259b edibl\u0259r.<\/p>\n\n\n\n<p>M\u00fcxt\u0259lif xalqlara qar\u015f\u0131 soyq\u0131r\u0131m\u0131 v\u0259 i\u015fg\u0259nc\u0259l\u0259rl\u0259 Fransan\u0131n utanc v\u0259 soyq\u0131r\u0131mc\u0131 tarixini unudan, bu \u00f6z\u00fcn\u00fcbilm\u0259zl\u0259r, respublika\u00e7\u0131 prezidentliy\u0259 namiz\u0259d Valeri Pekresin beyn\u0259lxalq h\u00fcququ, \u0259n ba\u015fl\u0131ca Az\u0259rbaycan\u0131n suver\u0259n h\u00fcquqlar\u0131n\u0131 g\u00f6rm\u0259zd\u0259n g\u0259l\u0259r\u0259k, Erm\u0259nistana, ordan da 44 g\u00fcnl\u00fck m\u00fcharib\u0259d\u0259n sonra rus s\u00fclhm\u0259raml\u0131lar\u0131n\u0131n n\u0259zar\u0259ti alt\u0131ndak\u0131 Xank\u0259ndi \u015f\u0259h\u0259rin\u0259 qanunsuz olaraq g\u0259lm\u0259sin\u0259 haqqa qazand\u0131rma\u011fa \u00e7al\u0131\u015f\u0131blar.<\/p>\n\n\n\n<p>Amma r\u0259smi Bak\u0131n\u0131n s\u0259rt m\u00f6vqeyi, eyni zamanda Az\u0259rbaycan Respublikas\u0131n\u0131n Prezidenti \u0130lham \u018fliyevin son s\u0259rt a\u00e7\u0131qlamas\u0131 bu qudurmu\u015f respublika\u00e7\u0131lara dey\u0259s\u0259n d\u0259rs olmaq yerin\u0259 daha da az\u011f\u0131nla\u015fma\u011fa s\u0259b\u0259b olub.<\/p>\n\n\n\n<p>Respublika\u00e7\u0131 senatorlar Makrona m\u0259ktublar\u0131nda qeyd edirl\u0259r ki, Az\u0259rbaycan prezidenti yerli televiziyalara m\u00fcsahib\u0259si zaman\u0131 Paleri Pekresin s\u0259f\u0259rin\u0259 d\u0259 toxunub v\u0259 bildirib ki, Valeri Pekresin bu yax\u0131nlarda Xank\u0259ndin\u0259 qanunsuz s\u0259f\u0259rind\u0259n x\u0259b\u0259rimiz olsayd\u0131, onu \u0259ld\u0259n verm\u0259zdik. \u0130ndi respublika\u00e7\u0131lar m\u0259ktublar\u0131nda&nbsp; b\u0259yan edirl\u0259r ki, frans\u0131zlar \u00f6zg\u00fcr v\u0259 azad xalqd\u0131lar v\u0259 ist\u0259dikl\u0259ri yer\u0259 ged\u0259 bil\u0259rl\u0259r. G\u00fcya respublia\u00e7\u0131 senator Xank\u0259ndin\u0259 getm\u0259kl\u0259 hans\u0131sa qanunlar\u0131 pozmay\u0131b.<\/p>\n\n\n\n<p>M\u0259ktub g\u00f6nd\u0259r\u0259n senatorlar v\u0259 siyasil\u0259r b\u0259yan edirl\u0259r ki, onlar h\u0259r zaman Erm\u0259nistan\u0131n yan\u0131nda olublar v\u0259 bundan sonra da Erm\u0259nistanla birlikd\u0259 h\u0259r\u0259k\u0259t ed\u0259c\u0259kl\u0259r.<\/p>\n\n\n\n<p>M\u0259nb\u0259: Veteninfo.az<\/p>\n","protected":false},"excerpt":{"rendered":"<p>Fransa Senat\u0131nda t\u0259msil olunan Respublika\u00e7\u0131lar fraksiyas\u0131n\u0131n r\u0259hb\u0259ri Bruno Retayo, Fransa Senat\u0131nda h\u0259min fraksiya liderl\u0259rind\u0259n Damian Abadi, franksiyan\u0131n Avropa parlamentind\u0259ki n\u00fcmay\u0259nd\u0259si Fransua-Xavier Bellaminin, eyni zamanda<\/p>\n","protected":false},"author":2,"featured_media":0,"comment_status":"closed","ping_status":"closed","sticky":false,"template":"","format":"standard","meta":{"footnotes":""},"categories":[1],"tags":[],"class_list":["post-59845","post","type-post","status-publish","format-standard","hentry","category-siyast"],"aioseo_notices":[],"_links":{"self":[{"href":"https:\/\/fedai.az\/index.php?rest_route=\/wp\/v2\/posts\/59845","targetHints":{"allow":["GET"]}}],"collection":[{"href":"https:\/\/fedai.az\/index.php?rest_route=\/wp\/v2\/posts"}],"about":[{"href":"https:\/\/fedai.az\/index.php?rest_route=\/wp\/v2\/types\/post"}],"author":[{"embeddable":true,"href":"https:\/\/fedai.az\/index.php?rest_route=\/wp\/v2\/users\/2"}],"replies":[{"embeddable":true,"href":"https:\/\/fedai.az\/index.php?rest_route=%2Fwp%2Fv2%2Fcomments&post=59845"}],"version-history":[{"count":1,"href":"https:\/\/fedai.az\/index.php?rest_route=\/wp\/v2\/posts\/59845\/revisions"}],"predecessor-version":[{"id":59847,"href":"https:\/\/fedai.az\/index.php?rest_route=\/wp\/v2\/posts\/59845\/revisions\/59847"}],"wp:attachment":[{"href":"https:\/\/fedai.az\/index.php?rest_route=%2Fwp%2Fv2%2Fmedia&parent=59845"}],"wp:term":[{"taxonomy":"category","embeddable":true,"href":"https:\/\/fedai.az\/index.php?rest_route=%2Fwp%2Fv2%2Fcategories&post=59845"},{"taxonomy":"post_tag","embeddable":true,"href":"https:\/\/fedai.az\/index.php?rest_route=%2Fwp%2Fv2%2Ftags&post=59845"}],"curies":[{"name":"wp","href":"https:\/\/api.w.org\/{rel}","templated":true}]}}