{"id":59883,"date":"2022-01-18T07:25:22","date_gmt":"2022-01-18T03:25:22","guid":{"rendered":"https:\/\/fedai.az\/?p=59883"},"modified":"2022-01-18T07:26:03","modified_gmt":"2022-01-18T03:26:03","slug":"rusiyanin-at%c9%99t-l%c9%99-bagli-natasa-siyas%c9%99ti","status":"publish","type":"post","link":"https:\/\/fedai.az\/?p=59883","title":{"rendered":"Rusiyan\u0131n AT\u018fT-l\u0259 ba\u011fl\u0131 &#171;Nata\u015fa&#187; siyas\u0259ti"},"content":{"rendered":"\n<p><strong>Rusiya AT\u018fT-in Minsk qrupunun h\u0259ms\u0259drl\u0259rinin Qaraba\u011fa s\u0259f\u0259r ed\u0259 bilm\u0259m\u0259sind\u0259n \u201cnarahatd\u0131r\u201d.<\/strong><\/p>\n\n\n\n<p>Bunu Rusiya Federasiyas\u0131n\u0131n AT\u018fT-d\u0259ki daimi n\u00fcmay\u0259nd\u0259si Aleksandr Luka\u015fevi\u00e7 deyib.<\/p>\n\n\n\n<p>\u201cBiz narahat\u0131q ki, h\u0259ms\u0259drl\u0259r \u00fc\u00e7l\u00fcy\u00fc h\u0259l\u0259 d\u0259 regiona s\u0259f\u0259r ed\u0259, v\u0259ziyy\u0259tl\u0259 tan\u0131\u015f ola bilm\u0259yib. Minsk qrupu h\u0259ms\u0259drl\u0259ri h\u0259l\u0259 d\u0259 \u0130nsanlar aras\u0131nda t\u0259maslar\u0131n qurulmas\u0131nda v\u0259 humanitar probleml\u0259rin h\u0259llind\u0259 t\u0259r\u0259fl\u0259r\u0259 k\u00f6m\u0259k etm\u0259k \u00fc\u00e7\u00fcn konkret t\u0259dbirl\u0259r m\u00fc\u0259yy\u0259n ed\u0259 bilm\u0259yib\u201d, \u2013 dey\u0259 X\u0130N-in daimi n\u00fcmay\u0259nd\u0259si \u015fikay\u0259tl\u0259nib.<\/p>\n\n\n\n<p>Rusiya Federasiyas\u0131n\u0131n AT\u018fT-d\u0259ki daimi n\u00fcmay\u0259nd\u0259si Aleksandr Luka\u015fevi\u00e7 \u00f6nc\u0259 b\u00f6lg\u0259d\u0259ki qanunsuz &#171;rusm\u0259raml\u0131&#187; q\u00fcvv\u0259l\u0259rin \u00e7\u0131xar\u0131lmas\u0131n\u0131 t\u0259l\u0259b etm\u0259li oldu\u011funu unudub. Yaln\u0131z bundan sonra AT\u018fT-l\u0259 ba\u011fl\u0131 n\u0259s\u0259 d\u00fc\u015f\u00fcnm\u0259k olar.<\/p>\n\n\n\n<p><strong>Elnur S\u0259lim<\/strong><\/p>\n","protected":false},"excerpt":{"rendered":"<p>Rusiya AT\u018fT-in Minsk qrupunun h\u0259ms\u0259drl\u0259rinin Qaraba\u011fa s\u0259f\u0259r ed\u0259 bilm\u0259m\u0259sind\u0259n \u201cnarahatd\u0131r\u201d. Bunu Rusiya Federasiyas\u0131n\u0131n AT\u018fT-d\u0259ki daimi n\u00fcmay\u0259nd\u0259si Aleksandr Luka\u015fevi\u00e7 deyib. \u201cBiz narahat\u0131q ki, h\u0259ms\u0259drl\u0259r \u00fc\u00e7l\u00fcy\u00fc<\/p>\n","protected":false},"author":2,"featured_media":0,"comment_status":"closed","ping_status":"closed","sticky":false,"template":"","format":"standard","meta":{"footnotes":""},"categories":[4],"tags":[],"class_list":["post-59883","post","type-post","status-publish","format-standard","hentry","category-qarabag"],"aioseo_notices":[],"_links":{"self":[{"href":"https:\/\/fedai.az\/index.php?rest_route=\/wp\/v2\/posts\/59883","targetHints":{"allow":["GET"]}}],"collection":[{"href":"https:\/\/fedai.az\/index.php?rest_route=\/wp\/v2\/posts"}],"about":[{"href":"https:\/\/fedai.az\/index.php?rest_route=\/wp\/v2\/types\/post"}],"author":[{"embeddable":true,"href":"https:\/\/fedai.az\/index.php?rest_route=\/wp\/v2\/users\/2"}],"replies":[{"embeddable":true,"href":"https:\/\/fedai.az\/index.php?rest_route=%2Fwp%2Fv2%2Fcomments&post=59883"}],"version-history":[{"count":2,"href":"https:\/\/fedai.az\/index.php?rest_route=\/wp\/v2\/posts\/59883\/revisions"}],"predecessor-version":[{"id":59886,"href":"https:\/\/fedai.az\/index.php?rest_route=\/wp\/v2\/posts\/59883\/revisions\/59886"}],"wp:attachment":[{"href":"https:\/\/fedai.az\/index.php?rest_route=%2Fwp%2Fv2%2Fmedia&parent=59883"}],"wp:term":[{"taxonomy":"category","embeddable":true,"href":"https:\/\/fedai.az\/index.php?rest_route=%2Fwp%2Fv2%2Fcategories&post=59883"},{"taxonomy":"post_tag","embeddable":true,"href":"https:\/\/fedai.az\/index.php?rest_route=%2Fwp%2Fv2%2Ftags&post=59883"}],"curies":[{"name":"wp","href":"https:\/\/api.w.org\/{rel}","templated":true}]}}