{"id":59912,"date":"2022-01-18T08:36:46","date_gmt":"2022-01-18T04:36:46","guid":{"rendered":"https:\/\/fedai.az\/?p=59912"},"modified":"2022-01-18T08:36:50","modified_gmt":"2022-01-18T04:36:50","slug":"kurdcul%c9%99rin-topraq-t%c9%99l%c9%99bl%c9%99ri-ucun-uydurduqlari-yalanlara-cavab","status":"publish","type":"post","link":"https:\/\/fedai.az\/?p=59912","title":{"rendered":"K\u00dcRD\u00c7\u00dcL\u018fR\u0130N TOPRAQ T\u018fL\u018fBL\u018fR\u0130 \u00dc\u00c7\u00dcN UYDURDUQLARI YALANLARA CAVAB"},"content":{"rendered":"\n<div class=\"wp-block-media-text alignwide is-stacked-on-mobile\" style=\"grid-template-columns:39% auto\"><figure class=\"wp-block-media-text__media\"><img decoding=\"async\" src=\"https:\/\/fedai.az\/wp-content\/uploads\/2022\/01\/157899859_2272063916259062_526949955915344001_n.jpg\" alt=\"\" class=\"wp-image-59916 size-full\"\/><\/figure><div class=\"wp-block-media-text__content\">\n<p class=\"has-large-font-size\"><strong>Taner \u00dcnal<\/strong><\/p>\n\n\n\n<p><strong><em>T\u00fcrkiy\u0259, \u0130stanbul<\/em><\/strong><\/p>\n<\/div><\/div>\n\n\n\n<p><br><strong>19-cu \u0259srd\u0259n etibar\u0259n missionerl\u0259r k\u00fcrdl\u0259r v\u0259 erm\u0259nil\u0259r \u00fc\u00e7\u00fcn tarix yazma\u011fa ba\u015flad\u0131lar v\u0259 bu v\u0259ziyy\u0259t t\u00fcrk tarixinin m\u00f6ht\u0259\u015f\u0259m sivilizasiyalar\u0131na sahibl\u0259nm\u0259 \u015f\u0259klind\u0259 davam etdi.<\/strong><\/p>\n\n\n\n<p><br>Siyasi k\u00fcrd\u00e7\u00fcl\u0259rin ill\u0259rdir ortaya atd\u0131qlar\u0131 \u00e7oxlu absurd iddialara g\u00f6r\u0259 indiki k\u00fcrd g\u0259ncl\u0259ri Misak-i Millinin s\u0259rh\u0259dl\u0259ri daxilind\u0259 qalan torpaqlar\u0131n, x\u00fcsusil\u0259 \u015e\u0259rqi v\u0259 C\u0259nub-\u015e\u0259rqi Anadolu b\u00f6lg\u0259sinin tarixd\u0259 onlara m\u0259xsus oldu\u011funa, t\u00fcrkl\u0259rin &#171;sonradan g\u0259lib i\u015f\u011fal etdikl\u0259rin\u0259&#187; ciddi \u015f\u0259kild\u0259 inan\u0131rlar.<\/p>\n\n\n\n<p><br>B\u00fct\u00fcn bu yalanlara, s\u0259hvl\u0259r\u0259, \u015f\u0131rnaqlara aldanan k\u00fcrd g\u0259ncliyind\u0259 haqq-\u0259dal\u0259t ideyas\u0131 yaran\u0131r v\u0259 n\u0259tic\u0259d\u0259 \u201cTorpaqlar\u0131m\u0131z\u0131 geri ist\u0259yirik\u201d -deyirl\u0259r.<\/p>\n\n\n\n<figure class=\"wp-block-image size-large is-resized\"><img loading=\"lazy\" decoding=\"async\" src=\"https:\/\/fedai.az\/wp-content\/uploads\/2022\/01\/271562077_2529657833833001_5635738242162047501_n.jpg\" alt=\"\" class=\"wp-image-59915\" width=\"913\" height=\"609\"\/><\/figure>\n\n\n\n<p><br>\u018fn pisi d\u0259 odur ki, onlar elektrik enerjisind\u0259n, sudan qeyri-qanuni istifad\u0259 etdikd\u0259, vergi \u00f6d\u0259m\u0259dikd\u0259 bel\u0259 \u00f6zl\u0259rini haql\u0131 hesab edirl\u0259r.<br>Ona g\u00f6r\u0259 deyirik ki, \u201cTarix v\u0259t\u0259ndir. T\u00fcrkl\u0259rin tarix\u0259 ayaq basd\u0131\u011f\u0131 \u200b\u200byerl\u0259r bizim v\u0259t\u0259nimizdir\u201c.<\/p>\n\n\n\n<p>Bu g\u00fcn torpaqlar\u0131m\u0131za tamah salanlar\u0131n g\u00f6z\u00fcn\u00fc oydu\u011fumuz kimi, tarixd\u0259 v\u0259t\u0259nimiz\u0259 edil\u0259n h\u00fccumlara, x\u0259yan\u0259tl\u0259r\u0259 d\u0259 d\u00f6zm\u0259m\u0259liyik.<br>Sentyabr\u0131n 12-d\u0259n \u0259vv\u0259l v\u0259 sonra t\u00fcrk mill\u0259t\u00e7il\u0259rini manipulyasiya etm\u0259k \u00fc\u00e7\u00fcn \u201cT\u00fcrkl\u0259r v\u0259 k\u00fcrdl\u0259r tarixd\u0259n b\u0259ri birlikd\u0259 vuru\u015fublar\u201d, \u201cK\u00fcrd t\u00fcrkl\u0259ri\u201d, \u201cT\u00fcrk k\u00fcrdl\u0259ri\u201d kimi real olmayan n\u0259\u015frl\u0259r d\u0259rc olunub. T\u00fcrk K\u00fclt\u00fcr jurnal\u0131, k\u00fcrdl\u0259r v\u0259 PKK-n\u0131n Anadolu torpaqlar\u0131na haqq iddias\u0131na haqq qazand\u0131r\u0131r v\u0259 uydurduqlar\u0131 iddialara haqq qazand\u0131rmaqdan ba\u015fqa he\u00e7 bir i\u015f g\u00f6rm\u0259y\u0259n bu yalanlar sonda bel\u0259 bir n\u00f6qt\u0259y\u0259 g\u0259lib \u00e7at\u0131r: \u201cMalazgirtin qap\u0131lar\u0131n\u0131 biz a\u00e7d\u0131q\u201d.<\/p>\n\n\n\n<p><br>Bu yalanlar zamanla h\u0259qiq\u0259t kimi q\u0259bul edildi v\u0259 bu g\u00fcn G\u0259l\u0259c\u0259k Partiyas\u0131n\u0131n s\u0259dri olan \u018fhm\u0259d Davudo\u011flu Ba\u015f nazirliyi d\u00f6vr\u00fcnd\u0259 Malazgirtd\u0259 k\u00fcrd tezisl\u0259rini m\u00fcdafi\u0259 ed\u0259r\u0259k \u00e7\u0131x\u0131\u015f edib \u201ck\u00fcrdl\u0259r Anadolunun qap\u0131s\u0131n\u0131 t\u00fcrkl\u0259rin \u00fcz\u00fcn\u0259 a\u00e7d\u0131\u201d demi\u015fdi.<\/p>\n\n\n\n<p><br>Ancaq Malazgirtd\u0259n \u0259vv\u0259l Anadolu Bizans hakimiyy\u0259ti alt\u0131nda idi v\u0259 orada k\u00fcrdl\u0259r yox idil\u0259r.<\/p>\n\n\n\n<p><br>Tarixi bilikl\u0259rd\u0259n v\u0259 ya tarixi \u015f\u00fcurdan uzaq olanlar\u0131n \u0259lind\u0259 \u00f6lk\u0259miz\u0259 qar\u015f\u0131 apar\u0131lan yalan\u00e7\u0131 t\u0259bli\u011fatdan nec\u0259 istifad\u0259 olundu\u011funun, t\u00fcrk tarixind\u0259n \u015f\u00fcursuz \u015f\u0259kild\u0259 istifad\u0259 etm\u0259kl\u0259 \u00f6lk\u0259miz \u00fc\u00e7\u00fcn nec\u0259 bir t\u0259hl\u00fck\u0259sizlik problemi yarand\u0131\u011f\u0131n\u0131n \u0259n bariz s\u00fcbutudur.<\/p>\n\n\n\n<p><br><strong>B\u0130ZANS TAR\u0130X\u0130ND\u018f ANADOLUDA K\u00dcRD YOXDUR. M\u018fRVAN\u0130L\u018fR \u018fR\u018fBD\u0130R. YAVUZ D\u00d6VR\u00dcN\u018f Q\u018fD\u018fR ANODULUDA K\u00dcRD YOX \u0130D\u0130.<\/strong><\/p>\n\n\n\n<p><br>Bizans torpaqlar\u0131nda ya\u015fam\u0131\u015f v\u0259 Bizansda da \u00f6d\u0259ni\u015fli h\u0259rbi xidm\u0259td\u0259 olmu\u015f, lakin xristianl\u0131\u011f\u0131 q\u0259bul etmi\u015f pe\u00e7enek, q\u0131p\u00e7aq, uz, avar v\u0259 s. kimi t\u00fcrk boylar\u0131 Anadolunun oturaq xalqlar\u0131n\u0131 t\u0259\u015fkil edirdi. \u018fm\u0259vil\u0259r d\u00f6vr\u00fcnd\u0259n etibar\u0259n \u0130slam ordular\u0131 Anadoluya h\u00fccum etmi\u015f, Diyarb\u0259kir v\u0259 Urfa kimi vilay\u0259tl\u0259r m\u00fcv\u0259qq\u0259ti olaraq \u0259r\u0259bl\u0259r t\u0259r\u0259find\u0259n i\u015f\u011fal edilmi\u015f, S\u0259lcuqlar tarix s\u0259hn\u0259sin\u0259 \u00e7\u0131xmazdan \u00f6nc\u0259 Bizans t\u0259r\u0259find\u0259n qovulmu\u015flar.<\/p>\n\n\n\n<p><br><\/p>\n\n\n\n<p><strong>1071-ci ild\u0259n \u0259vv\u0259l S\u0259lcuqlular\u0131n \u015e\u0259rq\u0259 v\u0259 C\u0259nub-\u015e\u0259rq\u0259 etdiyi h\u00fccumlarla is\u0259 qalanlar\u0131 t\u0259mizl\u0259ndi.<br>Diyarb\u0259kir, h\u0259tta 973-c\u00fc ild\u0259 Amed v\u0259 ya Amid \u015f\u0259h\u0259ri ad\u0131yla \u0259r\u0259bl\u0259rin \u0259lind\u0259 idi.<br>Urfa da 1032-ci ild\u0259 \u0259r\u0259bl\u0259rin hakimiyy\u0259ti alt\u0131nda oldu\u011fu b\u0259llidir. 1032-ci ild\u0259n sonra c\u0259mi 8 il M\u0259rvanil\u0259rin hakimiyy\u0259ti m\u00f6vcud olub. M\u0259rvanil\u0259r \u0259r\u0259bl\u0259rd\u0259n t\u0259\u015fkil olunmu\u015f tayfalard\u0131r. (Urfal\u0131 Mateos xronikas\u0131, s\u0259h. 23)<br>O\u011fuz basq\u0131nlar\u0131 1040-c\u0131 ild\u0259 bir ne\u00e7\u0259 minlik bir q\u00fcvv\u0259 il\u0259 Diyarb\u0259kir\u0259 h\u00fccum etdikd\u0259, t\u0259xmin\u0259n 1000 n\u0259f\u0259rlik M\u0259rvanil\u0259r qalada m\u00fchasir\u0259d\u0259 qald\u0131lar, lakin tezlikl\u0259 O\u011fuzlara t\u0259slim oldular (\u0130bnu&#8217;l Ezrak, eyni zamanda, s. 170-171; \u0130bn\u00fc&#8217;l I Sir, El-Kamil, 7\/418-19).<br>\u018fr\u0259bl\u0259rd\u0259n qar\u0131\u015f\u0131q olanlar, \u0130bn \u0259l-\u018fsirin qeydin\u0259 g\u00f6r\u0259, M\u0259rvani B\u0259yliyinin qurucusu B\u0259z adl\u0131 bir \u015f\u0259xs, \u018fbu \u018fbdullah \u0259l Useyn b. Dost\u0259k onun qarda\u015f\u0131d\u0131r (El-Kamil, 7\/1). O biq quldur idi v\u0259 kimliyi m\u00fcbahis\u0259li olsa da \u0259r\u0259b olmas\u0131 deyilir.<\/strong><\/p>\n\n\n\n<p><strong><br>\u00dcst\u0259lik, \u0130nalo\u011fullar\u0131 d\u00f6vr\u00fcnd\u0259 Diyarb\u0259kir tamamil\u0259 yenid\u0259n quruldu, ticar\u0259t v\u0259 m\u0259d\u0259ni h\u0259yat \u00e7ox inki\u015faf etdi, t\u00fcrkm\u0259nl\u0259r b\u00f6lg\u0259d\u0259 tamamil\u0259 m\u0259skunla\u015fd\u0131lar.<\/strong><\/p>\n\n\n\n<p><br>Xalq firavan v\u0259 dinc olub, alim v\u0259 s\u0259n\u0259t adamlar\u0131 qorunub, on minl\u0259rl\u0259 cildd\u0259 \u0259s\u0259r m\u00fc\u0259llifl\u0259r aras\u0131nda bir d\u0259n\u0259 d\u0259 olsun k\u00fcrd yoxdur.<br>1085-ci ild\u0259 is\u0259 M\u0259lik\u015fah\u0131n \u0259mri il\u0259 Dilma\u00e7o\u011flu Mehmed b\u0259y t\u0259r\u0259find\u0259n f\u0259th edilmi\u015fdir.<\/p>\n\n\n\n<p><br>Dilma\u00e7o\u011flu Mehmed b\u0259yin qurdu\u011fu Dilma\u00e7o\u011fullar\u0131 b\u0259yliyi 1085-1192-ci ill\u0259r aras\u0131nda Bitlis, \u018frzen v\u0259 Vestanda h\u00f6kmranl\u0131q etmi\u015fdir. Dilma\u00e7o\u011fullar\u0131 da dig\u0259r t\u00fcrkm\u0259n b\u0259ylikl\u0259ri kimi idar\u0259 etdikl\u0259ri torpaqlar\u0131 yenid\u0259n quraraq xalq\u0131na firavanl\u0131q g\u0259tirmi\u015fl\u0259r.<\/p>\n\n\n\n<figure class=\"wp-block-image size-large\"><img decoding=\"async\" src=\"https:\/\/fedai.az\/wp-content\/uploads\/2022\/01\/271543351_2529656143833170_7891855831474215532_n.jpg\" alt=\"\" class=\"wp-image-59914\"\/><\/figure>\n\n\n\n<p><br>1150-ci ild\u0259 tikilmi\u015f Bitlis Ulu M\u0259scidi Anadoluda t\u00fcrk memarl\u0131q s\u0259n\u0259tinin ilk v\u0259 \u0259n g\u00f6z\u0259l n\u00fcmun\u0259l\u0259rind\u0259n biridir. Artuqlular b\u0259yliyi\/d\u00f6vl\u0259ti is\u0259 1403-c\u00fc il\u0259 q\u0259d\u0259r pulu v\u0259 m\u0259d\u0259ni s\u0259rv\u0259tl\u0259ri il\u0259 se\u00e7il\u0259n bir t\u00fcrkm\u0259n d\u00f6vl\u0259ti idi.<\/p>\n\n\n\n<p><br>1450-ci il\u0259 q\u0259d\u0259r bu b\u00f6lg\u0259nin he\u00e7 bir b\u00f6lg\u0259sind\u0259 v\u0259 dig\u0259r C\u0259nubi Anadolu v\u0259 \u015e\u0259rqi Anadolu b\u00f6lg\u0259l\u0259rind\u0259 bir n\u0259f\u0259r d\u0259 olsun k\u00fcrd yox idi. G\u0259lin g\u00f6r\u0259k 16-c\u0131 \u0259srd\u0259n \u0259vv\u0259l Anadoluda kiml\u0259r olub?<\/p>\n\n\n\n<p>1080-1228-ci ill\u0259r aras\u0131nda Kemah, \u018frzincan, Divri\u011fi v\u0259 \u015eebinkarahisarda h\u00f6kmranl\u0131q ed\u0259n Meng\u00fc\u00e7\u0259kl\u0259r T\u00fcrk idil\u0259r.<\/p>\n\n\n\n<p><br>1071-1178-ci ill\u0259rd\u0259 Sivas, Tokat, Niksar, \u00c7orum, Amasya, Kastamonu, Malatya, Elbistan v\u0259 Kayserid\u0259 h\u00f6kmranl\u0131q ed\u0259n m\u0259sl\u0259h\u0259t\u00e7il\u0259r t\u00fcrkl\u0259r idil\u0259r.<\/p>\n\n\n\n<p><br>1084-1393-c\u00fc ill\u0259rd\u0259 Bitlis v\u0259 \u018frz\u0259nd\u0259 h\u00f6kmranl\u0131q ed\u0259n Dilma\u00e7o\u011fullar\u0131 t\u00fcrk idil\u0259r.<\/p>\n\n\n\n<p>1110-1207-ci ill\u0259r aras\u0131nda Ahlat, Erci\u015f, Van, Tatvan, Adilcevaz, Silvan v\u0259 Mu\u015fda h\u00f6kmranl\u0131q ed\u0259n \u018fhlat\u015fahlar t\u00fcrk idil\u0259r.<\/p>\n\n\n\n<p><br>1085-1113-c\u00fc ill\u0259rd\u0259 Harput, Palu v\u0259 Arapkird\u0259 h\u00f6kmranl\u0131q ed\u0259n \u00c7ubuq o\u011fullar\u0131 t\u00fcrkl\u0259r idil\u0259r.<\/p>\n\n\n\n<p><br>1098-1183-c\u00fc ill\u0259rd\u0259 Diyarb\u0259kir v\u0259 \u0259traf\u0131n\u0131 idar\u0259 ed\u0259n Y\u0131nalo\u011fullar\u0131 t\u00fcrk idil\u0259r.<\/p>\n\n\n\n<p><br>Diyarb\u0259kir, Mardin, Hasankeyf, Silvan v\u0259 Harputda 12-15-ci \u0259srl\u0259r aras\u0131nda h\u00f6kmdarl\u0131q ed\u0259n Artuko\u011flu, pullar\u0131, m\u00f6h\u00fcrl\u0259ri, \u0259s\u0259rl\u0259ri il\u0259 t\u00fcrk idil\u0259r.<\/p>\n\n\n\n<p>Bu g\u00fcn k\u00fcrdl\u0259rin ya\u015fad\u0131\u011f\u0131 deyil\u0259n yerl\u0259rd\u0259 16-c\u0131 \u0259sr\u0259 q\u0259d\u0259r t\u00fcrkm\u0259n d\u00f6vl\u0259tl\u0259ri var idi v\u0259 burada k\u00fcrdl\u0259rin \u201ck\u201d h\u0259rfi bel\u0259 burada yox idi.<\/p>\n\n\n\n<p><br>1365-1469-cu ill\u0259rd\u0259 \u015e\u0259rqi v\u0259 C\u0259nub-\u015e\u0259rqi Anadoluya, el\u0259c\u0259 d\u0259 C\u0259nubi Qafqaza, \u0130ran v\u0259 \u0130raqa hakim olmu\u015f Qaraqoyunlular t\u00fcrk d\u00f6vl\u0259ti idi.<\/p>\n\n\n\n<p><br>1469-1508-ci ill\u0259r aras\u0131nda C\u0259nubi Qafqaz, \u0130ran v\u0259 \u0130raqda da h\u00f6kmranl\u0131q ed\u0259n A\u011fqoyunlar t\u00fcrk d\u00f6vl\u0259ti idi.<\/p>\n\n\n\n<p>1500-c\u00fc ill\u0259rin \u0259vv\u0259ll\u0259rind\u0259n C\u0259nubi Qafqazda, \u0130ran v\u0259 \u0130raqda h\u00f6kmranl\u0131q ed\u0259n S\u0259f\u0259vi d\u00f6vl\u0259tini quranlar Anadoludan \u00e7\u0131xan t\u00fcrkl\u0259r idil\u0259r.<\/p>\n\n\n\n<p><br>1500-c\u00fc ilin \u0259vv\u0259ll\u0259rind\u0259 Anadolu tamamil\u0259 t\u00fcrkm\u0259nl\u0259r\u0259 m\u0259xsus idi. C\u0259nub-\u015e\u0259rqi Anadoluya \u00e7ox ki\u00e7ik bir toplum olaraq g\u0259l\u0259n k\u00fcrdl\u0259rin C\u0259nub-\u015e\u0259rqi Anadoluda 2%-lik \u0259halisi bel\u0259 yox idi.<\/p>\n\n\n\n<p>G\u00f6rd\u00fcy\u00fcn\u00fcz kimi, XVI \u0259sr\u0259 q\u0259d\u0259r \u015e\u0259rqd\u0259 v\u0259 C\u0259nub-\u015e\u0259rqd\u0259 K\u00fcrdl\u0259r yox idi!<\/p>\n\n\n\n<p><br><strong>K\u00fcrdl\u0259r Q\u0259rbd\u0259 idi?<\/strong><\/p>\n\n\n\n<p><br>Anadolu s\u0259lcuqlar\u0131 1075-ci ild\u0259 \u0130znikd\u0259 qurulan, sonra Konyan\u0131 m\u0259rk\u0259z g\u00f6t\u00fcr\u0259r\u0259k s\u0259lib\u00e7i ordular\u0131 il\u0259 \u00f6l\u00fcm-dirim sava\u015f\u0131 ke\u00e7ir\u0259n t\u00fcrkl\u0259r idil\u0259r.<\/p>\n\n\n\n<p><br>K\u00fctahya v\u0259 \u0259traf\u0131nda Germiyano\u011fullar\u0131, Kastamonu v\u0259 \u0259traf\u0131nda Candaro\u011fullar\u0131, S\u00f6\u011f\u00fctd\u0259 Osmano\u011fullar\u0131, Bil\u0259cik, Bursa v\u0259 \u0259traf\u0131 T\u00fcrk b\u0259ylikl\u0259rind\u0259n ibar\u0259tdi.<\/p>\n\n\n\n<p>XIII \u0259srin ortalar\u0131ndan 15-ci \u0259srin ikinci yar\u0131s\u0131na q\u0259d\u0259r davam ed\u0259n b\u0259ylikl\u0259r d\u00f6vr\u00fcnd\u0259 Qaraman v\u0259 onun \u0259traf\u0131nda olan Qaramano\u011fullar\u0131 T\u00fcrk b\u0259ylikl\u0259ri say\u0131l\u0131rd\u0131.<\/p>\n\n\n\n<figure class=\"wp-block-image size-large\"><img decoding=\"async\" src=\"https:\/\/fedai.az\/wp-content\/uploads\/2022\/01\/271601945_2529656277166490_6205297164630547292_n.jpg\" alt=\"\" class=\"wp-image-59913\"\/><\/figure>\n\n\n\n<p><br>Bal\u0131k\u0259sird\u0259 v\u0259 \u0259traf\u0131nda Karesio\u011fullar\u0131, Manisa v\u0259 \u0259traf\u0131nda Saruhano\u011flular, \u0130zmir v\u0259 civar\u0131nda Ayd\u0131no\u011fullar\u0131, T\u00fcrk beylikl\u0259ri idil\u0259r. D\u0259nizli v\u0259 \u0259traf\u0131 \u0130nanc O\u011fullar\u0131, Mu\u011fla v\u0259 \u0259traf\u0131nda Mente\u015fe O\u011fullar\u0131, Antalya v\u0259 \u0259traf\u0131nda Hamito\u011fullar\u0131; Onlar t\u00fcrk b\u0259ylikl\u0259ri idi.Bey\u015fehir, Seydi\u015fehir v\u0259 \u0259traflar\u0131nda E\u015fref o\u011fullar\u0131, Adanada v\u0259 \u0259traf\u0131nda Ramazan o\u011fullar\u0131, Dulkadiro\u011flular\u0131 is\u0259 Mara\u015f v\u0259 \u0259traf\u0131nda yaranm\u0131\u015f t\u00fcrk b\u0259ylikl\u0259ri idi.<\/p>\n\n\n\n<p><br>Anadolunun h\u0259r qar\u0131\u015f\u0131 T\u00fcrkl\u0259rd\u0259n ibar\u0259tdi.<\/p>\n\n\n\n<p>He\u00e7 bir alim v\u0259 tarix\u00e7i bu b\u0259ylikl\u0259ri, s\u00fclal\u0259l\u0259ri, d\u00f6vl\u0259tl\u0259ri t\u00fcrkl\u00fckd\u0259n ba\u015fqa bir mill\u0259t\u0259 aid etm\u0259mi\u015fl\u0259r.<\/p>\n\n\n\n<p><br>Biz S\u0259lcuqlular olaraq Xorasan v\u0259 Az\u0259rbaycandan ke\u00e7\u0259r\u0259k Anadoluya g\u0259l\u0259nd\u0259 ancaq Bizans d\u00f6vl\u0259ti var idi. Biz bu torpaqlar\u0131 etnik qruplardan yox, Bizansdan alm\u0131\u015f\u0131q.<\/p>\n\n\n\n<p><br>\u0130ndi sadalanan rayonlar, \u015f\u0259h\u0259rl\u0259r v\u0259 b\u00fct\u00fcn torpaqlar qan v\u0259 q\u0131l\u0131ncla al\u0131nd\u0131. Bu torpaqlar bu c\u00fcr V\u0259t\u0259n\u0259 \u00e7evrilib. G\u00f6r\u00fcnd\u00fcy\u00fc kimi, Anadolu S\u0259lcuqlu d\u00f6vl\u0259tinin s\u00fcqutundan sonra qurulan b\u0259ylikl\u0259rin ham\u0131s\u0131 t\u00fcrk b\u0259ylikl\u0259ri idi.<\/p>\n\n\n\n<p><br>Anadolu S\u0259lcuqlu d\u00f6vl\u0259ti da\u011f\u0131landa d\u00f6vl\u0259tin z\u0259ifliyini n\u0259z\u0259r\u0259 alsan\u0131z, bir q\u0259d\u0259r g\u00fcc\u0259 malik \u0259n ki\u00e7ik qruplar bir b\u0259ylik meydana g\u0259tirdi. Anadoluda k\u00fcrdl\u0259r var idis\u0259, Osmanl\u0131lar bir ne\u00e7\u0259 n\u0259f\u0259rd\u0259n b\u0259ylik qurdu\u011fu halda, niy\u0259 k\u00fcrdl\u0259r bir b\u0259ylik bel\u0259 qurmad\u0131lar?<\/p>\n\n\n\n<p><br>K\u00fcrdl\u0259r Anadoluda olsayd\u0131lar, S\u0259lcuqlular\u0131n s\u00fcqutu zaman\u0131 ki\u00e7ik d\u0259 olsa, bir ne\u00e7\u0259 k\u0259ndi daxil ets\u0259l\u0259r d\u0259, b\u0259ylik qurmal\u0131 olmazd\u0131larm\u0131?<\/p>\n\n\n\n<p><br><strong>Ard\u0131 var<\/strong><\/p>\n","protected":false},"excerpt":{"rendered":"<p>Taner \u00dcnal T\u00fcrkiy\u0259, \u0130stanbul 19-cu \u0259srd\u0259n etibar\u0259n missionerl\u0259r k\u00fcrdl\u0259r v\u0259 erm\u0259nil\u0259r \u00fc\u00e7\u00fcn tarix yazma\u011fa ba\u015flad\u0131lar v\u0259 bu v\u0259ziyy\u0259t t\u00fcrk tarixinin m\u00f6ht\u0259\u015f\u0259m sivilizasiyalar\u0131na sahibl\u0259nm\u0259 \u015f\u0259klind\u0259<\/p>\n","protected":false},"author":2,"featured_media":0,"comment_status":"closed","ping_status":"closed","sticky":false,"template":"","format":"standard","meta":{"footnotes":""},"categories":[6],"tags":[],"class_list":["post-59912","post","type-post","status-publish","format-standard","hentry","category-arasdirma"],"aioseo_notices":[],"_links":{"self":[{"href":"https:\/\/fedai.az\/index.php?rest_route=\/wp\/v2\/posts\/59912","targetHints":{"allow":["GET"]}}],"collection":[{"href":"https:\/\/fedai.az\/index.php?rest_route=\/wp\/v2\/posts"}],"about":[{"href":"https:\/\/fedai.az\/index.php?rest_route=\/wp\/v2\/types\/post"}],"author":[{"embeddable":true,"href":"https:\/\/fedai.az\/index.php?rest_route=\/wp\/v2\/users\/2"}],"replies":[{"embeddable":true,"href":"https:\/\/fedai.az\/index.php?rest_route=%2Fwp%2Fv2%2Fcomments&post=59912"}],"version-history":[{"count":1,"href":"https:\/\/fedai.az\/index.php?rest_route=\/wp\/v2\/posts\/59912\/revisions"}],"predecessor-version":[{"id":59918,"href":"https:\/\/fedai.az\/index.php?rest_route=\/wp\/v2\/posts\/59912\/revisions\/59918"}],"wp:attachment":[{"href":"https:\/\/fedai.az\/index.php?rest_route=%2Fwp%2Fv2%2Fmedia&parent=59912"}],"wp:term":[{"taxonomy":"category","embeddable":true,"href":"https:\/\/fedai.az\/index.php?rest_route=%2Fwp%2Fv2%2Fcategories&post=59912"},{"taxonomy":"post_tag","embeddable":true,"href":"https:\/\/fedai.az\/index.php?rest_route=%2Fwp%2Fv2%2Ftags&post=59912"}],"curies":[{"name":"wp","href":"https:\/\/api.w.org\/{rel}","templated":true}]}}