{"id":59955,"date":"2022-01-18T23:58:55","date_gmt":"2022-01-18T19:58:55","guid":{"rendered":"https:\/\/fedai.az\/?p=59955"},"modified":"2022-01-18T23:58:58","modified_gmt":"2022-01-18T19:58:58","slug":"nazirl%c9%99r-kabinetind%c9%99-qiym%c9%99t-artimi-il%c9%99-bagli-musavir%c9%99-kecirildi","status":"publish","type":"post","link":"https:\/\/fedai.az\/?p=59955","title":{"rendered":"Nazirl\u0259r Kabinetind\u0259 qiym\u0259t art\u0131m\u0131 il\u0259 ba\u011fl\u0131 m\u00fc\u015favir\u0259 ke\u00e7irildi"},"content":{"rendered":"\n<p><strong>Bu g\u00fcn Az\u0259rbaycan Respublikas\u0131n\u0131n Ba\u015f naziri \u018fli \u018fs\u0259dovun s\u0259drliyi il\u0259 \u00f6lk\u0259d\u0259 \u0259rzaq t\u0259hl\u00fck\u0259sizliyi, qiym\u0259t art\u0131m\u0131 v\u0259 qar\u015f\u0131da duran v\u0259zif\u0259l\u0259r\u0259 h\u0259sr olunmu\u015f m\u00fc\u015favir\u0259 ke\u00e7irilib.<\/strong><br><br>Nazirl\u0259r Kabinetind\u0259n\u00a0veril\u0259n m\u0259lumata g\u00f6r\u0259, m\u00fc\u015favir\u0259ni giri\u015f s\u00f6z\u00fc il\u0259 a\u00e7an \u018f.\u018fs\u0259dov qeyd etdi ki, Prezident \u0130lham \u018fliyevin r\u0259hb\u0259rliyi il\u0259 2021-ci ild\u0259 h\u0259yata ke\u00e7iril\u0259n siyas\u0259t n\u0259tic\u0259sind\u0259 \u00f6lk\u0259mizd\u0259 sosial-iqtisadi inki\u015faf meyll\u0259ri davam etdirilmi\u015f, pandemiyan\u0131n milli iqtisadiyyata neqativ t\u0259sirl\u0259ri minimuma endirilmi\u015fdir.<br><br>2021-ci ilin makroiqtisadi g\u00f6st\u0259ricil\u0259rin\u0259 n\u0259z\u0259r salan Ba\u015f nazir \u00dcmumi Daxili M\u0259hsulun 5,6% artd\u0131\u011f\u0131n\u0131, onun h\u0259cminin 92,8 mlrd. manat t\u0259\u015fkil etdiyini bildirdi. Vur\u011fuland\u0131 ki, qeyri-neft sektoru \u00fczr\u0259 art\u0131m 7,2% olmu\u015f, s\u0259naye istehsal\u0131 5.2%, qeyri-neft s\u0259nayesi is\u0259 18,9% artm\u0131\u015fd\u0131r.<br><br>\u00d6lk\u0259nin strateji valyuta ehtiyatlar\u0131n\u0131n 2,5 mlrd. dollara yax\u0131n artaraq 53,2 mlrd. dollar\u0131 \u00f6td\u00fcy\u00fc v\u0259 xarici d\u00f6vl\u0259t borcunu 6 d\u0259f\u0259d\u0259n \u00e7ox \u00fcst\u0259l\u0259diyi bildirildi. B\u00fct\u00f6vl\u00fckd\u0259 2021-ci ild\u0259 \u00f6lk\u0259d\u0259 makroiqtisadi v\u0259 maliyy\u0259 sabitliyi t\u0259min olunmu\u015fdur.<\/p>\n\n\n\n<p>Qeyd olundu ki, bununla bel\u0259, orta illik inflyasiya 6,7%, o c\u00fcml\u0259d\u0259n \u0259rzaq inflyasiyas\u0131 8,1%, qeyri-\u0259rzaq inflyasiyas\u0131 5,1% t\u0259\u015fkil etmi\u015fdir. \u0130nflyasiyan\u0131n illik s\u0259viyy\u0259si 12% olmu\u015fdur.<br><br>B\u00fct\u00f6vl\u00fckd\u0259 qlobal istil\u0259\u015fm\u0259 v\u0259 quraql\u0131q, d\u0259y\u0259r z\u0259ncirinin q\u0131r\u0131lmas\u0131 v\u0259 t\u0259l\u0259b-t\u0259klif aras\u0131nda balans\u0131n pozulmas\u0131, habel\u0259 da\u015f\u0131nma-logistika x\u0259rcl\u0259rinin artmas\u0131 v\u0259 enerji da\u015f\u0131y\u0131c\u0131lar\u0131n\u0131n s\u00fcr\u0259tl\u0259 bahala\u015fmas\u0131 qlobal bahala\u015fman\u0131 \u015f\u0259rtl\u0259ndir\u0259n \u0259sas faktorlard\u0131r.<\/p>\n\n\n\n<p>Bildirildi ki, BMT-nin \u018frzaq v\u0259 K\u0259nd T\u0259s\u0259rr\u00fcfat\u0131 T\u0259\u015fkilat\u0131n\u0131n (FAO) m\u0259lumat\u0131na g\u00f6r\u0259 2021-ci ild\u0259 d\u00fcnya \u0259rzaq qiym\u0259tl\u0259ri son 10 ilin \u0259n y\u00fcks\u0259k s\u0259viyy\u0259sin\u0259 \u00e7atm\u0131\u015fd\u0131r.<\/p>\n\n\n\n<p>D\u00fcnya \u0259rzaq qiym\u0259tl\u0259rinin y\u00fcks\u0259lm\u0259kd\u0259 davam etm\u0259si il\u0259 d\u00fcnyan\u0131n \u0259ks\u0259r \u00f6lk\u0259l\u0259rind\u0259, o c\u00fcml\u0259d\u0259n Az\u0259rbaycan\u0131n \u0259sas ticar\u0259t t\u0259r\u0259fda\u015flar\u0131nda inflyasiya t\u0259zyiql\u0259ri y\u00fcks\u0259lmi\u015fdir.<br><br>Bildirildi ki, qlobal iqtisadiyyata inteqrasiya etmi\u015f Az\u0259rbaycanda da yerli istehsal\u0131 az olan v\u0259 ya idxal\u0131n \u00fcst\u00fcnl\u00fck t\u0259\u015fkil etdiyi m\u0259hsullar \u00fczr\u0259 qiym\u0259t art\u0131mlar\u0131 m\u00fc\u015fahid\u0259 olunur.<\/p>\n\n\n\n<p>\u0130nflyasiyan\u0131n formala\u015fmas\u0131nda \u0259rzaq m\u0259hsullar\u0131n\u0131n pay\u0131 y\u00fcks\u0259k olmu\u015fdur. \u00dcmumi inflyasiyan\u0131n t\u0259qrib\u0259n 60%-i \u0259rzaq inflyasiyas\u0131n\u0131n pay\u0131na d\u00fc\u015f\u00fcr.<\/p>\n\n\n\n<p>Bel\u0259 ki, k\u0259nd t\u0259s\u0259rr\u00fcfat\u0131 v\u0259 \u0259rzaq idxal\u0131m\u0131z 2,1 mlrd. dollar olmaqla \u00fcmumi idxal\u0131n 18%-ni t\u0259\u015fkil edir. 2021-ci ild\u0259 inflyasiyan\u0131n xarici amill\u0259ri \u0259h\u0259miyy\u0259tli aktivl\u0259\u015fmi\u015f v\u0259 Az\u0259rbaycanda xarici m\u0259n\u015f\u0259li \u0259rzaq inflyasiyas\u0131n\u0131n t\u0259siri \u00e7ox olmu\u015fdur.<\/p>\n\n\n\n<p>D\u00fcnya bazarlar\u0131nda tax\u0131l\u0131n qiym\u0259tind\u0259 2021-ci ilin dekabr ay\u0131nda son iki il\u0259 n\u0259z\u0259r\u0259n 45%-d\u0259n \u00e7ox art\u0131m ba\u015f verib. Bel\u0259 ki, 2021-ci ilin yanvar\u0131ndan ba\u015flayaraq idxal bu\u011fdas\u0131n\u0131n bir tonu \u00fc\u00e7\u00fcn qiym\u0259t 253 dollardan dekabr ay\u0131nda 340 dollara q\u0259d\u0259r artm\u0131\u015fd\u0131r.<\/p>\n\n\n\n<p>\u00d6t\u0259n il \u0259rzaql\u0131q bu\u011fdan\u0131n d\u00fcnya \u00fczr\u0259 k\u0259skin bahala\u015fmas\u0131n\u0131n Az\u0259rbaycana t\u0259sirinin azald\u0131lmas\u0131 m\u0259qs\u0259dil\u0259 H\u00f6kum\u0259t t\u0259r\u0259find\u0259n h\u0259yata ke\u00e7iril\u0259n t\u0259dbirl\u0259r bar\u0259d\u0259 dan\u0131\u015fan Ba\u015f nazir daxili bazarda sat\u0131lan un v\u0259 un m\u0259mulatlar\u0131n\u0131n h\u0259r tonu \u00fc\u00e7\u00fcn subsidiya m\u0259bl\u0259\u011finin art\u0131r\u0131ld\u0131\u011f\u0131n\u0131, bu\u011fdan\u0131n idxal\u0131 v\u0259 sat\u0131\u015f\u0131n\u0131n, bu\u011fda ununun v\u0259 \u00e7\u00f6r\u0259yin istehsal\u0131 v\u0259 sat\u0131\u015f\u0131n\u0131n \u018fDV-d\u0259n azad edilm\u0259sinin 2024-c\u00fc il\u0259d\u0259k uzad\u0131ld\u0131\u011f\u0131n\u0131, iri tax\u0131l idxalat\u00e7\u0131lar\u0131na M\u0259rk\u0259zi Bank\u0131n v\u0259saitl\u0259ri hesab\u0131na \u00e7ox a\u015fa\u011f\u0131 faizli kreditl\u0259rin ayr\u0131ld\u0131\u011f\u0131n\u0131 bildirdi.<\/p>\n\n\n\n<p>Vur\u011fuland\u0131 ki, t\u0259bii olaraq b\u00fct\u00fcn g\u00f6r\u00fclm\u00fc\u015f kompleks t\u0259dbirl\u0259r\u0259 baxmayaraq bu\u011fda v\u0259 unun qiym\u0259tl\u0259rinin real qiym\u0259tl\u0259rd\u0259n uzunm\u00fcdd\u0259tli d\u00f6vrd\u0259 bel\u0259 a\u015fa\u011f\u0131 s\u0259viyy\u0259d\u0259 saxlan\u0131lmas\u0131 \u00e7\u0259tin m\u0259s\u0259l\u0259 idi v\u0259 n\u0259tic\u0259d\u0259 unun v\u0259 \u00e7\u00f6r\u0259yin qiym\u0259ti artm\u0131\u015fd\u0131r.<\/p>\n\n\n\n<p>Bazar prinsipl\u0259rin\u0259 uy\u011fun un v\u0259 \u00e7\u00f6r\u0259yin haz\u0131rk\u0131 qiym\u0259t s\u0259viyy\u0259sind\u0259n k\u0259nar s\u00fcni qiym\u0259t art\u0131m\u0131 il\u0259 \u0259laq\u0259dar b\u00fct\u00fcn qabaqlay\u0131c\u0131 t\u0259dbirl\u0259rin g\u00f6r\u00fcld\u00fcy\u00fc vur\u011fuland\u0131.<\/p>\n\n\n\n<p>Bununla \u0259laq\u0259dar \u0130qtisadiyyat Nazirliyi yan\u0131nda Antiinhisar v\u0259 \u0130stehlak Bazar\u0131na N\u0259zar\u0259t D\u00f6vl\u0259t Xidm\u0259ti t\u0259r\u0259find\u0259n n\u0259zar\u0259t t\u0259dbirl\u0259rinin daha da g\u00fccl\u0259ndirildiyi, respublikan\u0131n 68 \u015f\u0259h\u0259r v\u0259 rayonu \u00fczr\u0259 unun sat\u0131\u015f\u0131 v\u0259 \u00e7\u00f6r\u0259yin \u00e7\u0259ki v\u0259 qiym\u0259tin\u0259 g\u00fcnd\u0259lik ciddi monitorinql\u0259rin apar\u0131ld\u0131\u011f\u0131 diqq\u0259t\u0259 \u00e7atd\u0131r\u0131ld\u0131.<\/p>\n\n\n\n<p>Qlobal \u0259rzaq bazarlar\u0131nda \u0259sas m\u0259hsullar \u00fczr\u0259 qiym\u0259tl\u0259rd\u0259 m\u00fc\u015fahid\u0259 edil\u0259n bahala\u015fman\u0131 n\u0259z\u0259r\u0259 alaraq \u00f6lk\u0259nin \u0259rzaq t\u0259minat\u0131 v\u0259 \u0259rzaq t\u0259hl\u00fck\u0259sizliyi m\u0259s\u0259l\u0259l\u0259rin\u0259, idxaldan as\u0131l\u0131l\u0131q s\u0259viyy\u0259sinin azald\u0131lmas\u0131na x\u00fcsusi diqq\u0259t yetirilir.<\/p>\n\n\n\n<p>Eyni zamanda i\u015f\u011faldan azad edilmi\u015f torpaqlar\u0131n k\u0259nd t\u0259s\u0259rr\u00fcfat\u0131 potensial\u0131n\u0131n \u00f6lk\u0259mizin iqtisadi inki\u015faf\u0131 \u00fc\u00e7\u00fcn m\u00fch\u00fcm \u0259h\u0259miyy\u0259t da\u015f\u0131d\u0131\u011f\u0131 bildirildi. Diqq\u0259t\u0259 \u00e7atd\u0131r\u0131ld\u0131 ki, d\u00f6vl\u0259t ba\u015f\u00e7\u0131s\u0131n\u0131n tap\u015f\u0131r\u0131\u011f\u0131na uy\u011fun olaraq azad edilmi\u015f torpaqlar\u0131n t\u0259xmin\u0259n 100 min hektar\u0131nda \u0259kin i\u015fl\u0259rinin apar\u0131lmas\u0131 \u0259rzaq t\u0259hl\u00fck\u0259sizliyini, h\u0259m d\u0259 k\u0259nd t\u0259s\u0259rr\u00fcfat\u0131 emal\u0131 \u00fczr\u0259 f\u0259aliyy\u0259t sah\u0259l\u0259rinin yarad\u0131lmas\u0131 bu sektorda art\u0131m\u0131 d\u0259st\u0259kl\u0259y\u0259c\u0259kdir.<\/p>\n\n\n\n<p>Bildirildi ki, k\u0259nd t\u0259s\u0259rr\u00fcfat\u0131 sah\u0259sind\u0259 \u0259sas prioritet keyfiyy\u0259t d\u0259yi\u015fikliyin\u0259 nail olunmas\u0131, m\u0259hsuldarl\u0131q v\u0259 s\u0259m\u0259r\u0259liliyin art\u0131r\u0131lmas\u0131 olmal\u0131d\u0131r.<\/p>\n\n\n\n<p>Tax\u0131l-bu\u011fda istehsal\u0131nda m\u0259hsuldarl\u0131\u011f\u0131n art\u0131r\u0131lmas\u0131, onun t\u0259dar\u00fck\u00fcnd\u0259 daxili t\u0259l\u0259bata y\u00f6n\u0259l\u0259n hiss\u0259nin keyfiyy\u0259tinin art\u0131r\u0131lmas\u0131, n\u0259tic\u0259 y\u00f6n\u00fcml\u00fc subsidiyalar\u0131n verilm\u0259si istiqam\u0259tind\u0259 t\u0259dbirl\u0259r g\u00f6r\u00fclm\u0259lidir.<\/p>\n\n\n\n<p>Vur\u011fuland\u0131 ki, \u0259halinin h\u0259yat s\u0259viyy\u0259sinin v\u0259 \u0259rzaqla etibarl\u0131 t\u0259minat\u0131n\u0131n bazarlar\u0131n s\u0259m\u0259r\u0259li f\u0259aliyy\u0259tind\u0259n bilavasit\u0259 as\u0131l\u0131 oldu\u011funu n\u0259z\u0259r\u0259 alaraq \u0259rzaq bazar\u0131n\u0131n s\u0259m\u0259r\u0259li t\u0259\u015fkili v\u0259 t\u0259nziml\u0259nm\u0259si daim diqq\u0259t m\u0259rk\u0259zind\u0259 olmal\u0131d\u0131r.<\/p>\n\n\n\n<p>K\u0259nd t\u0259s\u0259rr\u00fcfat\u0131 m\u0259hsullar\u0131 istehsal\u0131n\u0131 art\u0131rmaqla \u0259rzaq bazar\u0131nda t\u0259l\u0259b v\u0259 t\u0259klifin tarazla\u015fd\u0131r\u0131lmas\u0131na v\u0259 \u00f6z\u00fcn\u00fct\u0259minetm\u0259 s\u0259viyy\u0259sinin art\u0131r\u0131lmas\u0131na nail olunmas\u0131n\u0131n vacibliyi vur\u011fuland\u0131. Daxili istehsal imkanlar\u0131 \u0259halinin \u0259sas \u0259rzaq m\u0259hsullar\u0131na t\u0259l\u0259bat\u0131n\u0131 \u00f6d\u0259m\u0259k iqtidar\u0131nda olmal\u0131d\u0131r.<\/p>\n\n\n\n<p>X\u00fcsusil\u0259 vur\u011fuland\u0131 ki, haqs\u0131z r\u0259qab\u0259t, bazar s\u00f6vd\u0259l\u0259\u015fm\u0259si, qiym\u0259tl\u0259rin s\u00fcni art\u0131r\u0131lmas\u0131 hallar\u0131nda d\u00f6vl\u0259t qurumlar\u0131 inzibati r\u0131\u00e7aqlardan istifad\u0259 etm\u0259kl\u0259 m\u00f6ht\u0259kirlik hallar\u0131n\u0131n qar\u015f\u0131s\u0131n\u0131 q\u0259tiyy\u0259tl\u0259 almal\u0131, istehlak bazar\u0131na antiinhisar n\u0259zar\u0259ti g\u00fccl\u0259ndirilm\u0259lidir.<\/p>\n\n\n\n<p>Diqq\u0259t\u0259 \u00e7atd\u0131r\u0131ld\u0131 ki, \u00e7evik v\u0259 kompleks anti-inflyasiya proqram\u0131 q\u0131sam\u00fcdd\u0259tli d\u00f6vrd\u0259 inflyasiyan\u0131n amill\u0259rini n\u0259zar\u0259td\u0259 saxlama\u011fa imkan ver\u0259 bil\u0259r.<\/p>\n\n\n\n<p>Aidiyy\u0259ti d\u00f6vl\u0259t qurumlar\u0131na q\u0131sa m\u00fcdd\u0259t \u0259rzind\u0259 \u201cAntiinflyasiya t\u0259dbirl\u0259rinin g\u00fccl\u0259ndirilm\u0259si haqq\u0131nda\u201d T\u0259dbirl\u0259r Plan\u0131 bar\u0259d\u0259 t\u0259klifl\u0259rini H\u00f6kum\u0259t\u0259 t\u0259qdim etm\u0259l\u0259ri tap\u015f\u0131r\u0131ld\u0131.<\/p>\n\n\n\n<p>M\u00fc\u015favir\u0259d\u0259, h\u0259m\u00e7inin iqtisadiyyat naziri Mikay\u0131l Cabbarovun, k\u0259nd t\u0259s\u0259rr\u00fcfat\u0131 naziri \u0130nam K\u0259rimovun v\u0259 D\u00f6vl\u0259t G\u00f6mr\u00fck Komit\u0259sinin s\u0259dri S\u0259f\u0259r Mehdiyevin m\u0259ruz\u0259l\u0259ri dinl\u0259nildi, g\u00fcnd\u0259likd\u0259 duran m\u0259s\u0259l\u0259l\u0259r\u0259 dair geni\u015f m\u00fczakir\u0259l\u0259r apar\u0131ld\u0131.<\/p>\n","protected":false},"excerpt":{"rendered":"<p>Bu g\u00fcn Az\u0259rbaycan Respublikas\u0131n\u0131n Ba\u015f naziri \u018fli \u018fs\u0259dovun s\u0259drliyi il\u0259 \u00f6lk\u0259d\u0259 \u0259rzaq t\u0259hl\u00fck\u0259sizliyi, qiym\u0259t art\u0131m\u0131 v\u0259 qar\u015f\u0131da duran v\u0259zif\u0259l\u0259r\u0259 h\u0259sr olunmu\u015f m\u00fc\u015favir\u0259 ke\u00e7irilib. Nazirl\u0259r<\/p>\n","protected":false},"author":2,"featured_media":0,"comment_status":"closed","ping_status":"closed","sticky":false,"template":"","format":"standard","meta":{"footnotes":""},"categories":[3],"tags":[],"class_list":["post-59955","post","type-post","status-publish","format-standard","hentry","category-gundm"],"aioseo_notices":[],"_links":{"self":[{"href":"https:\/\/fedai.az\/index.php?rest_route=\/wp\/v2\/posts\/59955","targetHints":{"allow":["GET"]}}],"collection":[{"href":"https:\/\/fedai.az\/index.php?rest_route=\/wp\/v2\/posts"}],"about":[{"href":"https:\/\/fedai.az\/index.php?rest_route=\/wp\/v2\/types\/post"}],"author":[{"embeddable":true,"href":"https:\/\/fedai.az\/index.php?rest_route=\/wp\/v2\/users\/2"}],"replies":[{"embeddable":true,"href":"https:\/\/fedai.az\/index.php?rest_route=%2Fwp%2Fv2%2Fcomments&post=59955"}],"version-history":[{"count":1,"href":"https:\/\/fedai.az\/index.php?rest_route=\/wp\/v2\/posts\/59955\/revisions"}],"predecessor-version":[{"id":59957,"href":"https:\/\/fedai.az\/index.php?rest_route=\/wp\/v2\/posts\/59955\/revisions\/59957"}],"wp:attachment":[{"href":"https:\/\/fedai.az\/index.php?rest_route=%2Fwp%2Fv2%2Fmedia&parent=59955"}],"wp:term":[{"taxonomy":"category","embeddable":true,"href":"https:\/\/fedai.az\/index.php?rest_route=%2Fwp%2Fv2%2Fcategories&post=59955"},{"taxonomy":"post_tag","embeddable":true,"href":"https:\/\/fedai.az\/index.php?rest_route=%2Fwp%2Fv2%2Ftags&post=59955"}],"curies":[{"name":"wp","href":"https:\/\/api.w.org\/{rel}","templated":true}]}}