{"id":59965,"date":"2022-01-19T00:30:22","date_gmt":"2022-01-18T20:30:22","guid":{"rendered":"https:\/\/fedai.az\/?p=59965"},"modified":"2022-01-19T00:33:04","modified_gmt":"2022-01-18T20:33:04","slug":"nazarbayev-danisdi-hec-yer%c9%99-qacmamisam","status":"publish","type":"post","link":"https:\/\/fedai.az\/?p=59965","title":{"rendered":"Nazarbayev dan\u0131\u015fd\u0131: &#171;He\u00e7 yer\u0259 qa\u00e7mam\u0131\u015fam&#187;"},"content":{"rendered":"\n<p><strong>T\u0259qa\u00fcdd\u0259y\u0259m v\u0259 haz\u0131rda paytaxtda&nbsp;istirah\u0259t&nbsp;edir\u0259m. He\u00e7 yana qa\u00e7mam\u0131\u015fam.<\/strong><\/p>\n\n\n\n<p>Qazax\u0131stan\u0131n ke\u00e7mi\u015f prezidenti Nursultan Nazarbayev xalqa m\u00fcraci\u0259tind\u0259 bel\u0259 deyib.<\/p>\n\n\n\n<p>Nazarbayev Qazax\u0131stan\u0131n siyasi elitas\u0131ndak\u0131 yaranm\u0131\u015f qar\u015f\u0131durma il\u0259 ba\u011fl\u0131 yay\u0131lm\u0131\u015f \u015fayi\u0259l\u0259ri t\u0259kzib edib. O, xalq\u0131 Tokayevin islahat proqram\u0131na d\u0259st\u0259k verm\u0259y\u0259 \u00e7a\u011f\u0131r\u0131b. Sabiq prezident m\u00fcraci\u0259tind\u0259 bir s\u0131ra m\u0259s\u0259l\u0259l\u0259r\u0259 toxunub.<\/p>\n\n\n\n<figure class=\"wp-block-embed is-type-video is-provider-youtube wp-block-embed-youtube wp-embed-aspect-16-9 wp-has-aspect-ratio\"><div class=\"wp-block-embed__wrapper\">\n<iframe loading=\"lazy\" title=\"\u049a\u0430\u0437\u0430\u049b\u0441\u0442\u0430\u043d \u0420\u0435\u0441\u043f\u0443\u0431\u043b\u0438\u043a\u0430\u0441\u044b\u043d\u044b\u04a3 \u0422\u04b1\u04a3\u0493\u044b\u0448 \u041f\u0440\u0435\u0437\u0438\u0434\u0435\u043d\u0442\u0456 \u2013 \u0415\u043b\u0431\u0430\u0441\u044b \u041d.\u04d8.\u041d\u0430\u0437\u0430\u0440\u0431\u0430\u0435\u0432\u0442\u044b\u04a3 \u049a\u0430\u0437\u0430\u049b\u0441\u0442\u0430\u043d \u0445\u0430\u043b\u049b\u044b\u043d\u0430 \u04af\u043d\u0434\u0435\u0443\u0456\" width=\"715\" height=\"402\" src=\"https:\/\/www.youtube.com\/embed\/K0ZSwtUV_bo?feature=oembed\" frameborder=\"0\" allow=\"accelerometer; autoplay; clipboard-write; encrypted-media; gyroscope; picture-in-picture\" allowfullscreen><\/iframe>\n<\/div><\/figure>\n\n\n\n<figure class=\"wp-block-embed is-type-video is-provider-youtube wp-block-embed-youtube wp-embed-aspect-16-9 wp-has-aspect-ratio\"><div class=\"wp-block-embed__wrapper\">\n<iframe loading=\"lazy\" title=\"\u049a\u0430\u0437\u0430\u049b\u0441\u0442\u0430\u043d \u0420\u0435\u0441\u043f\u0443\u0431\u043b\u0438\u043a\u0430\u0441\u044b\u043d\u044b\u04a3 \u0422\u04b1\u04a3\u0493\u044b\u0448 \u041f\u0440\u0435\u0437\u0438\u0434\u0435\u043d\u0442\u0456 \u2013 \u0415\u043b\u0431\u0430\u0441\u044b \u041d.\u04d8.\u041d\u0430\u0437\u0430\u0440\u0431\u0430\u0435\u0432\u0442\u044b\u04a3 \u049a\u0430\u0437\u0430\u049b\u0441\u0442\u0430\u043d \u0445\u0430\u043b\u049b\u044b\u043d\u0430 \u04af\u043d\u0434\u0435\u0443\u0456\" width=\"715\" height=\"402\" src=\"https:\/\/www.youtube.com\/embed\/K0ZSwtUV_bo?feature=oembed\" frameborder=\"0\" allow=\"accelerometer; autoplay; clipboard-write; encrypted-media; gyroscope; picture-in-picture\" allowfullscreen><\/iframe>\n<\/div><\/figure>\n","protected":false},"excerpt":{"rendered":"<p>T\u0259qa\u00fcdd\u0259y\u0259m v\u0259 haz\u0131rda paytaxtda&nbsp;istirah\u0259t&nbsp;edir\u0259m. He\u00e7 yana qa\u00e7mam\u0131\u015fam. Qazax\u0131stan\u0131n ke\u00e7mi\u015f prezidenti Nursultan Nazarbayev xalqa m\u00fcraci\u0259tind\u0259 bel\u0259 deyib. Nazarbayev Qazax\u0131stan\u0131n siyasi elitas\u0131ndak\u0131 yaranm\u0131\u015f qar\u015f\u0131durma il\u0259 ba\u011fl\u0131<\/p>\n","protected":false},"author":2,"featured_media":0,"comment_status":"closed","ping_status":"closed","sticky":false,"template":"","format":"standard","meta":{"footnotes":""},"categories":[1],"tags":[],"class_list":["post-59965","post","type-post","status-publish","format-standard","hentry","category-siyast"],"aioseo_notices":[],"_links":{"self":[{"href":"https:\/\/fedai.az\/index.php?rest_route=\/wp\/v2\/posts\/59965","targetHints":{"allow":["GET"]}}],"collection":[{"href":"https:\/\/fedai.az\/index.php?rest_route=\/wp\/v2\/posts"}],"about":[{"href":"https:\/\/fedai.az\/index.php?rest_route=\/wp\/v2\/types\/post"}],"author":[{"embeddable":true,"href":"https:\/\/fedai.az\/index.php?rest_route=\/wp\/v2\/users\/2"}],"replies":[{"embeddable":true,"href":"https:\/\/fedai.az\/index.php?rest_route=%2Fwp%2Fv2%2Fcomments&post=59965"}],"version-history":[{"count":2,"href":"https:\/\/fedai.az\/index.php?rest_route=\/wp\/v2\/posts\/59965\/revisions"}],"predecessor-version":[{"id":59967,"href":"https:\/\/fedai.az\/index.php?rest_route=\/wp\/v2\/posts\/59965\/revisions\/59967"}],"wp:attachment":[{"href":"https:\/\/fedai.az\/index.php?rest_route=%2Fwp%2Fv2%2Fmedia&parent=59965"}],"wp:term":[{"taxonomy":"category","embeddable":true,"href":"https:\/\/fedai.az\/index.php?rest_route=%2Fwp%2Fv2%2Fcategories&post=59965"},{"taxonomy":"post_tag","embeddable":true,"href":"https:\/\/fedai.az\/index.php?rest_route=%2Fwp%2Fv2%2Ftags&post=59965"}],"curies":[{"name":"wp","href":"https:\/\/api.w.org\/{rel}","templated":true}]}}