{"id":59968,"date":"2022-01-19T00:41:03","date_gmt":"2022-01-18T20:41:03","guid":{"rendered":"https:\/\/fedai.az\/?p=59968"},"modified":"2022-01-19T00:41:05","modified_gmt":"2022-01-18T20:41:05","slug":"ilham-%c9%99liyev-babasina-tagiyevin-etdiyi-yardimdan-danisib","status":"publish","type":"post","link":"https:\/\/fedai.az\/?p=59968","title":{"rendered":"\u0130lham \u018fliyev babas\u0131na Ta\u011f\u0131yevin etdiyi yard\u0131mdan dan\u0131\u015f\u0131b"},"content":{"rendered":"\n<p><strong>\u201cM\u0259n art\u0131q bunu bir d\u0259f\u0259 demi\u015f\u0259m, bir daha dem\u0259k ist\u0259yir\u0259m ki, t\u0259hsil almaq \u00fc\u00e7\u00fcn xaric\u0259 g\u00f6nd\u0259ril\u0259n t\u0259l\u0259b\u0259l\u0259rin aras\u0131nda m\u0259nim babam \u018fziz \u018fliyev d\u0259 olmu\u015fdur\u201d.<\/strong><\/p>\n\n\n\n<p>Bunu Az\u0259rbaycan Prezidenti \u0130lham \u018fliyev yanvar\u0131n 18-d\u0259 xeyriyy\u0259\u00e7i Hac\u0131 Zeynalabdin Ta\u011f\u0131yevin Bak\u0131da ucald\u0131lan abid\u0259sinin a\u00e7\u0131l\u0131\u015f\u0131nda bildirib.<\/p>\n\n\n\n<p>Az\u0259rbaycan Prezidenti xat\u0131rlad\u0131b ki, \u018fziz \u018fliyev q\u0259dim Az\u0259rbaycan torpa\u011f\u0131 olan \u0130r\u0259van xanl\u0131\u011f\u0131 \u0259razisind\u0259 do\u011fulmu\u015fdur:<\/p>\n\n\n\n<p><strong>\u201cO da Ta\u011f\u0131yev kimi kas\u0131b ail\u0259d\u0259n idi, oxumaq ist\u0259yirdi. Ta\u011f\u0131yev\u0259 m\u0259ktub yazm\u0131\u015fd\u0131, xahi\u015f etmi\u015fdi ki, ona maddi k\u00f6m\u0259k g\u00f6st\u0259rilsin. Ta\u011f\u0131yev d\u0259 onu t\u0259bii ki, tan\u0131m\u0131rd\u0131, sad\u0259c\u0259 olaraq, bir g\u0259ncin t\u0259hsil\u0259 olan bel\u0259 mara\u011f\u0131n\u0131 n\u0259z\u0259r\u0259 alaraq ona pul g\u00f6nd\u0259rmi\u015fdir v\u0259 \u018fziz \u018fliyev bu pul hesab\u0131na o vaxt Sankt-Peterburq H\u0259rbi Tibb Akademiyas\u0131nda oxumu\u015fdur. Hesab edir\u0259m ki, bu hadis\u0259 onun g\u0259l\u0259c\u0259k taleyind\u0259 h\u0259lledici rol oynam\u0131\u015fd\u0131r. \u00c7\u00fcnki o, h\u0259m g\u00f6z\u0259l h\u0259kim, eyni zamanda, b\u00f6y\u00fck d\u00f6vl\u0259t xadimi olmu\u015fdur\u201d.<\/strong><\/p>\n\n\n\n<p>\u0130lham \u018fliyevin s\u00f6zl\u0259rin\u0259 g\u00f6r\u0259, \u0130kinci D\u00fcnya m\u00fcharib\u0259sind\u0259 onu Bak\u0131dan Da\u011f\u0131stana ezam etmi\u015fl\u0259r:<\/p>\n\n\n\n<p>\u201cBir ne\u00e7\u0259 il Da\u011f\u0131stan\u0131n r\u0259hb\u0259ri v\u0259zif\u0259sind\u0259 i\u015fl\u0259mi\u015fdir v\u0259 da\u011f\u0131stanl\u0131lar\u0131 s\u00fcrg\u00fcnd\u0259n xilas etmi\u015fdir. \u00c7\u00fcnki o vaxt ba\u015fqa Qafqaz xalqlar\u0131 il\u0259 b\u0259rab\u0259r, da\u011f\u0131stanl\u0131lar\u0131 da Qazax\u0131stana s\u00fcrg\u00fcn etm\u0259k ist\u0259yirdil\u0259r, sovet h\u00f6kum\u0259tinin bel\u0259 planlar\u0131 var idi. M\u0259hz \u018fziz \u018fliyevin q\u0259tiyy\u0259tli m\u00f6vqeyin\u0259 g\u00f6r\u0259 bu, ba\u015f verm\u0259di. Da\u011f\u0131stanl\u0131lar bunu yax\u015f\u0131 bilirl\u0259r, yax\u015f\u0131 xat\u0131rlay\u0131rlar v\u0259 t\u0259sad\u00fcfi deyil ki, Maha\u00e7qalada da\u011f\u0131stanl\u0131lar\u0131n t\u0259\u015f\u0259bb\u00fcs\u00fc il\u0259 \u018fziz \u018fliyevin abid\u0259si ucald\u0131lm\u0131\u015fd\u0131r\u201d.<\/p>\n\n\n\n<figure class=\"wp-block-image size-large is-resized\"><img loading=\"lazy\" decoding=\"async\" src=\"https:\/\/fedai.az\/wp-content\/uploads\/2022\/01\/1642535888-750-450.jpg\" alt=\"\" class=\"wp-image-59969\" width=\"913\" height=\"583\"\/><\/figure>\n","protected":false},"excerpt":{"rendered":"<p>\u201cM\u0259n art\u0131q bunu bir d\u0259f\u0259 demi\u015f\u0259m, bir daha dem\u0259k ist\u0259yir\u0259m ki, t\u0259hsil almaq \u00fc\u00e7\u00fcn xaric\u0259 g\u00f6nd\u0259ril\u0259n t\u0259l\u0259b\u0259l\u0259rin aras\u0131nda m\u0259nim babam \u018fziz \u018fliyev d\u0259 olmu\u015fdur\u201d.<\/p>\n","protected":false},"author":2,"featured_media":0,"comment_status":"closed","ping_status":"closed","sticky":false,"template":"","format":"standard","meta":{"footnotes":""},"categories":[3],"tags":[],"class_list":["post-59968","post","type-post","status-publish","format-standard","hentry","category-gundm"],"aioseo_notices":[],"_links":{"self":[{"href":"https:\/\/fedai.az\/index.php?rest_route=\/wp\/v2\/posts\/59968","targetHints":{"allow":["GET"]}}],"collection":[{"href":"https:\/\/fedai.az\/index.php?rest_route=\/wp\/v2\/posts"}],"about":[{"href":"https:\/\/fedai.az\/index.php?rest_route=\/wp\/v2\/types\/post"}],"author":[{"embeddable":true,"href":"https:\/\/fedai.az\/index.php?rest_route=\/wp\/v2\/users\/2"}],"replies":[{"embeddable":true,"href":"https:\/\/fedai.az\/index.php?rest_route=%2Fwp%2Fv2%2Fcomments&post=59968"}],"version-history":[{"count":1,"href":"https:\/\/fedai.az\/index.php?rest_route=\/wp\/v2\/posts\/59968\/revisions"}],"predecessor-version":[{"id":59971,"href":"https:\/\/fedai.az\/index.php?rest_route=\/wp\/v2\/posts\/59968\/revisions\/59971"}],"wp:attachment":[{"href":"https:\/\/fedai.az\/index.php?rest_route=%2Fwp%2Fv2%2Fmedia&parent=59968"}],"wp:term":[{"taxonomy":"category","embeddable":true,"href":"https:\/\/fedai.az\/index.php?rest_route=%2Fwp%2Fv2%2Fcategories&post=59968"},{"taxonomy":"post_tag","embeddable":true,"href":"https:\/\/fedai.az\/index.php?rest_route=%2Fwp%2Fv2%2Ftags&post=59968"}],"curies":[{"name":"wp","href":"https:\/\/api.w.org\/{rel}","templated":true}]}}