{"id":60169,"date":"2022-01-20T16:09:45","date_gmt":"2022-01-20T12:09:45","guid":{"rendered":"https:\/\/fedai.az\/?p=60169"},"modified":"2022-01-20T16:09:46","modified_gmt":"2022-01-20T12:09:46","slug":"bin%c9%99q%c9%99di-rayon-veteranlari-20-yanvar-umumxalq-huzn-gunund%c9%99-istirak-edibl%c9%99r","status":"publish","type":"post","link":"https:\/\/fedai.az\/?p=60169","title":{"rendered":"Bin\u0259q\u0259di rayon veteranlar\u0131 20 Yanvar \u00dcmumxalq H\u00fczn G\u00fcn\u00fcnd\u0259 i\u015ftirak edibl\u0259r"},"content":{"rendered":"\n<p><strong>Bin\u0259q\u0259di rayon veteranlar\u0131 20 Yanvar \u00dcmumxalq H\u00fczn G\u00fcn\u00fc il\u0259 \u0259laq\u0259dar \u015e\u0259hidl\u0259r Xiyaban\u0131n\u0131 ziyar\u0259t edibl\u0259r.<\/strong><\/p>\n\n\n\n<figure class=\"wp-block-image size-large is-resized\"><img loading=\"lazy\" decoding=\"async\" src=\"https:\/\/fedai.az\/wp-content\/uploads\/2022\/01\/271723197_1006467853559487_8045894654902749783_n-1.jpg\" alt=\"\" class=\"wp-image-60171\" width=\"915\" height=\"687\" srcset=\"https:\/\/fedai.az\/wp-content\/uploads\/2022\/01\/271723197_1006467853559487_8045894654902749783_n-1.jpg 774w, https:\/\/fedai.az\/wp-content\/uploads\/2022\/01\/271723197_1006467853559487_8045894654902749783_n-1-300x225.jpg 300w, https:\/\/fedai.az\/wp-content\/uploads\/2022\/01\/271723197_1006467853559487_8045894654902749783_n-1-150x113.jpg 150w, https:\/\/fedai.az\/wp-content\/uploads\/2022\/01\/271723197_1006467853559487_8045894654902749783_n-1-768x576.jpg 768w\" sizes=\"auto, (max-width: 915px) 100vw, 915px\" \/><\/figure>\n\n\n\n<p><br><strong>Az\u0259rbaycan V\u0259t\u0259n M\u00fcharib\u0259si Veteranlar\u0131 \u0130ctimai Birliyi (AVMV\u0130B) Bin\u0259q\u0259di rayon \u015f\u00f6b\u0259sinin s\u0259dri M\u0259rdan \u018fl\u0259sg\u0259rov<\/strong> bildirdi ki, 1990-c\u0131 il yanvar\u0131n 20-si Az\u0259rbaycan xalq\u0131n\u0131n tarixin\u0259 h\u0259m faci\u0259li, h\u0259m d\u0259 q\u0259hr\u0259manl\u0131q, r\u0259\u015fad\u0259t s\u0259hif\u0259si kimi yaz\u0131ld\u0131. Ulu \u00f6nd\u0259r Heyd\u0259r \u018fliyev vaxtil\u0259 20 Yanvar hadis\u0259l\u0259ri haqq\u0131nda dan\u0131\u015fark\u0259n deyirdi ki, o g\u00fcnl\u0259rd\u0259n n\u0259 q\u0259d\u0259r \u00e7ox uzaqla\u015fsaq, h\u0259min g\u00fcnl\u0259rin Az\u0259rbaycan xalq\u0131n\u0131n tarixind\u0259 nec\u0259 m\u00fch\u00fcm yer tutdu\u011funu bir o q\u0259d\u0259r d\u0259rk ed\u0259c\u0259yik v\u0259 b\u0259lk\u0259 d\u0259 g\u0259l\u0259c\u0259k n\u0259sill\u0259r buna daha do\u011fru, daha d\u00fczg\u00fcn qiym\u0259t ver\u0259c\u0259kl\u0259r. Ancaq bir \u015fey h\u0259qiq\u0259tdir ki, 1990-c\u0131 ilin 20 Yanvar\u0131 Az\u0259rbaycan xalq\u0131n\u0131n h\u0259yat\u0131nda d\u00f6n\u00fc\u015f m\u0259rh\u0259l\u0259si, d\u00f6n\u00fc\u015f n\u00f6qt\u0259si olub. <\/p>\n\n\n\n<p><strong>Allah \u015f\u0259hidl\u0259rimiz\u0259 r\u0259hm\u0259t el\u0259sin!<\/strong><\/p>\n\n\n\n<figure class=\"wp-block-image size-large is-resized\"><img loading=\"lazy\" decoding=\"async\" src=\"https:\/\/fedai.az\/wp-content\/uploads\/2022\/01\/271730270_234465532182938_5625860800690643771_n.jpg\" alt=\"\" class=\"wp-image-60170\" width=\"914\" height=\"686\" srcset=\"https:\/\/fedai.az\/wp-content\/uploads\/2022\/01\/271730270_234465532182938_5625860800690643771_n.jpg 774w, https:\/\/fedai.az\/wp-content\/uploads\/2022\/01\/271730270_234465532182938_5625860800690643771_n-300x225.jpg 300w, https:\/\/fedai.az\/wp-content\/uploads\/2022\/01\/271730270_234465532182938_5625860800690643771_n-150x113.jpg 150w, https:\/\/fedai.az\/wp-content\/uploads\/2022\/01\/271730270_234465532182938_5625860800690643771_n-768x576.jpg 768w\" sizes=\"auto, (max-width: 914px) 100vw, 914px\" \/><\/figure>\n\n\n\n<p><br>T\u0259dbird\u0259 i\u015ftirak ed\u0259n <strong>AVMV\u0130B Bin\u0259q\u0259di rayon \u015f\u00f6b\u0259sinin humanitar m\u0259s\u0259l\u0259l\u0259r \u00fczr\u0259 s\u0259dr m\u00fcavini \u0130lqar Abbasov <\/strong>qeyd etdi ki, \u0259li qanl\u0131 Sovet qo\u015funlar\u0131n\u0131n Bak\u0131ya qanunsuz yeridilm\u0259si n\u0259tic\u0259sind\u0259 Bak\u0131da v\u0259 Az\u0259rbaycan rayonlar\u0131nda 146 n\u0259f\u0259r \u00f6ld\u00fcr\u00fclm\u00fc\u015f, 744 n\u0259f\u0259r yaralanm\u0131\u015f, 841 n\u0259f\u0259r qanunsuz h\u0259bs olunmu\u015fdur; h\u0259rbi qulluq\u00e7ular t\u0259r\u0259find\u0259n 200 ev v\u0259 m\u0259nzil, 80 avtoma\u015f\u0131n, o c\u00fcml\u0259d\u0259n t\u0259cili yard\u0131m ma\u015f\u0131nlar\u0131, yand\u0131r\u0131c\u0131 g\u00fcll\u0259l\u0259rin t\u00f6r\u0259tdiyi yan\u011f\u0131n n\u0259tic\u0259sind\u0259 d\u00f6vl\u0259t \u0259mlak\u0131 v\u0259 \u015f\u0259xsi \u0259mlak m\u0259hv edilmi\u015fdir. H\u0259lak olanlar\u0131n aras\u0131nda qad\u0131nlar, u\u015faqlar v\u0259 qocalar, h\u0259m\u00e7inin t\u0259cili yard\u0131m i\u015f\u00e7il\u0259ri v\u0259 milisl\u0259r olmu\u015fdur. Qara Yanvar faci\u0259si n\u0259tic\u0259sind\u0259 SSR\u0130 Konstitusiyas\u0131 v\u0259 Az\u0259rbaycan SSR Konstitusiyas\u0131 kobudcas\u0131na pozulmu\u015f, Az\u0259rbaycan Respublikas\u0131n\u0131n suveren h\u00fcquqlar\u0131 tapdalanm\u0131\u015fd\u0131r. Qabaqcadan haz\u0131rlanan bu t\u0259cav\u00fczkarl\u0131q aksiyas\u0131 Az\u0259rbaycan xalq\u0131n\u0131n demokratiya v\u0259 milli azadl\u0131q u\u011frunda m\u00fcbariz\u0259sini bo\u011fmaq, xalq\u0131 t\u0259hqir ed\u0259r\u0259k ona m\u0259n\u0259vi z\u0259rb\u0259 vurmaq m\u0259qs\u0259di da\u015f\u0131m\u0131\u015fd\u0131r. Bu g\u00fcn \u015f\u0259hidl\u0259rimizi Z\u0259f\u0259r ilind\u0259 anmaqday\u0131q. H\u00fcz\u00fcn g\u00fcn\u00fc olsa da bu g\u00fcn q\u00fcrurluyuq.<\/p>\n\n\n\n<p><br><strong>Allah \u015f\u0259hidl\u0259rimiz\u0259 r\u0259hm\u0259t el\u0259sin!<\/strong><\/p>\n\n\n\n<p><strong><br>Elnur S\u0259lim<\/strong><\/p>\n","protected":false},"excerpt":{"rendered":"<p>Bin\u0259q\u0259di rayon veteranlar\u0131 20 Yanvar \u00dcmumxalq H\u00fczn G\u00fcn\u00fc il\u0259 \u0259laq\u0259dar \u015e\u0259hidl\u0259r Xiyaban\u0131n\u0131 ziyar\u0259t edibl\u0259r. Az\u0259rbaycan V\u0259t\u0259n M\u00fcharib\u0259si Veteranlar\u0131 \u0130ctimai Birliyi (AVMV\u0130B) Bin\u0259q\u0259di rayon \u015f\u00f6b\u0259sinin<\/p>\n","protected":false},"author":2,"featured_media":0,"comment_status":"closed","ping_status":"closed","sticky":false,"template":"","format":"standard","meta":{"footnotes":""},"categories":[5],"tags":[],"class_list":["post-60169","post","type-post","status-publish","format-standard","hentry","category-veteran"],"aioseo_notices":[],"_links":{"self":[{"href":"https:\/\/fedai.az\/index.php?rest_route=\/wp\/v2\/posts\/60169","targetHints":{"allow":["GET"]}}],"collection":[{"href":"https:\/\/fedai.az\/index.php?rest_route=\/wp\/v2\/posts"}],"about":[{"href":"https:\/\/fedai.az\/index.php?rest_route=\/wp\/v2\/types\/post"}],"author":[{"embeddable":true,"href":"https:\/\/fedai.az\/index.php?rest_route=\/wp\/v2\/users\/2"}],"replies":[{"embeddable":true,"href":"https:\/\/fedai.az\/index.php?rest_route=%2Fwp%2Fv2%2Fcomments&post=60169"}],"version-history":[{"count":1,"href":"https:\/\/fedai.az\/index.php?rest_route=\/wp\/v2\/posts\/60169\/revisions"}],"predecessor-version":[{"id":60173,"href":"https:\/\/fedai.az\/index.php?rest_route=\/wp\/v2\/posts\/60169\/revisions\/60173"}],"wp:attachment":[{"href":"https:\/\/fedai.az\/index.php?rest_route=%2Fwp%2Fv2%2Fmedia&parent=60169"}],"wp:term":[{"taxonomy":"category","embeddable":true,"href":"https:\/\/fedai.az\/index.php?rest_route=%2Fwp%2Fv2%2Fcategories&post=60169"},{"taxonomy":"post_tag","embeddable":true,"href":"https:\/\/fedai.az\/index.php?rest_route=%2Fwp%2Fv2%2Ftags&post=60169"}],"curies":[{"name":"wp","href":"https:\/\/api.w.org\/{rel}","templated":true}]}}