{"id":60196,"date":"2022-01-21T00:22:47","date_gmt":"2022-01-20T20:22:47","guid":{"rendered":"https:\/\/fedai.az\/?p=60196"},"modified":"2022-01-21T00:22:50","modified_gmt":"2022-01-20T20:22:50","slug":"putini-m%c9%99suliyy%c9%99t%c9%99-c%c9%99lb-etm%c9%99k-akti","status":"publish","type":"post","link":"https:\/\/fedai.az\/?p=60196","title":{"rendered":"Putini m\u0259suliyy\u0259t\u0259 c\u0259lb etm\u0259k akt\u0131"},"content":{"rendered":"\n<p><strong>Konqres\u0259 t\u0259qdim olunan Rusiyaya qar\u015f\u0131 sanksiya layih\u0259sinin b\u0259zi detallar\u0131 m\u0259lum olub.<\/strong><\/p>\n\n\n\n<p>Axar.az\u00a0x\u0259b\u0259r verir ki, bu bar\u0259d\u0259 \u201cVa\u015finqton post\u201d n\u0259\u015fri m\u0259lumat yay\u0131b.<\/p>\n\n\n\n<p>N\u0259\u015fr bildirib ki, layih\u0259 \u201cPutini m\u0259suliyy\u0259t\u0259 c\u0259lb etm\u0259k akt\u0131\u201d adlan\u0131r.<\/p>\n\n\n\n<p>Sanksiya layih\u0259sind\u0259 yer alan madd\u0259l\u0259rin b\u0259zil\u0259ri bunlard\u0131r:<\/p>\n\n\n\n<p>&#8212; Rusiyan\u0131n Donbasda d\u0259st\u0259kl\u0259diyi q\u00fcvv\u0259l\u0259rin terror\u00e7u elan edilm\u0259si v\u0259 Rusiyan\u0131n terroru maliyy\u0259l\u0259\u015fdir\u0259n \u00f6lk\u0259 kimi tan\u0131nmas\u0131;<\/p>\n\n\n\n<p>&#8212; Rusiyan\u0131n d\u00f6vl\u0259t borcu il\u0259 \u0259m\u0259liyyatlara qada\u011fa qoyulmas\u0131;<\/p>\n\n\n\n<p>&#8212; \u018flaq\u0259dar t\u0259\u015fkilatlar v\u0259 onlar\u0131n s\u0259hmdarlar\u0131 daxil olmaqla, \u015eimal Ax\u0131n\u0131-2-y\u0259 qar\u015f\u0131 t\u0259dbirl\u0259r;<\/p>\n\n\n\n<p>&#8212; AB\u015e d\u00f6vl\u0259t qurumlar\u0131na h\u00fccumlar bit\u0259n\u0259 q\u0259d\u0259r kibert\u0259hl\u00fck\u0259sizlik dialoqunun maliyy\u0259l\u0259\u015fdirilm\u0259sini dayand\u0131rmaq;<\/p>\n\n\n\n<p>&#8212; N\u0259 q\u0259d\u0259r ki, Kr\u0131m Rusiyan\u0131n t\u0259rkibind\u0259 qal\u0131r, strateji sabitlik dialoqunun maliyy\u0259l\u0259\u015fdirilm\u0259sini dayand\u0131rmaq;<\/p>\n\n\n\n<p>&#8212; Rusiya Prezidenti Vladimir Putin\u0259, h\u00f6kum\u0259tin b\u00fct\u00fcn \u00fczvl\u0259rin\u0259, o c\u00fcml\u0259d\u0259n Rusiya m\u0259murlar\u0131na v\u0259 t\u0259hl\u00fck\u0259sizlik r\u0259smil\u0259rin\u0259, Rusiya liderinin m\u0259tbuat katibi Dmitri Peskova, Moskva meri Sergey Sobyanin\u0259, Prezident Administrasiyas\u0131n\u0131n r\u0259hb\u0259ri Anton Vaynoya v\u0259 birinci m\u00fcavini Sergey Kiriyenkoya, M\u0259rk\u0259zi Se\u00e7ki Komissiyas\u0131n\u0131n s\u0259rdi Ella Pamfilovaya, \u0130stintaq Komit\u0259sinin r\u0259hb\u0259ri Aleksandr Bastr\u0131kin\u0259, FTX direktoru Aleksandr Bortnikova, Milli Qvardiyan\u0131n r\u0259hb\u0259ri Viktor Zolotova v\u0259 ba\u015f prokuror Yuri \u00c7aykaya qar\u015f\u0131 sanksiyalar;<\/p>\n\n\n\n<p>&#8212; Rusiyal\u0131 biznesmenl\u0259r Roman Abramovi\u00e7, Ali\u015fir Usmanov, Oleq Deripa\u015fka, \u0130qor Se\u00e7in, Aleksey Miller, Andrey Kostin, Gennadi Tim\u00e7enko, Dmitri R\u0131bolovlev, Mixail Fridman, Pyotr Aven, Mixail Qutseriyev v\u0259 Aleksandr Vinokurova qar\u015f\u0131 sanksiyalar.<\/p>\n\n\n\n<p>&#8212; RT-nin r\u0259hb\u0259ri Marqarita Simonyan, teleradio apar\u0131c\u0131s\u0131 Vladimir Solovyov v\u0259 \u201cBirinci kanal\u201d\u0131n ba\u015f direktoru Konstantin Ernst\u0259 qar\u015f\u0131 sanksiyalar&#8230;<\/p>\n\n\n\n<p>Qeyd ed\u0259k ki, layih\u0259 \u00f6t\u0259n g\u00fcn Konqres\u0259 t\u0259qdim edilib.<\/p>\n\n\n\n<figure class=\"wp-block-image size-large\"><img decoding=\"async\" src=\"https:\/\/fedai.az\/wp-content\/uploads\/2022\/01\/iik8.jpg\" alt=\"\" class=\"wp-image-60197\"\/><\/figure>\n\n\n\n<p><strong>P.S. AB\u015e konqresmenl\u0259ri \u201cRossiya Seqodnya\u201d media qrupunun v\u0259 RT telekanal\u0131n\u0131n ba\u015f redaktoru Marqarita Simonyana sanksiya, t\u0259tbiq etm\u0259yi t\u0259klif etm\u0259sini erm\u0259ni sayaq q\u0259bul edib. O bildirib ki, ad\u0131n\u0131n bu q\u0259d\u0259r h\u00f6rm\u0259tli insanlarla eyni siyah\u0131da \u00e7\u0259kilm\u0259sind\u0259n q\u00fcrur duyur.<\/strong><\/p>\n\n\n\n<p>\u201cAB\u015e-\u0131 oxudu\u011fum v\u0259 dostlar\u0131m\u0131n ya\u015fad\u0131\u011f\u0131 g\u00f6z\u0259l \u00f6lk\u0259 kimi g\u00f6r\u00fcr\u0259m.&nbsp;Amma uzun ill\u0259rdir bu \u00f6lk\u0259d\u0259 olmam\u0131\u015fam. \u00c7\u00fcnki bu \u00f6lk\u0259&nbsp;m\u0259n\u0259 xarici agent hesab olundu\u011fum i\u015fd\u0259 ifad\u0259 verm\u0259k \u00fc\u00e7\u00fcn \u00e7a\u011f\u0131r\u0131\u015f v\u0259r\u0259q\u0259si g\u00f6nd\u0259rib. Bu \u00e7a\u011f\u0131r\u0131\u015flar\u0131n b\u0259z\u0259n nec\u0259 bitdiyini bilir\u0259m. Bu s\u0259b\u0259bd\u0259n \u00f6vlad\u0131m\u0131 ill\u0259rl\u0259 anas\u0131z qoya bilm\u0259r\u0259m\u201d.<\/p>\n","protected":false},"excerpt":{"rendered":"<p>Konqres\u0259 t\u0259qdim olunan Rusiyaya qar\u015f\u0131 sanksiya layih\u0259sinin b\u0259zi detallar\u0131 m\u0259lum olub. Axar.az\u00a0x\u0259b\u0259r verir ki, bu bar\u0259d\u0259 \u201cVa\u015finqton post\u201d n\u0259\u015fri m\u0259lumat yay\u0131b. N\u0259\u015fr bildirib ki,<\/p>\n","protected":false},"author":2,"featured_media":0,"comment_status":"closed","ping_status":"closed","sticky":false,"template":"","format":"standard","meta":{"footnotes":""},"categories":[13],"tags":[],"class_list":["post-60196","post","type-post","status-publish","format-standard","hentry","category-xarici"],"aioseo_notices":[],"_links":{"self":[{"href":"https:\/\/fedai.az\/index.php?rest_route=\/wp\/v2\/posts\/60196","targetHints":{"allow":["GET"]}}],"collection":[{"href":"https:\/\/fedai.az\/index.php?rest_route=\/wp\/v2\/posts"}],"about":[{"href":"https:\/\/fedai.az\/index.php?rest_route=\/wp\/v2\/types\/post"}],"author":[{"embeddable":true,"href":"https:\/\/fedai.az\/index.php?rest_route=\/wp\/v2\/users\/2"}],"replies":[{"embeddable":true,"href":"https:\/\/fedai.az\/index.php?rest_route=%2Fwp%2Fv2%2Fcomments&post=60196"}],"version-history":[{"count":1,"href":"https:\/\/fedai.az\/index.php?rest_route=\/wp\/v2\/posts\/60196\/revisions"}],"predecessor-version":[{"id":60199,"href":"https:\/\/fedai.az\/index.php?rest_route=\/wp\/v2\/posts\/60196\/revisions\/60199"}],"wp:attachment":[{"href":"https:\/\/fedai.az\/index.php?rest_route=%2Fwp%2Fv2%2Fmedia&parent=60196"}],"wp:term":[{"taxonomy":"category","embeddable":true,"href":"https:\/\/fedai.az\/index.php?rest_route=%2Fwp%2Fv2%2Fcategories&post=60196"},{"taxonomy":"post_tag","embeddable":true,"href":"https:\/\/fedai.az\/index.php?rest_route=%2Fwp%2Fv2%2Ftags&post=60196"}],"curies":[{"name":"wp","href":"https:\/\/api.w.org\/{rel}","templated":true}]}}