{"id":60419,"date":"2022-01-23T11:42:10","date_gmt":"2022-01-23T07:42:10","guid":{"rendered":"https:\/\/fedai.az\/?p=60419"},"modified":"2022-01-23T11:42:13","modified_gmt":"2022-01-23T07:42:13","slug":"33-formatinda-gorus%c9%99-ev-sahibliyi-etm%c9%99yi-planlasdiririq-%c9%99rdogan","status":"publish","type":"post","link":"https:\/\/fedai.az\/?p=60419","title":{"rendered":"\u201c3+3\u201d format\u0131nda g\u00f6r\u00fc\u015f\u0259 ev sahibliyi etm\u0259yi planla\u015fd\u0131r\u0131r\u0131q\u201d &#8212; \u018frdo\u011fan"},"content":{"rendered":"\n<p><strong>T\u00fcrkiy\u0259 Prezidenti R\u0259c\u0259b Tayyib \u018frdo\u011fanla \u0130ran Prezidenti Seyid \u0130brahim R\u0259isi aras\u0131nda telefon dan\u0131\u015f\u0131\u011f\u0131 olub.<\/strong><\/p>\n\n\n\n<p><br>Anews.az\u00a0 x\u0259b\u0259r verir ki, bu bar\u0259d\u0259 T\u00fcrkiy\u0259 Prezidenti Administrasiyas\u0131n\u0131n Kommunikasiya \u0130dar\u0259si m\u0259lumat yay\u0131b.<\/p>\n\n\n\n<p>Bildirilib ki, prezidentl\u0259r T\u00fcrkiy\u0259-\u0130ran \u0259laq\u0259l\u0259rini v\u0259 regional m\u0259s\u0259l\u0259l\u0259ri m\u00fczakir\u0259 edibl\u0259r.<\/p>\n\n\n\n<p><br>Telefon dan\u0131\u015f\u0131\u011f\u0131nda \u0259n yax\u0131n zamanda Tehranda ke\u00e7iril\u0259c\u0259k T\u00fcrkiy\u0259-\u0130ran Ali S\u0259viyy\u0259li \u018fm\u0259kda\u015fl\u0131q \u015euras\u0131n\u0131n \u0130clas\u0131 v\u0259 bu \u00e7\u0259r\u00e7iv\u0259d\u0259 imzalanacaq s\u0259n\u0259dl\u0259rin haz\u0131rlanmas\u0131 i\u015fl\u0259rinin apar\u0131ld\u0131\u011f\u0131n\u0131 bildir\u0259n Prezident R\u0259c\u0259b Tayyib \u018frdo\u011fan, dig\u0259r t\u0259r\u0259fd\u0259n d\u0259 Qafqazda s\u00fclh v\u0259 sabitliyin b\u0259rq\u0259rar olmas\u0131 istiqam\u0259tind\u0259 c\u0259hdl\u0259rinin davam etdiyini vur\u011fulay\u0131b.<\/p>\n\n\n\n<p><br>\u018frdo\u011fan bu istiqam\u0259td\u0259 Az\u0259rbaycan Prezidenti \u0130lham \u018fliyevl\u0259 birlikd\u0259 ortaya qoyduqlar\u0131 &#171;3+3\u201d formatl\u0131 platforman\u0131n n\u00f6vb\u0259ti toplant\u0131s\u0131na \u00f6lk\u0259sinin ev sahibliyi etm\u0259k ist\u0259diyini qeyd edib.<\/p>\n","protected":false},"excerpt":{"rendered":"<p>T\u00fcrkiy\u0259 Prezidenti R\u0259c\u0259b Tayyib \u018frdo\u011fanla \u0130ran Prezidenti Seyid \u0130brahim R\u0259isi aras\u0131nda telefon dan\u0131\u015f\u0131\u011f\u0131 olub. Anews.az\u00a0 x\u0259b\u0259r verir ki, bu bar\u0259d\u0259 T\u00fcrkiy\u0259 Prezidenti Administrasiyas\u0131n\u0131n Kommunikasiya<\/p>\n","protected":false},"author":2,"featured_media":0,"comment_status":"closed","ping_status":"closed","sticky":false,"template":"","format":"standard","meta":{"footnotes":""},"categories":[1],"tags":[],"class_list":["post-60419","post","type-post","status-publish","format-standard","hentry","category-siyast"],"aioseo_notices":[],"_links":{"self":[{"href":"https:\/\/fedai.az\/index.php?rest_route=\/wp\/v2\/posts\/60419","targetHints":{"allow":["GET"]}}],"collection":[{"href":"https:\/\/fedai.az\/index.php?rest_route=\/wp\/v2\/posts"}],"about":[{"href":"https:\/\/fedai.az\/index.php?rest_route=\/wp\/v2\/types\/post"}],"author":[{"embeddable":true,"href":"https:\/\/fedai.az\/index.php?rest_route=\/wp\/v2\/users\/2"}],"replies":[{"embeddable":true,"href":"https:\/\/fedai.az\/index.php?rest_route=%2Fwp%2Fv2%2Fcomments&post=60419"}],"version-history":[{"count":1,"href":"https:\/\/fedai.az\/index.php?rest_route=\/wp\/v2\/posts\/60419\/revisions"}],"predecessor-version":[{"id":60421,"href":"https:\/\/fedai.az\/index.php?rest_route=\/wp\/v2\/posts\/60419\/revisions\/60421"}],"wp:attachment":[{"href":"https:\/\/fedai.az\/index.php?rest_route=%2Fwp%2Fv2%2Fmedia&parent=60419"}],"wp:term":[{"taxonomy":"category","embeddable":true,"href":"https:\/\/fedai.az\/index.php?rest_route=%2Fwp%2Fv2%2Fcategories&post=60419"},{"taxonomy":"post_tag","embeddable":true,"href":"https:\/\/fedai.az\/index.php?rest_route=%2Fwp%2Fv2%2Ftags&post=60419"}],"curies":[{"name":"wp","href":"https:\/\/api.w.org\/{rel}","templated":true}]}}