{"id":60438,"date":"2022-01-24T02:28:16","date_gmt":"2022-01-23T22:28:16","guid":{"rendered":"https:\/\/fedai.az\/?p=60438"},"modified":"2022-01-24T02:28:20","modified_gmt":"2022-01-23T22:28:20","slug":"ukraynali-general-rusiyanin-hucum-tarixini-aciqlayib","status":"publish","type":"post","link":"https:\/\/fedai.az\/?p=60438","title":{"rendered":"Ukraynal\u0131 general Rusiyan\u0131n h\u00fccum tarixini a\u00e7\u0131qlay\u0131b"},"content":{"rendered":"\n<p><strong>Donbasdak\u0131 Birl\u0259\u015fmi\u015f Q\u00fcvv\u0259l\u0259r \u018fm\u0259liyyat\u0131n\u0131n komandan\u0131, general-leytenant Oleksandr Pavlyuk hesab edir ki, Rusiyan\u0131n Ukraynaya h\u00fccumu fevral\u0131n 20-d\u0259 ba\u015flaya bil\u0259r.<\/strong><\/p>\n\n\n\n<p>O, bu bar\u0259d\u0259 \u201cTayms\u201d q\u0259zetin\u0259 m\u00fcsahib\u0259sind\u0259 bildirib.<\/p>\n\n\n\n<p>\u201cRusiya fevral\u0131n 20-d\u0259, Q\u0131\u015f Olimpiya Oyunlar\u0131 ba\u015fa \u00e7atd\u0131qdan sonra h\u00fccuma ke\u00e7\u0259 bil\u0259r. Bu tarix bizi narahat edir\u201d, &#8212; dey\u0259 ukraynal\u0131 general bildirib.<\/p>\n\n\n\n<p>O xat\u0131rlad\u0131b ki, fevral\u0131n 20-si Rusiya-Belarus birg\u0259 t\u0259liml\u0259rinin son g\u00fcn\u00fcd\u00fcr v\u0259 Rusiya bu t\u0259limd\u0259n b\u0259han\u0259 kimi istifad\u0259 ed\u0259r\u0259k, Belarusa \u00e7oxlu sayda h\u0259rb\u00e7i v\u0259 silah-sursat \u00f6t\u00fcr\u00fcb.<\/p>\n\n\n\n<p>Pavlyuk eyni zamanda yeni Ukrayna torpaqlar\u0131n\u0131 \u0259l\u0259 ke\u00e7irm\u0259k c\u0259hdinin \u00e7ox a\u011f\u0131r olaca\u011f\u0131n\u0131 v\u0259d edib. Onun s\u00f6zl\u0259rin\u0259 g\u00f6r\u0259, Ukrayna k\u0259\u015ffiyyat\u0131 Rusiya qo\u015funlar\u0131n\u0131n \u0259sas h\u00fccum istiqam\u0259tini hesablasa, d\u00fc\u015fm\u0259n \u00e7ox b\u00f6y\u00fck itkil\u0259r ver\u0259c\u0259k v\u0259 bundan sonra h\u00fccum dayand\u0131r\u0131la bil\u0259r.<\/p>\n\n\n\n<p>Pavlyuk qeyd edib ki, Ukrayna haz\u0131rda Rusiyan\u0131n t\u0259cav\u00fcz\u00fcn\u00fc d\u0259f etm\u0259y\u0259 f\u0259al \u015f\u0259kild\u0259 haz\u0131rla\u015f\u0131r. H\u0259rb\u00e7il\u0259rl\u0259 birlikd\u0259 \u00f6lk\u0259ni qoruyacaq \u0259razi m\u00fcdafi\u0259 b\u00f6lm\u0259l\u0259ri yarad\u0131l\u0131b. S\u00f6hb\u0259t b\u00fct\u00fcn Ukrayna \u00fczr\u0259 100 mind\u0259n \u00e7ox k\u00f6n\u00fcll\u00fcd\u0259n gedir. General hesab edir ki, Kreml \u00f6lk\u0259nin h\u0259rbi v\u0259 s\u0259naye potensial\u0131na maksimum ziyan vurmaq \u00fc\u00e7\u00fcn z\u0259rb\u0259l\u0259rini \u00f6lk\u0259nin c\u0259nub-\u015f\u0259rqind\u0259 c\u0259ml\u0259\u015fdir\u0259c\u0259k, h\u0259m\u00e7inin onu Qara d\u0259nizd\u0259n k\u0259sm\u0259y\u0259 \u00e7al\u0131\u015facaq.<\/p>\n\n\n\n<p>&#171;Ruslar \u015f\u0259rqd\u0259 t\u0259kc\u0259 Donetsk v\u0259 Luqanskla kifay\u0259tl\u0259nm\u0259y\u0259c\u0259k&#187;, &#8212; Pavlyuk \u0259mindir.<\/p>\n\n\n\n<p>M\u0259nb\u0259: Virtualaz.org<\/p>\n","protected":false},"excerpt":{"rendered":"<p>Donbasdak\u0131 Birl\u0259\u015fmi\u015f Q\u00fcvv\u0259l\u0259r \u018fm\u0259liyyat\u0131n\u0131n komandan\u0131, general-leytenant Oleksandr Pavlyuk hesab edir ki, Rusiyan\u0131n Ukraynaya h\u00fccumu fevral\u0131n 20-d\u0259 ba\u015flaya bil\u0259r. O, bu bar\u0259d\u0259 \u201cTayms\u201d q\u0259zetin\u0259 m\u00fcsahib\u0259sind\u0259<\/p>\n","protected":false},"author":2,"featured_media":0,"comment_status":"closed","ping_status":"closed","sticky":false,"template":"","format":"standard","meta":{"footnotes":""},"categories":[13],"tags":[],"class_list":["post-60438","post","type-post","status-publish","format-standard","hentry","category-xarici"],"aioseo_notices":[],"_links":{"self":[{"href":"https:\/\/fedai.az\/index.php?rest_route=\/wp\/v2\/posts\/60438","targetHints":{"allow":["GET"]}}],"collection":[{"href":"https:\/\/fedai.az\/index.php?rest_route=\/wp\/v2\/posts"}],"about":[{"href":"https:\/\/fedai.az\/index.php?rest_route=\/wp\/v2\/types\/post"}],"author":[{"embeddable":true,"href":"https:\/\/fedai.az\/index.php?rest_route=\/wp\/v2\/users\/2"}],"replies":[{"embeddable":true,"href":"https:\/\/fedai.az\/index.php?rest_route=%2Fwp%2Fv2%2Fcomments&post=60438"}],"version-history":[{"count":1,"href":"https:\/\/fedai.az\/index.php?rest_route=\/wp\/v2\/posts\/60438\/revisions"}],"predecessor-version":[{"id":60439,"href":"https:\/\/fedai.az\/index.php?rest_route=\/wp\/v2\/posts\/60438\/revisions\/60439"}],"wp:attachment":[{"href":"https:\/\/fedai.az\/index.php?rest_route=%2Fwp%2Fv2%2Fmedia&parent=60438"}],"wp:term":[{"taxonomy":"category","embeddable":true,"href":"https:\/\/fedai.az\/index.php?rest_route=%2Fwp%2Fv2%2Fcategories&post=60438"},{"taxonomy":"post_tag","embeddable":true,"href":"https:\/\/fedai.az\/index.php?rest_route=%2Fwp%2Fv2%2Ftags&post=60438"}],"curies":[{"name":"wp","href":"https:\/\/api.w.org\/{rel}","templated":true}]}}