{"id":60461,"date":"2022-01-24T03:43:26","date_gmt":"2022-01-23T23:43:26","guid":{"rendered":"https:\/\/fedai.az\/?p=60461"},"modified":"2022-01-24T03:43:28","modified_gmt":"2022-01-23T23:43:28","slug":"turkiy%c9%99-v%c9%99-abs-in-f-16-larin-t%c9%99daruku-bar%c9%99d%c9%99-danisiqlari-yaxsi-kecib-hulusi-akar","status":"publish","type":"post","link":"https:\/\/fedai.az\/?p=60461","title":{"rendered":"\u201cT\u00fcrkiy\u0259 v\u0259 AB\u015e-\u0131n F-16-lar\u0131n t\u0259dar\u00fck\u00fc bar\u0259d\u0259 dan\u0131\u015f\u0131qlar\u0131 yax\u015f\u0131 ke\u00e7ib\u201d &#8212; HULUS\u0130 AKAR"},"content":{"rendered":"\n<p><strong>T\u00fcrkiy\u0259 v\u0259 AB\u015e aras\u0131nda F-16 q\u0131r\u0131c\u0131lar\u0131n\u0131n t\u0259dar\u00fck\u00fc il\u0259 ba\u011fl\u0131 Va\u015finqtonda apar\u0131lan dan\u0131\u015f\u0131qlar yax\u015f\u0131 ke\u00e7ib.<\/strong><\/p>\n\n\n\n<p>&#171;Milliyet\u201d x\u0259b\u0259r verir ki, bunu T\u00fcrkiy\u0259nin milli m\u00fcdafi\u0259 naziri Hulusi Akar deyib.<\/p>\n\n\n\n<p>&#171;Yeni F-16-lar\u0131n t\u0259dar\u00fck\u00fc v\u0259 modernl\u0259\u015fdirilm\u0259si il\u0259 ba\u011fl\u0131 r\u0259smi m\u00fcraci\u0259tl\u0259r edilib. Bundan sonra n\u00fcmay\u0259nd\u0259 hey\u0259ti AB\u015e-a getdi, dan\u0131\u015f\u0131qlar m\u00fcsb\u0259t oldu. Biz m\u00f6vqeyimizi a\u00e7\u0131q \u015f\u0259kild\u0259 bildirdik. Bunun h\u0259m d\u0259 NATO-nun g\u00fccl\u0259nm\u0259sin\u0259 k\u00f6m\u0259yini izah etdik\u201d, &#8212; nazir deyib.<\/p>\n\n\n\n<p>\u201cT\u00fcrkiy\u0259 g\u00fccl\u00fcd\u00fcrs\u0259, NATO-da da g\u00fccl\u00fcd\u00fcr T\u00fcrkiy\u0259nin g\u00fcc\u00fc NATO-nun g\u00fcc\u00fcd\u00fcr\u201d, &#8212; Hulusi Akar \u0259lav\u0259 edib.<\/p>\n\n\n\n<p>Bundan \u0259vv\u0259l CNN-T\u00fcrk amerikal\u0131 m\u0259nb\u0259l\u0259rin\u0259 istinad\u0259n x\u0259b\u0259r verib\u00a0ki, Birl\u0259\u015fmi\u015f \u015etatlar Qara d\u0259nizd\u0259 NATO-dan olan m\u00fctt\u0259fiql\u0259rini g\u00fccl\u0259ndirm\u0259k \u00fc\u00e7\u00fcn T\u00fcrkiy\u0259nin F-16 q\u0131r\u0131c\u0131lar\u0131n\u0131n al\u0131nmas\u0131 il\u0259 ba\u011fl\u0131 m\u00fcraci\u0259tini t\u0259sdiql\u0259y\u0259 bil\u0259r.<\/p>\n\n\n\n<p>M\u0259nb\u0259: Report<\/p>\n","protected":false},"excerpt":{"rendered":"<p>T\u00fcrkiy\u0259 v\u0259 AB\u015e aras\u0131nda F-16 q\u0131r\u0131c\u0131lar\u0131n\u0131n t\u0259dar\u00fck\u00fc il\u0259 ba\u011fl\u0131 Va\u015finqtonda apar\u0131lan dan\u0131\u015f\u0131qlar yax\u015f\u0131 ke\u00e7ib. &#171;Milliyet\u201d x\u0259b\u0259r verir ki, bunu T\u00fcrkiy\u0259nin milli m\u00fcdafi\u0259 naziri Hulusi<\/p>\n","protected":false},"author":2,"featured_media":0,"comment_status":"closed","ping_status":"closed","sticky":false,"template":"","format":"standard","meta":{"footnotes":""},"categories":[1],"tags":[],"class_list":["post-60461","post","type-post","status-publish","format-standard","hentry","category-siyast"],"aioseo_notices":[],"_links":{"self":[{"href":"https:\/\/fedai.az\/index.php?rest_route=\/wp\/v2\/posts\/60461","targetHints":{"allow":["GET"]}}],"collection":[{"href":"https:\/\/fedai.az\/index.php?rest_route=\/wp\/v2\/posts"}],"about":[{"href":"https:\/\/fedai.az\/index.php?rest_route=\/wp\/v2\/types\/post"}],"author":[{"embeddable":true,"href":"https:\/\/fedai.az\/index.php?rest_route=\/wp\/v2\/users\/2"}],"replies":[{"embeddable":true,"href":"https:\/\/fedai.az\/index.php?rest_route=%2Fwp%2Fv2%2Fcomments&post=60461"}],"version-history":[{"count":1,"href":"https:\/\/fedai.az\/index.php?rest_route=\/wp\/v2\/posts\/60461\/revisions"}],"predecessor-version":[{"id":60463,"href":"https:\/\/fedai.az\/index.php?rest_route=\/wp\/v2\/posts\/60461\/revisions\/60463"}],"wp:attachment":[{"href":"https:\/\/fedai.az\/index.php?rest_route=%2Fwp%2Fv2%2Fmedia&parent=60461"}],"wp:term":[{"taxonomy":"category","embeddable":true,"href":"https:\/\/fedai.az\/index.php?rest_route=%2Fwp%2Fv2%2Fcategories&post=60461"},{"taxonomy":"post_tag","embeddable":true,"href":"https:\/\/fedai.az\/index.php?rest_route=%2Fwp%2Fv2%2Ftags&post=60461"}],"curies":[{"name":"wp","href":"https:\/\/api.w.org\/{rel}","templated":true}]}}