{"id":60466,"date":"2022-01-24T04:17:47","date_gmt":"2022-01-24T00:17:47","guid":{"rendered":"https:\/\/fedai.az\/?p=60466"},"modified":"2022-01-24T04:17:50","modified_gmt":"2022-01-24T00:17:50","slug":"tapilmis-q%c9%99dim-maya-%c9%99s%c9%99rl%c9%99ri-yadplanetlil%c9%99rl%c9%99-%c9%99laq%c9%99ni-subut-edirmi","status":"publish","type":"post","link":"https:\/\/fedai.az\/?p=60466","title":{"rendered":"Tap\u0131lm\u0131\u015f \u201cQ\u0259dim Maya\u201d \u0259s\u0259rl\u0259ri yadplanetlil\u0259rl\u0259 \u0259laq\u0259ni s\u00fcbut edirmi?"},"content":{"rendered":"\n<p><strong>Bu q\u0259dim Maya artefaktlar\u0131, \u00e7oxlar\u0131n\u0131n fikrinc\u0259, q\u0259dim b\u0259\u015f\u0259riyy\u0259tin uzaq ke\u00e7mi\u015fd\u0259 Yerd\u0259n olmayan canl\u0131lar t\u0259r\u0259find\u0259n ziyar\u0259t edildiyini s\u00fcbut ed\u0259n son d\u0259r\u0259c\u0259 maraql\u0131 \u0259\u015fyalar toplusudur.<\/strong><\/p>\n\n\n\n<p>M\u0259lumatlara g\u00f6r\u0259, yadplanetli n\u00f6v\u00fc il\u0259 q\u0259dim Mayal\u0131lar aras\u0131ndak\u0131 \u0259laq\u0259 Meksika h\u00f6kum\u0259ti t\u0259r\u0259find\u0259n saxlan\u0131lan b\u0259zi kodeksl\u0259rin t\u0259rc\u00fcm\u0259si il\u0259 d\u0259st\u0259kl\u0259nir.<\/p>\n\n\n\n<p>Q\u0259dim b\u0259\u015f\u0259riyy\u0259tin yadplanetlil\u0259r t\u0259r\u0259find\u0259n ziyar\u0259t edilib-edilm\u0259m\u0259si g\u0259l\u0259c\u0259k ill\u0259r \u00fc\u00e7\u00fcn \u0259n m\u00fc\u0259mmal\u0131 m\u00f6vzulardan biri olaraq qalacaq ziddiy\u0259tli bir m\u00f6vzudur.<\/p>\n\n\n\n<p>Bir \u00e7ox insanlar ke\u00e7mi\u015fd\u0259 yadplanetlil\u0259r t\u0259r\u0259find\u0259n harada ziyar\u0259t edildiyimiz\u0259 h\u0259l\u0259 d\u0259 \u015f\u00fcbh\u0259 ets\u0259l\u0259r d\u0259, dig\u0259r insanlar bizim ziyar\u0259t edildiyimiz\u0259 q\u0259tiyy\u0259tl\u0259 inan\u0131r v\u0259 s\u00fcbutlar\u0131n q\u0259dim m\u0259tnl\u0259rd\u0259n tutmu\u015f m\u00fcr\u0259kk\u0259b ma\u011fara r\u0259sml\u0259rin\u0259 q\u0259d\u0259r d\u00fcnyan\u0131n q\u0259dim m\u0259d\u0259niyy\u0259tl\u0259ri aras\u0131nda tap\u0131la bil\u0259c\u0259yini bildirirl\u0259r. Bel\u0259 d\u0259lill\u0259r\u0259 h\u0259r yerd\u0259 rast g\u0259lm\u0259k olar.<\/p>\n\n\n\n<p>\u0130ddia edil\u0259n artefaktlar Q\u0259dim Mayya t\u0259r\u0259find\u0259n yarad\u0131l\u0131b v\u0259 \u0259n az\u0131 80 ildir ki, Meksika h\u00f6kum\u0259tinin ixtiyar\u0131ndad\u0131r.<\/p>\n\n\n\n<p>&#171;Meksika Maya v\u0259 yerd\u0259nk\u0259nar t\u0259maslar\u0131n s\u00fcbutu olan kodlar, artefaktlar v\u0259 \u0259h\u0259miyy\u0259tli s\u0259n\u0259dl\u0259ri yaysa, onlar\u0131n b\u00fct\u00fcn m\u0259lumatlar\u0131 arxeoloqlar t\u0259r\u0259find\u0259n t\u0259sdiql\u0259n\u0259c\u0259k&#187; &#8212; dey\u0259 Meksika h\u00f6kum\u0259ti s\u00f6z\u00e7\u00fcs\u00fc deyib.<\/p>\n\n\n\n<p>\u018fsrar\u0259ngiz artefaktlar ilk d\u0259f\u0259 2011-ci ild\u0259 Almaniyan\u0131n Saarbr\u00fccken \u015f\u0259h\u0259rind\u0259 ke\u00e7iril\u0259n konfrans zaman\u0131 doktor Nassim Haramein t\u0259r\u0259find\u0259n t\u0259qdim edilib:<\/p>\n\n\n\n<figure class=\"wp-block-image size-large is-resized\"><img loading=\"lazy\" decoding=\"async\" src=\"https:\/\/fedai.az\/wp-content\/uploads\/2022\/01\/diskmaya1.jpg\" alt=\"\" class=\"wp-image-60467\" width=\"917\" height=\"441\"\/><\/figure>\n\n\n\n<p><strong>Yuxar\u0131da s\u00f6z\u00fcged\u0259n diskl\u0259rin \u015f\u0259kli var. M\u00fcxt\u0259lif sah\u0259l\u0259r n\u00f6mr\u0259l\u0259nib ki, t\u0259svir olunan h\u0259r bir \u015f\u0259kli m\u00fczakir\u0259 edilm\u0259lidir.<\/strong><\/p>\n\n\n\n<p>1) Yerin v\u0259 onun atmosferinin oldu\u011funa inan\u0131l\u0131r. Bu iki halqa il\u0259 t\u0259svir edilmi\u015fdir.<\/p>\n\n\n\n<p>2\/3) Yer\u0259 do\u011fru h\u0259r\u0259k\u0259t ed\u0259n bir kometa v\u0259 ya asteroid oldu\u011funa inan\u0131l\u0131r.<\/p>\n\n\n\n<p>4) Kometi vurmaq v\u0259 ya sapd\u0131rmaq \u00fc\u00e7\u00fcn x\u00fcsusi haz\u0131rlanm\u0131\u015f kosmik g\u0259mi oldu\u011funa inan\u0131l\u0131r.<\/p>\n\n\n\n<p>5) S\u0259n\u0259ti idar\u0259 ed\u0259n astronavt oldu\u011funa inan\u0131l\u0131r.<\/p>\n\n\n\n<p>6) A\u011f\u0131ll\u0131 \u015f\u0259kild\u0259 idar\u0259 olunan kosmik g\u0259mi oldu\u011funa inan\u0131l\u0131r.<\/p>\n\n\n\n<p>Luis Augusto Garc\u00eda Rosado&#8217;ya g\u00f6r\u0259, &#171;Mayalarla yadplanetlil\u0259r aras\u0131nda \u0259laq\u0259 h\u00f6kum\u0259tin bir m\u00fcdd\u0259tdir yeralt\u0131 s\u0131\u011f\u0131nacaqlarda saxlad\u0131\u011f\u0131 b\u0259zi kodeksl\u0259rin t\u0259rc\u00fcm\u0259l\u0259ri il\u0259 d\u0259st\u0259kl\u0259nir.&#187;<\/p>\n\n\n\n<p>Hesablamalara g\u00f6r\u0259, Meksika c\u0259ng\u0259llikl\u0259rinin d\u0259rinlikl\u0259rind\u0259 \u0259n az\u0131 3000 il ya\u015f\u0131 olan eni\u015f meydan\u00e7alar\u0131n\u0131n oldu\u011fu g\u00fcman edilir. Bu eni\u015f meydan\u00e7alar\u0131 s\u0259madan g\u0259l\u0259n q\u0259dim ziyar\u0259t\u00e7il\u0259r t\u0259r\u0259find\u0259n sal\u0131n\u0131b.<\/p>\n\n\n\n<figure class=\"wp-block-image size-large is-resized\"><img loading=\"lazy\" decoding=\"async\" src=\"https:\/\/fedai.az\/wp-content\/uploads\/2022\/01\/8502462feeaf298c5035639e6a372c8e.jpg\" alt=\"\" class=\"wp-image-60468\" width=\"916\" height=\"859\"\/><\/figure>\n","protected":false},"excerpt":{"rendered":"<p>Bu q\u0259dim Maya artefaktlar\u0131, \u00e7oxlar\u0131n\u0131n fikrinc\u0259, q\u0259dim b\u0259\u015f\u0259riyy\u0259tin uzaq ke\u00e7mi\u015fd\u0259 Yerd\u0259n olmayan canl\u0131lar t\u0259r\u0259find\u0259n ziyar\u0259t edildiyini s\u00fcbut ed\u0259n son d\u0259r\u0259c\u0259 maraql\u0131 \u0259\u015fyalar toplusudur. M\u0259lumatlara<\/p>\n","protected":false},"author":2,"featured_media":0,"comment_status":"closed","ping_status":"closed","sticky":false,"template":"","format":"standard","meta":{"footnotes":""},"categories":[6],"tags":[],"class_list":["post-60466","post","type-post","status-publish","format-standard","hentry","category-arasdirma"],"aioseo_notices":[],"_links":{"self":[{"href":"https:\/\/fedai.az\/index.php?rest_route=\/wp\/v2\/posts\/60466","targetHints":{"allow":["GET"]}}],"collection":[{"href":"https:\/\/fedai.az\/index.php?rest_route=\/wp\/v2\/posts"}],"about":[{"href":"https:\/\/fedai.az\/index.php?rest_route=\/wp\/v2\/types\/post"}],"author":[{"embeddable":true,"href":"https:\/\/fedai.az\/index.php?rest_route=\/wp\/v2\/users\/2"}],"replies":[{"embeddable":true,"href":"https:\/\/fedai.az\/index.php?rest_route=%2Fwp%2Fv2%2Fcomments&post=60466"}],"version-history":[{"count":1,"href":"https:\/\/fedai.az\/index.php?rest_route=\/wp\/v2\/posts\/60466\/revisions"}],"predecessor-version":[{"id":60470,"href":"https:\/\/fedai.az\/index.php?rest_route=\/wp\/v2\/posts\/60466\/revisions\/60470"}],"wp:attachment":[{"href":"https:\/\/fedai.az\/index.php?rest_route=%2Fwp%2Fv2%2Fmedia&parent=60466"}],"wp:term":[{"taxonomy":"category","embeddable":true,"href":"https:\/\/fedai.az\/index.php?rest_route=%2Fwp%2Fv2%2Fcategories&post=60466"},{"taxonomy":"post_tag","embeddable":true,"href":"https:\/\/fedai.az\/index.php?rest_route=%2Fwp%2Fv2%2Ftags&post=60466"}],"curies":[{"name":"wp","href":"https:\/\/api.w.org\/{rel}","templated":true}]}}