{"id":60474,"date":"2022-01-24T12:03:32","date_gmt":"2022-01-24T08:03:32","guid":{"rendered":"https:\/\/fedai.az\/?p=60474"},"modified":"2022-01-24T12:03:35","modified_gmt":"2022-01-24T08:03:35","slug":"kvn-nin-33-cu-beyn%c9%99lxalq-festivalinda-istirak-coxmu-vacibdir","status":"publish","type":"post","link":"https:\/\/fedai.az\/?p=60474","title":{"rendered":"KVN &#8212; nin 33-c\u00fc Beyn\u0259lxalq Festival\u0131nda i\u015ftirak \u00e7oxmu vacibdir?"},"content":{"rendered":"\n<p><strong>\u018fsas\u0259n Rusiya regionlar\u0131n\u0131n t\u0259msil olundu\u011fu bir yar\u0131\u015fmada, Az\u0259rbaycan\u0131n t\u0259msil olunmas\u0131 \u00e7oxmu vacibdir?<\/strong><\/p>\n\n\n\n<p><strong>Bir ad\u0131 qoruya bilm\u0259y\u0259nl\u0259rin yar\u0131\u015fmas\u0131 biz\u0259 laz\u0131md\u0131rm\u0131?<\/strong><\/p>\n\n\n\n<p>Rusiyan\u0131n So\u00e7i \u015f\u0259h\u0259rind\u0259 ke\u00e7iril\u0259n KVN komandalar\u0131n\u0131n 33-c\u00fc Beyn\u0259lxalq Festival\u0131nda (\u201cKiViN-2022\u201d) Az\u0259rbaycan\u0131 t\u0259msil ed\u0259n \u201c\u015eu\u015fa\u201d komandas\u0131n\u0131n ad\u0131n\u0131n\u0131n \u201cButa\u201d il\u0259 \u0259v\u0259zl\u0259nm\u0259si m\u00fczakir\u0259l\u0259r\u0259 s\u0259b\u0259b olub.<\/p>\n\n\n\n<p>Fedai.az \u201cqafqazinfo\u201dya istinad\u0259n x\u0259b\u0259r verir ki, m\u0259s\u0259l\u0259 il\u0259 ba\u011fl\u0131 komandan\u0131n r\u0259hb\u0259ri, ssenarist v\u0259 prod\u00fcser M\u00fc\u015fviq Abbasov n\u00f6vb\u0259ti d\u0259f\u0259 a\u00e7\u0131qlama yay\u0131b v\u0259 ad\u0131n d\u0259yi\u015fdirilm\u0259diyini bildirib.<\/p>\n\n\n\n<p>\u201cHe\u00e7 kim komandan\u0131n ad\u0131n\u0131 d\u0259yi\u015fm\u0259yib. \u201c\u015eu\u015fa\u201d komandas\u0131 var v\u0259 qalacaq. Son iki sutkada ke\u00e7irdiyim g\u0259rgin v\u0259 m\u00fcbahis\u0259li g\u00f6r\u00fc\u015fl\u0259rd\u0259n sonra bel\u0259 q\u0259rara g\u0259lindi ki, \u201c\u015eu\u015fa\u201d komandas\u0131 Rusiyan\u0131n Sankt-Peterbuq \u015f\u0259h\u0259rind\u0259 ke\u00e7irl\u0259n m\u0259rk\u0259zi liqalar\u0131n\u0131n birind\u0259 oynayacaq. H\u0259r \u015fey \u0259lad\u0131r. B\u0259zi b\u0259db\u0259xtl\u0259rin sevinci uzun \u00e7\u0259km\u0259di\u201d &#8212; M\u00fc\u015fviq Abbasov bildirib.<\/p>\n\n\n\n<p>M\u00fc\u015fviq Abbasovun bu a\u00e7\u0131qlamas\u0131ndan sonra KVN-in r\u0259smi sayt\u0131na g\u00f6z g\u0259zdirdik. Q\u0131sa ara\u015fd\u0131rma zaman\u0131 m\u0259lum oldu ki, komandan\u0131n ad\u0131 r\u0259smi saytda \u201c\u015eu\u015fa\u201d kimi yox, \u201cButa\u201d olaraq t\u0259qdim edilir.<\/p>\n\n\n\n<p>Az\u0259rbaycan\u0131 t\u0259msil ed\u0259n \u201cButa\u201d 22 komandan\u0131n i\u015ftirak\u0131 il\u0259 Premyer Liqada \u00e7\u0131x\u0131\u015f ed\u0259c\u0259k komandalar\u0131n siyah\u0131s\u0131nda g\u00f6st\u0259rilib. Bu liqan\u0131n oyunlar\u0131 is\u0259 telekanallar vasit\u0259sil\u0259 yay\u0131mlanm\u0131r.<\/p>\n\n\n\n<figure class=\"wp-block-image size-large is-resized\"><img loading=\"lazy\" decoding=\"async\" src=\"https:\/\/fedai.az\/wp-content\/uploads\/2022\/01\/1643003426_1642998432_buta-1.png\" alt=\"\" class=\"wp-image-60475\" width=\"916\" height=\"574\"\/><\/figure>\n","protected":false},"excerpt":{"rendered":"<p>\u018fsas\u0259n Rusiya regionlar\u0131n\u0131n t\u0259msil olundu\u011fu bir yar\u0131\u015fmada, Az\u0259rbaycan\u0131n t\u0259msil olunmas\u0131 \u00e7oxmu vacibdir? Bir ad\u0131 qoruya bilm\u0259y\u0259nl\u0259rin yar\u0131\u015fmas\u0131 biz\u0259 laz\u0131md\u0131rm\u0131? Rusiyan\u0131n So\u00e7i \u015f\u0259h\u0259rind\u0259 ke\u00e7iril\u0259n KVN<\/p>\n","protected":false},"author":2,"featured_media":0,"comment_status":"closed","ping_status":"closed","sticky":false,"template":"","format":"standard","meta":{"footnotes":""},"categories":[15],"tags":[],"class_list":["post-60474","post","type-post","status-publish","format-standard","hentry","category-atmaca"],"aioseo_notices":[],"_links":{"self":[{"href":"https:\/\/fedai.az\/index.php?rest_route=\/wp\/v2\/posts\/60474","targetHints":{"allow":["GET"]}}],"collection":[{"href":"https:\/\/fedai.az\/index.php?rest_route=\/wp\/v2\/posts"}],"about":[{"href":"https:\/\/fedai.az\/index.php?rest_route=\/wp\/v2\/types\/post"}],"author":[{"embeddable":true,"href":"https:\/\/fedai.az\/index.php?rest_route=\/wp\/v2\/users\/2"}],"replies":[{"embeddable":true,"href":"https:\/\/fedai.az\/index.php?rest_route=%2Fwp%2Fv2%2Fcomments&post=60474"}],"version-history":[{"count":1,"href":"https:\/\/fedai.az\/index.php?rest_route=\/wp\/v2\/posts\/60474\/revisions"}],"predecessor-version":[{"id":60477,"href":"https:\/\/fedai.az\/index.php?rest_route=\/wp\/v2\/posts\/60474\/revisions\/60477"}],"wp:attachment":[{"href":"https:\/\/fedai.az\/index.php?rest_route=%2Fwp%2Fv2%2Fmedia&parent=60474"}],"wp:term":[{"taxonomy":"category","embeddable":true,"href":"https:\/\/fedai.az\/index.php?rest_route=%2Fwp%2Fv2%2Fcategories&post=60474"},{"taxonomy":"post_tag","embeddable":true,"href":"https:\/\/fedai.az\/index.php?rest_route=%2Fwp%2Fv2%2Ftags&post=60474"}],"curies":[{"name":"wp","href":"https:\/\/api.w.org\/{rel}","templated":true}]}}