{"id":60488,"date":"2022-01-25T00:14:13","date_gmt":"2022-01-24T20:14:13","guid":{"rendered":"https:\/\/fedai.az\/?p=60488"},"modified":"2022-01-25T00:14:17","modified_gmt":"2022-01-24T20:14:17","slug":"nato-bolg%c9%99y%c9%99-ordu-gond%c9%99rm%c9%99k-bar%c9%99d%c9%99-q%c9%99rar-q%c9%99bul-edib","status":"publish","type":"post","link":"https:\/\/fedai.az\/?p=60488","title":{"rendered":"NATO b\u00f6lg\u0259y\u0259 ordu g\u00f6nd\u0259rm\u0259k bar\u0259d\u0259 q\u0259rar q\u0259bul edib"},"content":{"rendered":"\n<p><strong>\u015eimali Atlantika Bloku (NATO) Rusiya il\u0259 Ukrayna aras\u0131nda yaranm\u0131\u015f g\u0259rginlik s\u0259b\u0259bind\u0259n b\u00f6lg\u0259y\u0259 ordu g\u00f6nd\u0259rm\u0259k bar\u0259d\u0259 q\u0259rar q\u0259bul edib.<\/strong><\/p>\n\n\n\n<p>\u201cNATO Ukrayna \u0259traf\u0131nda yaranm\u0131\u015f v\u0259ziyy\u0259tl\u0259 \u0259laq\u0259dar \u015e\u0259rqi Avropada m\u00f6vcudlu\u011funu g\u00fccl\u0259ndir\u0259c\u0259k\u201d.<\/p>\n\n\n\n<p> \u201cR\u0130A Novosti\u201dnin verdiyi x\u0259b\u0259r\u0259 g\u00f6r\u0259, bunu Alyans m\u0259lumat yay\u0131b.<\/p>\n\n\n\n<p>Bildirilib ki, NATO-ya \u00fczv d\u00f6vl\u0259tl\u0259r \u015e\u0259rqi Avropa isitqam\u0259tind\u0259 \u0259lav\u0259 h\u0259rbi g\u0259mi v\u0259 t\u0259yyar\u0259 g\u00f6nd\u0259rir: \u201cBununla da Rusiyan\u0131n Ukrayna il\u0259 s\u0259rh\u0259dd\u0259 h\u0259rbi m\u00f6vcudlu\u011funu art\u0131mas\u0131 fonunda m\u00fcdafi\u0259ni g\u00fccl\u0259ndiririk\u201d.<\/p>\n\n\n\n<p>M\u0259nb\u0259: Report<\/p>\n","protected":false},"excerpt":{"rendered":"<p>\u015eimali Atlantika Bloku (NATO) Rusiya il\u0259 Ukrayna aras\u0131nda yaranm\u0131\u015f g\u0259rginlik s\u0259b\u0259bind\u0259n b\u00f6lg\u0259y\u0259 ordu g\u00f6nd\u0259rm\u0259k bar\u0259d\u0259 q\u0259rar q\u0259bul edib. \u201cNATO Ukrayna \u0259traf\u0131nda yaranm\u0131\u015f v\u0259ziyy\u0259tl\u0259 \u0259laq\u0259dar<\/p>\n","protected":false},"author":2,"featured_media":0,"comment_status":"closed","ping_status":"closed","sticky":false,"template":"","format":"standard","meta":{"footnotes":""},"categories":[13],"tags":[],"class_list":["post-60488","post","type-post","status-publish","format-standard","hentry","category-xarici"],"aioseo_notices":[],"_links":{"self":[{"href":"https:\/\/fedai.az\/index.php?rest_route=\/wp\/v2\/posts\/60488","targetHints":{"allow":["GET"]}}],"collection":[{"href":"https:\/\/fedai.az\/index.php?rest_route=\/wp\/v2\/posts"}],"about":[{"href":"https:\/\/fedai.az\/index.php?rest_route=\/wp\/v2\/types\/post"}],"author":[{"embeddable":true,"href":"https:\/\/fedai.az\/index.php?rest_route=\/wp\/v2\/users\/2"}],"replies":[{"embeddable":true,"href":"https:\/\/fedai.az\/index.php?rest_route=%2Fwp%2Fv2%2Fcomments&post=60488"}],"version-history":[{"count":1,"href":"https:\/\/fedai.az\/index.php?rest_route=\/wp\/v2\/posts\/60488\/revisions"}],"predecessor-version":[{"id":60490,"href":"https:\/\/fedai.az\/index.php?rest_route=\/wp\/v2\/posts\/60488\/revisions\/60490"}],"wp:attachment":[{"href":"https:\/\/fedai.az\/index.php?rest_route=%2Fwp%2Fv2%2Fmedia&parent=60488"}],"wp:term":[{"taxonomy":"category","embeddable":true,"href":"https:\/\/fedai.az\/index.php?rest_route=%2Fwp%2Fv2%2Fcategories&post=60488"},{"taxonomy":"post_tag","embeddable":true,"href":"https:\/\/fedai.az\/index.php?rest_route=%2Fwp%2Fv2%2Ftags&post=60488"}],"curies":[{"name":"wp","href":"https:\/\/api.w.org\/{rel}","templated":true}]}}