{"id":60491,"date":"2022-01-25T00:27:28","date_gmt":"2022-01-24T20:27:28","guid":{"rendered":"https:\/\/fedai.az\/?p=60491"},"modified":"2022-01-25T00:27:32","modified_gmt":"2022-01-24T20:27:32","slug":"pasinyan-yeni-ordu-qurur","status":"publish","type":"post","link":"https:\/\/fedai.az\/?p=60491","title":{"rendered":"Pa\u015finyan yeni ordu qurur"},"content":{"rendered":"\n<p><strong>Ordu il\u0259 ba\u011fl\u0131 m\u0259s\u0259l\u0259 canl\u0131 efird\u0259 m\u00fczakir\u0259 edil\u0259rk\u0259n, m\u0259n \u00f6z\u00fcm\u00fcn v\u0259 dig\u0259rl\u0259rinin s\u0259hvini t\u0259krarlamaq ist\u0259mir\u0259m. H\u00f6kum\u0259t \u00f6z proqram\u0131nda strategiyas\u0131n\u0131, h\u0259d\u0259f v\u0259 m\u0259qs\u0259dl\u0259rini d\u0259qiq qeyd edib: Biz orduda islahatlar aparaca\u011f\u0131q.<\/strong><\/p>\n\n\n\n<p>Bu s\u00f6zl\u0259ri Erm\u0259nistan Ba\u015f naziri Nikol Pa\u015finyan bu g\u00fcn sosial \u015f\u0259b\u0259k\u0259 \u00fcz\u0259rind\u0259n ke\u00e7irdiyi m\u0259tbuat konfrans\u0131nda deyib.<\/p>\n\n\n\n<p>\u201cBirincisi, biz pe\u015f\u0259kar ordu quruculu\u011fu yolu il\u0259 getm\u0259liyik. Bu, muzdlulardan ibar\u0259t ordu dem\u0259k deyil. Biz ordunun qar\u015f\u0131s\u0131na \u0259razil\u0259r tutma\u011f\u0131 m\u0259qs\u0259d qoymayaca\u011f\u0131q. Bizim ordunun v\u0259zif\u0259si \u2013 Erm\u0259nistan\u0131n \u0259razi b\u00fct\u00f6vl\u00fcy\u00fcn\u00fc qorumaqd\u0131r. H\u0259m\u00e7inin bildirm\u0259k ist\u0259yir\u0259m ki, t\u0259hl\u00fck\u0259sizliyimizin b\u00fct\u00fcn y\u00fck\u00fcn\u00fc d\u0259 ordunun \u00fcz\u0259rin\u0259 qoymaq ist\u0259m\u0259zdim. Ordunu y\u00fckl\u0259m\u0259k yox, xarici siyas\u0259tl\u0259, s\u00fclh niyy\u0259ti il\u0259 onun i\u015fini asanla\u015fd\u0131rmaq laz\u0131md\u0131r.<\/p>\n\n\n\n<p>\u018flb\u0259tt\u0259, biz\u0259 g\u00fccl\u00fc, d\u00f6y\u00fc\u015f\u0259 bil\u0259n, beyn\u0259lxalq standartlara uy\u011fun ordu laz\u0131md\u0131r. Ancaq bu ordu Erm\u0259nistan\u0131n aqressiv siyas\u0259tinin ifad\u0259\u00e7isi olmayacaq, \u0259ksin\u0259, region v\u0259 Erm\u0259nistan\u0131n s\u00fclh eras\u0131n\u0131n a\u00e7\u0131lmas\u0131n\u0131n ifad\u0259\u00e7isi olacaq\u201d, &#8212; Pa\u015finyan bildirib.<\/p>\n","protected":false},"excerpt":{"rendered":"<p>Ordu il\u0259 ba\u011fl\u0131 m\u0259s\u0259l\u0259 canl\u0131 efird\u0259 m\u00fczakir\u0259 edil\u0259rk\u0259n, m\u0259n \u00f6z\u00fcm\u00fcn v\u0259 dig\u0259rl\u0259rinin s\u0259hvini t\u0259krarlamaq ist\u0259mir\u0259m. H\u00f6kum\u0259t \u00f6z proqram\u0131nda strategiyas\u0131n\u0131, h\u0259d\u0259f v\u0259 m\u0259qs\u0259dl\u0259rini d\u0259qiq qeyd<\/p>\n","protected":false},"author":2,"featured_media":0,"comment_status":"closed","ping_status":"closed","sticky":false,"template":"","format":"standard","meta":{"footnotes":""},"categories":[15],"tags":[],"class_list":["post-60491","post","type-post","status-publish","format-standard","hentry","category-atmaca"],"aioseo_notices":[],"_links":{"self":[{"href":"https:\/\/fedai.az\/index.php?rest_route=\/wp\/v2\/posts\/60491","targetHints":{"allow":["GET"]}}],"collection":[{"href":"https:\/\/fedai.az\/index.php?rest_route=\/wp\/v2\/posts"}],"about":[{"href":"https:\/\/fedai.az\/index.php?rest_route=\/wp\/v2\/types\/post"}],"author":[{"embeddable":true,"href":"https:\/\/fedai.az\/index.php?rest_route=\/wp\/v2\/users\/2"}],"replies":[{"embeddable":true,"href":"https:\/\/fedai.az\/index.php?rest_route=%2Fwp%2Fv2%2Fcomments&post=60491"}],"version-history":[{"count":1,"href":"https:\/\/fedai.az\/index.php?rest_route=\/wp\/v2\/posts\/60491\/revisions"}],"predecessor-version":[{"id":60493,"href":"https:\/\/fedai.az\/index.php?rest_route=\/wp\/v2\/posts\/60491\/revisions\/60493"}],"wp:attachment":[{"href":"https:\/\/fedai.az\/index.php?rest_route=%2Fwp%2Fv2%2Fmedia&parent=60491"}],"wp:term":[{"taxonomy":"category","embeddable":true,"href":"https:\/\/fedai.az\/index.php?rest_route=%2Fwp%2Fv2%2Fcategories&post=60491"},{"taxonomy":"post_tag","embeddable":true,"href":"https:\/\/fedai.az\/index.php?rest_route=%2Fwp%2Fv2%2Ftags&post=60491"}],"curies":[{"name":"wp","href":"https:\/\/api.w.org\/{rel}","templated":true}]}}