{"id":60576,"date":"2022-01-26T00:23:24","date_gmt":"2022-01-25T20:23:24","guid":{"rendered":"https:\/\/fedai.az\/?p=60576"},"modified":"2022-01-26T00:23:29","modified_gmt":"2022-01-25T20:23:29","slug":"nato-ukraynaya-qosun-yeritm%c9%99y%c9%99c%c9%99k-bas-katib","status":"publish","type":"post","link":"https:\/\/fedai.az\/?p=60576","title":{"rendered":"\u201cNATO Ukraynaya qo\u015fun yeritm\u0259y\u0259c\u0259k\u201d &#8212; BA\u015e KAT\u0130B"},"content":{"rendered":"\n<p><strong>\u201cNATO Ukraynaya qo\u015fun yeritm\u0259y\u0259c\u0259k\u201d.<\/strong><\/p>\n\n\n\n<p>APA-n\u0131n m\u0259lumat\u0131na g\u00f6r\u0259, bunu NATO-nun ba\u015f katibi Yens Stoltenberq bildirib.<\/p>\n\n\n\n<p>B\u00f6y\u00fck Britaniyan\u0131n Ba\u015f naziri Boris Conson bildirib ki, haz\u0131rda Ukraynaya b\u00f6y\u00fck kontingent g\u00f6nd\u0259rm\u0259y\u0259 haz\u0131r olan bir d\u0259n\u0259 d\u0259 olsun, NATO \u00fczv\u00fc yoxdur.&nbsp;<\/p>\n\n\n\n<p>R\u0130A Novosti x\u0259b\u0259r verir ki, Consonun s\u00f6zl\u0259rin\u0259 g\u00f6r\u0259, v\u0259ziyy\u0259tin g\u0259rginl\u0259\u015f\u0259c\u0259yi t\u0259qdird\u0259 NATO qo\u015funlar\u0131n\u0131n Ukraynaya g\u00f6nd\u0259rilm\u0259si ehtimal\u0131 azd\u0131r, \u00e7\u00fcnki o, alyans\u0131n \u00fczv\u00fc deyil.<\/p>\n\n\n\n<p><br>&#171;Bilir\u0259m ki, emosional olaraq \u00e7oxlar\u0131 bu fikr\u0259 \u015f\u0259rikdir. T\u0259bii ki, instinktiv olaraq \u0259ks\u0259riyy\u0259t Ukraynaya NATO qo\u015funlar\u0131 \u015f\u0259klind\u0259 aktiv fiziki d\u0259st\u0259k verm\u0259y\u0259 \u00e7a\u011f\u0131rard\u0131, amma dem\u0259liy\u0259m ki, bunun yax\u0131n g\u0259l\u0259c\u0259kd\u0259 ba\u015f ver\u0259c\u0259yini d\u00fc\u015f\u00fcnm\u00fcr\u0259m. \u00c7\u00fcnki Ukrayna NATO \u00fczv\u00fc deyil\u201d, &#8212; Conson parlamentd\u0259 \u00e7\u0131x\u0131\u015f ed\u0259rk\u0259n deyib.<\/p>\n","protected":false},"excerpt":{"rendered":"<p>\u201cNATO Ukraynaya qo\u015fun yeritm\u0259y\u0259c\u0259k\u201d. APA-n\u0131n m\u0259lumat\u0131na g\u00f6r\u0259, bunu NATO-nun ba\u015f katibi Yens Stoltenberq bildirib. B\u00f6y\u00fck Britaniyan\u0131n Ba\u015f naziri Boris Conson bildirib ki, haz\u0131rda Ukraynaya<\/p>\n","protected":false},"author":2,"featured_media":0,"comment_status":"closed","ping_status":"closed","sticky":false,"template":"","format":"standard","meta":{"footnotes":""},"categories":[13],"tags":[],"class_list":["post-60576","post","type-post","status-publish","format-standard","hentry","category-xarici"],"aioseo_notices":[],"_links":{"self":[{"href":"https:\/\/fedai.az\/index.php?rest_route=\/wp\/v2\/posts\/60576","targetHints":{"allow":["GET"]}}],"collection":[{"href":"https:\/\/fedai.az\/index.php?rest_route=\/wp\/v2\/posts"}],"about":[{"href":"https:\/\/fedai.az\/index.php?rest_route=\/wp\/v2\/types\/post"}],"author":[{"embeddable":true,"href":"https:\/\/fedai.az\/index.php?rest_route=\/wp\/v2\/users\/2"}],"replies":[{"embeddable":true,"href":"https:\/\/fedai.az\/index.php?rest_route=%2Fwp%2Fv2%2Fcomments&post=60576"}],"version-history":[{"count":1,"href":"https:\/\/fedai.az\/index.php?rest_route=\/wp\/v2\/posts\/60576\/revisions"}],"predecessor-version":[{"id":60577,"href":"https:\/\/fedai.az\/index.php?rest_route=\/wp\/v2\/posts\/60576\/revisions\/60577"}],"wp:attachment":[{"href":"https:\/\/fedai.az\/index.php?rest_route=%2Fwp%2Fv2%2Fmedia&parent=60576"}],"wp:term":[{"taxonomy":"category","embeddable":true,"href":"https:\/\/fedai.az\/index.php?rest_route=%2Fwp%2Fv2%2Fcategories&post=60576"},{"taxonomy":"post_tag","embeddable":true,"href":"https:\/\/fedai.az\/index.php?rest_route=%2Fwp%2Fv2%2Ftags&post=60576"}],"curies":[{"name":"wp","href":"https:\/\/api.w.org\/{rel}","templated":true}]}}