{"id":61459,"date":"2022-02-05T01:30:13","date_gmt":"2022-02-04T21:30:13","guid":{"rendered":"https:\/\/fedai.az\/?p=61459"},"modified":"2022-02-05T01:30:16","modified_gmt":"2022-02-04T21:30:16","slug":"nikol-pasinyan-g%c9%99l%c9%99n-ay-turkiy%c9%99y%c9%99-s%c9%99f%c9%99r-ed%c9%99c%c9%99k","status":"publish","type":"post","link":"https:\/\/fedai.az\/?p=61459","title":{"rendered":"Nikol Pa\u015finyan g\u0259l\u0259n ay T\u00fcrkiy\u0259y\u0259 s\u0259f\u0259r ed\u0259c\u0259k"},"content":{"rendered":"\n<p><strong>T\u00fcrkiy\u0259nin vitse-prezidenti Fuat Oktay Erm\u0259nistan\u0131n Ba\u015f naziri Nikol Pa\u015finyan\u0131n mart ay\u0131nda T\u00fcrkiy\u0259y\u0259 ged\u0259c\u0259yini v\u0259 Antalya Diplomatiya Forumunda i\u015ftirak ed\u0259c\u0259yini a\u00e7\u0131qlay\u0131b.<\/strong><\/p>\n\n\n\n<p>Bu bar\u0259d\u0259 \u201cA Haber\u201d telekanal\u0131 x\u0259b\u0259r yay\u0131b.<\/p>\n\n\n\n<p>T\u00fcrkiy\u0259-Erm\u0259nistan m\u00fcnasib\u0259tl\u0259rin\u0259 d\u0259 toxunan Fuat Oktay Erm\u0259nistan\u0131n ba\u015f nazirinin g\u0259l\u0259n ay T\u00fcrkiy\u0259y\u0259 s\u0259f\u0259r ed\u0259c\u0259yini bildirib. \u201cQaraba\u011fda i\u015f\u011fala son qoyulmas\u0131 regionda s\u00fclh\u00fcn a\u00e7ar\u0131 oldu. Erm\u0259nistan\u0131n ba\u015f naziri Antalyaya Diplomatiya Forumuna g\u0259l\u0259c\u0259k\u201d, \u2013 deyib.<\/p>\n","protected":false},"excerpt":{"rendered":"<p>T\u00fcrkiy\u0259nin vitse-prezidenti Fuat Oktay Erm\u0259nistan\u0131n Ba\u015f naziri Nikol Pa\u015finyan\u0131n mart ay\u0131nda T\u00fcrkiy\u0259y\u0259 ged\u0259c\u0259yini v\u0259 Antalya Diplomatiya Forumunda i\u015ftirak ed\u0259c\u0259yini a\u00e7\u0131qlay\u0131b. Bu bar\u0259d\u0259 \u201cA Haber\u201d<\/p>\n","protected":false},"author":2,"featured_media":0,"comment_status":"closed","ping_status":"closed","sticky":false,"template":"","format":"standard","meta":{"footnotes":""},"categories":[13],"tags":[],"class_list":["post-61459","post","type-post","status-publish","format-standard","hentry","category-xarici"],"aioseo_notices":[],"_links":{"self":[{"href":"https:\/\/fedai.az\/index.php?rest_route=\/wp\/v2\/posts\/61459","targetHints":{"allow":["GET"]}}],"collection":[{"href":"https:\/\/fedai.az\/index.php?rest_route=\/wp\/v2\/posts"}],"about":[{"href":"https:\/\/fedai.az\/index.php?rest_route=\/wp\/v2\/types\/post"}],"author":[{"embeddable":true,"href":"https:\/\/fedai.az\/index.php?rest_route=\/wp\/v2\/users\/2"}],"replies":[{"embeddable":true,"href":"https:\/\/fedai.az\/index.php?rest_route=%2Fwp%2Fv2%2Fcomments&post=61459"}],"version-history":[{"count":1,"href":"https:\/\/fedai.az\/index.php?rest_route=\/wp\/v2\/posts\/61459\/revisions"}],"predecessor-version":[{"id":61461,"href":"https:\/\/fedai.az\/index.php?rest_route=\/wp\/v2\/posts\/61459\/revisions\/61461"}],"wp:attachment":[{"href":"https:\/\/fedai.az\/index.php?rest_route=%2Fwp%2Fv2%2Fmedia&parent=61459"}],"wp:term":[{"taxonomy":"category","embeddable":true,"href":"https:\/\/fedai.az\/index.php?rest_route=%2Fwp%2Fv2%2Fcategories&post=61459"},{"taxonomy":"post_tag","embeddable":true,"href":"https:\/\/fedai.az\/index.php?rest_route=%2Fwp%2Fv2%2Ftags&post=61459"}],"curies":[{"name":"wp","href":"https:\/\/api.w.org\/{rel}","templated":true}]}}