{"id":61462,"date":"2022-02-05T01:33:36","date_gmt":"2022-02-04T21:33:36","guid":{"rendered":"https:\/\/fedai.az\/?p=61462"},"modified":"2022-02-05T01:33:39","modified_gmt":"2022-02-04T21:33:39","slug":"ai-az%c9%99rbaycana-2-milyard-avroluq-maliyy%c9%99-paketi-ayirdi","status":"publish","type":"post","link":"https:\/\/fedai.az\/?p=61462","title":{"rendered":"A\u0130 Az\u0259rbaycana 2 milyard avroluq maliyy\u0259 paketi ay\u0131rd\u0131"},"content":{"rendered":"\n<p><strong>Bu g\u00fcn xarici i\u015fl\u0259r naziri Ceyhun Bayramov v\u0259 Avropa \u0130ttifaq\u0131n\u0131n (A\u0130) qon\u015fuluq v\u0259 geni\u015fl\u0259nm\u0259 \u00fczr\u0259 Komissar\u0131 Oliver Varhelyi aras\u0131nda g\u00f6r\u00fc\u015f ba\u015f tutub.<\/strong><\/p>\n\n\n\n<p>Fedai.z Qaynarinfo-ya istinad\u0259n verir ki, bu bar\u0259d\u0259 X\u0130N m\u0259lumat yay\u0131b.<\/p>\n\n\n\n<p>G\u00f6r\u00fc\u015fd\u0259 nazir Ceyhun Bayramov Az\u0259rbaycan v\u0259 A\u0130 aras\u0131nda m\u00fcnasib\u0259tl\u0259rin b\u0259rab\u0259rh\u00fcquqlu t\u0259r\u0259fda\u015fl\u0131q \u0259sas\u0131nda inki\u015faf etdiyini bildirib. A\u0130 Komissarlar\u0131n\u0131n i\u015ftirak etdiyi C\u0259nub Qaz D\u0259hlizi M\u0259\u015fv\u0259r\u0259t \u015euras\u0131 VIII toplant\u0131s\u0131n\u0131n u\u011furla ke\u00e7irildiyin\u0259 istinad ed\u0259n Ceyhun Bayramov, enerji sah\u0259sind\u0259 A\u0130 il\u0259 strateji t\u0259r\u0259fda\u015fl\u0131\u011f\u0131n inki\u015faf\u0131n\u0131 m\u0259mnunluqla vur\u011fulay\u0131b.<\/p>\n\n\n\n<p>Nazir, b\u00f6lg\u0259d\u0259 m\u00f6vcud olan cari v\u0259ziyy\u0259t, Erm\u0259nistan il\u0259 m\u00fcnasib\u0259tl\u0259rin normalla\u015fmas\u0131 v\u0259 delimitasiya prosesi, el\u0259c\u0259 d\u0259 mina t\u0259hl\u00fck\u0259si kimi m\u0259s\u0259l\u0259l\u0259r bar\u0259d\u0259 qar\u015f\u0131 t\u0259r\u0259f\u0259 m\u0259lumat verib. O, h\u0259m\u00e7inin b\u00f6lg\u0259d\u0259 h\u0259yata ke\u00e7iril\u0259n b\u0259rpa v\u0259 yenid\u0259n qurma i\u015fl\u0259ri v\u0259 bu x\u00fcsusda, A\u0130-nin m\u00fcmk\u00fcn rolundan dan\u0131\u015f\u0131b.<\/p>\n\n\n\n<p>Komissar Oliver Varhelyi A\u0130 \u00fc\u00e7\u00fcn Az\u0259rbaycan il\u0259 t\u0259r\u0259fda\u015fl\u0131q m\u00fcnasib\u0259tl\u0259rinin b\u00f6y\u00fck \u0259h\u0259miyy\u0259t k\u0259sb etdiyini v\u0259 bu m\u00fcnasib\u0259tl\u0259rin daha da g\u00fccl\u0259ndirilm\u0259sinin vacib oldu\u011funu qeyd edib. O, Az\u0259rbaycan\u0131 A\u0130-nin etibarl\u0131 t\u0259r\u0259fda\u015f\u0131 oldu\u011funu vur\u011fulay\u0131b.<\/p>\n\n\n\n<p>Komissar, iqtisadi s\u0259rmay\u0259 plan\u0131 \u00e7\u0259r\u00e7iv\u0259sind\u0259 Az\u0259rbaycana 2 milyard avroluq maliyy\u0259 paketinin ayr\u0131ld\u0131\u011f\u0131n\u0131 bildirib v\u0259 bu \u00e7\u0259r\u00e7iv\u0259d\u0259 konkret layih\u0259l\u0259rin realla\u015fmas\u0131n\u0131n n\u0259z\u0259rd\u0259n ke\u00e7irildiyini qeyd edib. O.Varhelyi, habel\u0259 A\u0130-nin Az\u0259rbaycanda h\u0259yata ke\u00e7iril\u0259n b\u0259rpa v\u0259 yenid\u0259nqurma prosesind\u0259 i\u015ftirak etm\u0259y\u0259 haz\u0131r oldu\u011funu ifad\u0259 edib.<\/p>\n\n\n\n<p>T\u0259r\u0259fl\u0259r, regional t\u0259hl\u00fck\u0259sizlik, enerji t\u0259r\u0259fda\u015fl\u0131\u011f\u0131, iqtisadi \u0259laq\u0259l\u0259r, h\u0259m\u00e7inin n\u0259qliyyat v\u0259 ba\u011flant\u0131lar, sektoral \u0259m\u0259kda\u015fl\u0131q, habel\u0259 qar\u015f\u0131l\u0131ql\u0131 maraq do\u011furan dig\u0259r sah\u0259l\u0259rd\u0259 \u0259m\u0259kda\u015fl\u0131\u011f\u0131n h\u0259yata ke\u00e7irilm\u0259si \u00fczr\u0259 fikir m\u00fcbadil\u0259si apar\u0131blar.<\/p>\n\n\n\n<p>G\u00f6r\u00fc\u015fd\u0259 Az\u0259rbaycan v\u0259 A\u0130 aras\u0131nda m\u00fcnasib\u0259tl\u0259rin h\u00fcquqi \u0259sas\u0131n\u0131 t\u0259\u015fkil ed\u0259c\u0259k yeni sazi\u015f \u00fczr\u0259 dan\u0131\u015f\u0131qlar\u0131n tamamlanmas\u0131n\u0131n \u0259h\u0259miyy\u0259ti qar\u015f\u0131l\u0131ql\u0131 \u015f\u0259kild\u0259 ifad\u0259 edilib.<\/p>\n\n\n\n<p>G\u00f6r\u00fc\u015fd\u0259, h\u0259m\u00e7inin qar\u015f\u0131l\u0131ql\u0131 maraq do\u011furan dig\u0259r m\u0259s\u0259l\u0259l\u0259r \u0259traf\u0131nda fikir m\u00fcbadil\u0259si apar\u0131l\u0131b.<\/p>\n","protected":false},"excerpt":{"rendered":"<p>Bu g\u00fcn xarici i\u015fl\u0259r naziri Ceyhun Bayramov v\u0259 Avropa \u0130ttifaq\u0131n\u0131n (A\u0130) qon\u015fuluq v\u0259 geni\u015fl\u0259nm\u0259 \u00fczr\u0259 Komissar\u0131 Oliver Varhelyi aras\u0131nda g\u00f6r\u00fc\u015f ba\u015f tutub. Fedai.z Qaynarinfo-ya<\/p>\n","protected":false},"author":2,"featured_media":0,"comment_status":"closed","ping_status":"closed","sticky":false,"template":"","format":"standard","meta":{"footnotes":""},"categories":[1],"tags":[],"class_list":["post-61462","post","type-post","status-publish","format-standard","hentry","category-siyast"],"aioseo_notices":[],"_links":{"self":[{"href":"https:\/\/fedai.az\/index.php?rest_route=\/wp\/v2\/posts\/61462","targetHints":{"allow":["GET"]}}],"collection":[{"href":"https:\/\/fedai.az\/index.php?rest_route=\/wp\/v2\/posts"}],"about":[{"href":"https:\/\/fedai.az\/index.php?rest_route=\/wp\/v2\/types\/post"}],"author":[{"embeddable":true,"href":"https:\/\/fedai.az\/index.php?rest_route=\/wp\/v2\/users\/2"}],"replies":[{"embeddable":true,"href":"https:\/\/fedai.az\/index.php?rest_route=%2Fwp%2Fv2%2Fcomments&post=61462"}],"version-history":[{"count":1,"href":"https:\/\/fedai.az\/index.php?rest_route=\/wp\/v2\/posts\/61462\/revisions"}],"predecessor-version":[{"id":61464,"href":"https:\/\/fedai.az\/index.php?rest_route=\/wp\/v2\/posts\/61462\/revisions\/61464"}],"wp:attachment":[{"href":"https:\/\/fedai.az\/index.php?rest_route=%2Fwp%2Fv2%2Fmedia&parent=61462"}],"wp:term":[{"taxonomy":"category","embeddable":true,"href":"https:\/\/fedai.az\/index.php?rest_route=%2Fwp%2Fv2%2Fcategories&post=61462"},{"taxonomy":"post_tag","embeddable":true,"href":"https:\/\/fedai.az\/index.php?rest_route=%2Fwp%2Fv2%2Ftags&post=61462"}],"curies":[{"name":"wp","href":"https:\/\/api.w.org\/{rel}","templated":true}]}}