{"id":61468,"date":"2022-02-05T01:54:10","date_gmt":"2022-02-04T21:54:10","guid":{"rendered":"https:\/\/fedai.az\/?p=61468"},"modified":"2022-02-05T01:54:13","modified_gmt":"2022-02-04T21:54:13","slug":"qazinin-uzun%c9%99-tupur%c9%99n-rasim-m%c9%99mm%c9%99dov-tutulan-zaman-yeri-islatdi","status":"publish","type":"post","link":"https:\/\/fedai.az\/?p=61468","title":{"rendered":"Qazinin \u00fcz\u00fcn\u0259 t\u00fcp\u00fcr\u0259n Rasim M\u0259mm\u0259dov, tutulan zaman yeri &#171;islatd\u0131&#187;"},"content":{"rendered":"\n<p><strong>X\u0259b\u0259r verildiyi kimi, \u00f6z\u00fcn\u00fc &#171;\u0130ctimai N\u0259zar\u0259t Koalisiyas\u0131\u201d \u0130ctimai Birliyinin s\u0259dri kimi t\u0259qdim ed\u0259n Rasim M\u0259mm\u0259dov saxlan\u0131b.<\/strong><br><br>Sosial \u015f\u0259b\u0259k\u0259l\u0259rd\u0259 Rasim M\u0259mm\u0259dovun qazini t\u0259hqir ed\u0259n videosu yay\u0131l\u0131b.<br>\u00a0<br><strong>Bel\u0259 ki, yay\u0131lan videoda Rasim M\u0259mm\u0259dov birinci Qaraba\u011f m\u00fcharib\u0259si veteran\u0131n\u0131n \u00fcz\u00fcn\u0259 t\u00fcp\u00fcr\u00fcr.\u00a0<\/strong><\/p>\n\n\n\n<figure class=\"wp-block-embed is-type-video is-provider-youtube wp-block-embed-youtube wp-embed-aspect-4-3 wp-has-aspect-ratio\"><div class=\"wp-block-embed__wrapper\">\n<iframe loading=\"lazy\" title=\"Rasim M\u0259mm\u0259dov qazinin \u00fcz\u00fcn\u0259 t\u00fcp\u00fcrd\u00fc\" width=\"715\" height=\"536\" src=\"https:\/\/www.youtube.com\/embed\/OC0RUF3dAPw?feature=oembed\" frameborder=\"0\" allow=\"accelerometer; autoplay; clipboard-write; encrypted-media; gyroscope; picture-in-picture\" allowfullscreen><\/iframe>\n<\/div><\/figure>\n\n\n\n<p><br>\u00a0<br>Qeyd ed\u0259k ki, Rasim M\u0259mm\u0259dov 2021-ci il sentyabr\u0131n 17-d\u0259 Sumqay\u0131t \u015f\u0259h\u0259rind\u0259 yerl\u0259\u015f\u0259n \u201cAzmetal\u201d MMC-y\u0259 g\u0259l\u0259r\u0259k he\u00e7 bir \u0259sasl\u0131 s\u0259b\u0259b olmadan oran\u0131n direktor m\u00fcavini Ramiz H\u00fcseynovun \u00fcnvan\u0131na nalayiq s\u00f6y\u00fc\u015fl\u0259r s\u00f6y\u00fcb \u00e7\u00f6l\u0259 \u00e7\u0131xmas\u0131n\u0131 t\u0259l\u0259b etmi\u015fdir. R. H\u00fcseynov h\u0259y\u0259t\u0259 d\u00fc\u015fd\u00fckd\u0259n sonra R.M\u0259mm\u0259dov t\u0259krar olaraq onun \u00fcnvan\u0131na nalayiq ifad\u0259l\u0259r i\u015fl\u0259tmi\u015f v\u0259 \u0259lind\u0259ki mobil telefonla MMC-nin anbardar\u0131 Sabir \u0130smay\u0131lovun ba\u015f nahiy\u0259sin\u0259 3 d\u0259f\u0259 z\u0259rb\u0259 vuraraq ona m\u00fcxt\u0259lif d\u0259r\u0259c\u0259li b\u0259d\u0259n x\u0259sar\u0259ti yetirm\u0259kl\u0259 q\u0259r\u0259zli xuliqanl\u0131q h\u0259r\u0259k\u0259tl\u0259ri etmi\u015fdir.<\/p>\n\n\n\n<p>Faktla \u0259laq\u0259dar Sumqay\u0131t \u015e\u0259h\u0259r Polis \u0130dar\u0259sind\u0259 m\u00fcvafiq ara\u015fd\u0131rma apar\u0131lm\u0131\u015f v\u0259 ara\u015fd\u0131rman\u0131n n\u0259tic\u0259sin\u0259 uy\u011fun olaraq Cinay\u0259t M\u0259c\u0259ll\u0259sinin 221.3-c\u00fc madd\u0259si il\u0259 cinay\u0259t i\u015fi ba\u015flanm\u0131\u015fd\u0131r. Fevral\u0131n 3-d\u0259 Rasim M\u0259mm\u0259dov qeyd olunan cinay\u0259t \u0259m\u0259lini t\u00f6r\u0259tm\u0259kd\u0259 \u015f\u00fcbh\u0259li bilin\u0259r\u0259k saxlan\u0131lm\u0131\u015fd\u0131r.<\/p>\n\n\n\n<p><strong>Atmaca: Bu cinsd\u0259n olan &#171;q\u0259hr\u0259manlar&#187;\u0131n mahiyy\u0259ti budur. Qanuni bir h\u0259bs\u0259 g\u00f6r\u0259 m\u00fcq\u0259dd\u0259s torpa\u011f\u0131 murdarlay\u0131r. (videonun 32-37-ci saniy\u0259l\u0259rin\u0259 diqq\u0259t edin!) S\u0259n kims\u0259n ki, qazinin \u00fcz\u00fcn\u0259 t\u00fcp\u00fcrm\u0259y\u0259 c\u0259hd edirs\u0259n? Bar\u0131 onun \u015falvar\u0131n\u0131 d\u0259yi\u015fin&#8230;<\/strong><\/p>\n\n\n\n<figure class=\"wp-block-embed is-type-video is-provider-youtube wp-block-embed-youtube wp-embed-aspect-16-9 wp-has-aspect-ratio\"><div class=\"wp-block-embed__wrapper\">\n<iframe loading=\"lazy\" title=\"Son d\u0259qiq\u0259: Polis Rasim M\u0259mm\u0259dovu bel\u0259 saxlad\u0131! (\u018fm\u0259liyyat videosu)\" width=\"715\" height=\"402\" src=\"https:\/\/www.youtube.com\/embed\/_DDDC0Bu0zI?feature=oembed\" frameborder=\"0\" allow=\"accelerometer; autoplay; clipboard-write; encrypted-media; gyroscope; picture-in-picture\" allowfullscreen><\/iframe>\n<\/div><\/figure>\n\n\n\n<p><\/p>\n","protected":false},"excerpt":{"rendered":"<p>X\u0259b\u0259r verildiyi kimi, \u00f6z\u00fcn\u00fc &#171;\u0130ctimai N\u0259zar\u0259t Koalisiyas\u0131\u201d \u0130ctimai Birliyinin s\u0259dri kimi t\u0259qdim ed\u0259n Rasim M\u0259mm\u0259dov saxlan\u0131b. Sosial \u015f\u0259b\u0259k\u0259l\u0259rd\u0259 Rasim M\u0259mm\u0259dovun qazini t\u0259hqir ed\u0259n videosu<\/p>\n","protected":false},"author":2,"featured_media":0,"comment_status":"closed","ping_status":"closed","sticky":false,"template":"","format":"standard","meta":{"footnotes":""},"categories":[15],"tags":[],"class_list":["post-61468","post","type-post","status-publish","format-standard","hentry","category-atmaca"],"aioseo_notices":[],"_links":{"self":[{"href":"https:\/\/fedai.az\/index.php?rest_route=\/wp\/v2\/posts\/61468","targetHints":{"allow":["GET"]}}],"collection":[{"href":"https:\/\/fedai.az\/index.php?rest_route=\/wp\/v2\/posts"}],"about":[{"href":"https:\/\/fedai.az\/index.php?rest_route=\/wp\/v2\/types\/post"}],"author":[{"embeddable":true,"href":"https:\/\/fedai.az\/index.php?rest_route=\/wp\/v2\/users\/2"}],"replies":[{"embeddable":true,"href":"https:\/\/fedai.az\/index.php?rest_route=%2Fwp%2Fv2%2Fcomments&post=61468"}],"version-history":[{"count":1,"href":"https:\/\/fedai.az\/index.php?rest_route=\/wp\/v2\/posts\/61468\/revisions"}],"predecessor-version":[{"id":61470,"href":"https:\/\/fedai.az\/index.php?rest_route=\/wp\/v2\/posts\/61468\/revisions\/61470"}],"wp:attachment":[{"href":"https:\/\/fedai.az\/index.php?rest_route=%2Fwp%2Fv2%2Fmedia&parent=61468"}],"wp:term":[{"taxonomy":"category","embeddable":true,"href":"https:\/\/fedai.az\/index.php?rest_route=%2Fwp%2Fv2%2Fcategories&post=61468"},{"taxonomy":"post_tag","embeddable":true,"href":"https:\/\/fedai.az\/index.php?rest_route=%2Fwp%2Fv2%2Ftags&post=61468"}],"curies":[{"name":"wp","href":"https:\/\/api.w.org\/{rel}","templated":true}]}}