{"id":61471,"date":"2022-02-05T01:59:38","date_gmt":"2022-02-04T21:59:38","guid":{"rendered":"https:\/\/fedai.az\/?p=61471"},"modified":"2022-02-05T01:59:40","modified_gmt":"2022-02-04T21:59:40","slug":"%c9%99jd%c9%99r-ol-dovl%c9%99t%c9%99-d%c9%99ymis-589-min-manat-ziyani-od%c9%99di","status":"publish","type":"post","link":"https:\/\/fedai.az\/?p=61471","title":{"rendered":"\u018fjd\u0259r Ol d\u00f6vl\u0259t\u0259 d\u0259ymi\u015f 589 min manat ziyan\u0131 \u00f6d\u0259di"},"content":{"rendered":"\n<p><strong>\u018fm\u0259k v\u0259 \u018fhalinin Sosial M\u00fcdafi\u0259si Nazirliyinin r\u00fc\u015fv\u0259t almaqda t\u0259qsirl\u0259ndiril\u0259n sabiq Aparat r\u0259hb\u0259ri \u018fjd\u0259r C\u0259biyev (\u018fjd\u0259r Ol) cinay\u0259t i\u015fi \u00fczr\u0259 d\u0259ymi\u015f ziyan\u0131 \u00f6d\u0259yib.<\/strong><\/p>\n\n\n\n<p><br>Bu bar\u0259d\u0259 Bak\u0131 A\u011f\u0131r Cinay\u0259tl\u0259r M\u0259hk\u0259m\u0259sinin hakimi \u018ffqan Hac\u0131yevin s\u0259drliyi il\u0259 ke\u00e7iril\u0259n prosesd\u0259 elan edilib.<\/p>\n\n\n\n<p><br>Bildirilib ki, \u018f.C\u0259biyev istintaq d\u00f6vr\u00fcnd\u0259 depozit\u0259 qoydu\u011fu 589 min manat\u0131 z\u0259r\u0259r\u00e7\u0259kmi\u015f qismind\u0259 tan\u0131nan \u018fm\u0259k v\u0259 \u018fhalinin Sosial M\u00fcdafi\u0259si Nazirliyin\u0259 ziyan\u0131n \u0259v\u0259zi kimi \u00f6d\u0259yib.<\/p>\n\n\n\n<p>M\u0259hk\u0259m\u0259nin n\u00f6vb\u0259ti iclas\u0131 fevral\u0131n 8-n\u0259 t\u0259yin edilib.<\/p>\n\n\n\n<p><br>\u0130ttiham akt\u0131na \u0259sas\u0259n, \u018f.C\u0259biyev xidm\u0259ti v\u0259zif\u0259l\u0259rinin icras\u0131 il\u0259 \u0259laq\u0259dar k\u00fclli miqdarda pul v\u0259saitini v\u0259t\u0259nda\u015flardan r\u00fc\u015fv\u0259t qismind\u0259 ist\u0259y\u0259r\u0259k al\u0131b.<\/p>\n\n\n\n<p>O, qulluq m\u00f6vqeyind\u0259n istifad\u0259 ed\u0259r\u0259k k\u00fclli miqdarda d\u00f6vl\u0259t v\u0259saitini m\u0259nims\u0259yib.<\/p>\n\n\n\n<p><br>Cinay\u0259t materiallar\u0131nda g\u00f6st\u0259rilib ki, \u018f.C\u0259biyev sabiq \u0259m\u0259k v\u0259 \u0259halinin sosial m\u00fcdafi\u0259si naziri S\u0259lim M\u00fcsl\u00fcmovla \u0259lbir olaraq m\u00fcxt\u0259lif \u015f\u0259xsl\u0259rd\u0259n \u00fcmumilikd\u0259 327 min manatdan art\u0131q v\u0259saiti r\u00fc\u015fv\u0259t qismind\u0259 \u0259l\u0259 ke\u00e7irib.<\/p>\n\n\n\n<p><br>Bundan ba\u015fqa, nazirliyin tikilm\u0259kd\u0259 olan obyektl\u0259rini kurasiya ed\u0259rk\u0259n qulluq s\u0259lahiyy\u0259tl\u0259rind\u0259n istifad\u0259 ed\u0259r\u0259k \u015f\u0259hid ail\u0259l\u0259ri v\u0259 Qaraba\u011f \u0259lill\u0259ri \u00fc\u00e7\u00fcn G\u0259nc\u0259 v\u0259 Ming\u0259\u00e7evir \u015f\u0259h\u0259rl\u0259rind\u0259 al\u0131nan m\u0259nzill\u0259r\u0259 g\u00f6r\u0259 art\u0131q pul k\u00f6\u00e7\u00fcrm\u0259kl\u0259 262 min manat b\u00fcdc\u0259d\u0259n pul silinm\u0259sin\u0259 nail olub. H\u0259min pullar\u0131 nazirliyin inzibati binas\u0131nda tikintil\u0259rd\u0259n m\u0259sul \u015f\u0259xs olan Natiq \u018fzizov vasit\u0259si il\u0259 \u0259ld\u0259 edib.<\/p>\n\n\n\n<p><br>\u018f.C\u0259biyevin bar\u0259sind\u0259 Cinay\u0259t M\u0259c\u0259ll\u0259sinin 179.3.2-ci (M\u0259nims\u0259m\u0259, k\u00fclli miqdarda t\u00f6r\u0259dildikd\u0259), 308.2-ci (V\u0259zif\u0259 s\u0259lahiyy\u0259tl\u0259rind\u0259n sui-istifad\u0259), 311.3.1-ci (R\u00fc\u015fv\u0259t alma, qabaqcadan \u0259lbir olan bir qrup \u015f\u0259xs v\u0259 ya m\u00fct\u0259\u015f\u0259kkil d\u0259st\u0259 t\u0259r\u0259find\u0259n), 311.3.2-ci (R\u00fc\u015fv\u0259t alma, t\u0259krar t\u00f6r\u0259dildikd\u0259) v\u0259 311.3.3-c\u00fc (R\u00fc\u015fv\u0259t alma, k\u00fclli miqdarda t\u00f6r\u0259dildikd\u0259) madd\u0259l\u0259ri il\u0259 ittiham ir\u0259li s\u00fcr\u00fcl\u00fcb.<\/p>\n\n\n\n<p><strong>P.S. \u018flill\u0259rd\u0259n v\u0259 veteranlardan ibar\u0259t i\u015f\u00e7il\u0259rin puluna g\u00f6z dikmi\u015f 3 nazirin na\u011f\u0131l\u0131 v\u0259 ya &#171;b\u0259s bizim bir Abbas\u0131m\u0131z hara getdi?&#187; adl\u0131 yaz\u0131 haz\u0131rlan\u0131r. Bir-birini \u0259v\u0259z ed\u0259n nazirl\u0259rin al-verl\u0259ri v\u0259 veteran i\u015f\u00e7il\u0259rin verilm\u0259y\u0259n 38 min manat \u0259m\u0259k haqq\u0131n\u0131 nec\u0259 \u00f6t\u00fcr-\u00f6t\u00fcr\u0259 sald\u0131lar?<\/strong><\/p>\n","protected":false},"excerpt":{"rendered":"<p>\u018fm\u0259k v\u0259 \u018fhalinin Sosial M\u00fcdafi\u0259si Nazirliyinin r\u00fc\u015fv\u0259t almaqda t\u0259qsirl\u0259ndiril\u0259n sabiq Aparat r\u0259hb\u0259ri \u018fjd\u0259r C\u0259biyev (\u018fjd\u0259r Ol) cinay\u0259t i\u015fi \u00fczr\u0259 d\u0259ymi\u015f ziyan\u0131 \u00f6d\u0259yib. Bu bar\u0259d\u0259<\/p>\n","protected":false},"author":2,"featured_media":61472,"comment_status":"closed","ping_status":"closed","sticky":false,"template":"","format":"standard","meta":{"footnotes":""},"categories":[15],"tags":[],"class_list":["post-61471","post","type-post","status-publish","format-standard","has-post-thumbnail","hentry","category-atmaca"],"aioseo_notices":[],"_links":{"self":[{"href":"https:\/\/fedai.az\/index.php?rest_route=\/wp\/v2\/posts\/61471","targetHints":{"allow":["GET"]}}],"collection":[{"href":"https:\/\/fedai.az\/index.php?rest_route=\/wp\/v2\/posts"}],"about":[{"href":"https:\/\/fedai.az\/index.php?rest_route=\/wp\/v2\/types\/post"}],"author":[{"embeddable":true,"href":"https:\/\/fedai.az\/index.php?rest_route=\/wp\/v2\/users\/2"}],"replies":[{"embeddable":true,"href":"https:\/\/fedai.az\/index.php?rest_route=%2Fwp%2Fv2%2Fcomments&post=61471"}],"version-history":[{"count":1,"href":"https:\/\/fedai.az\/index.php?rest_route=\/wp\/v2\/posts\/61471\/revisions"}],"predecessor-version":[{"id":61473,"href":"https:\/\/fedai.az\/index.php?rest_route=\/wp\/v2\/posts\/61471\/revisions\/61473"}],"wp:featuredmedia":[{"embeddable":true,"href":"https:\/\/fedai.az\/index.php?rest_route=\/wp\/v2\/media\/61472"}],"wp:attachment":[{"href":"https:\/\/fedai.az\/index.php?rest_route=%2Fwp%2Fv2%2Fmedia&parent=61471"}],"wp:term":[{"taxonomy":"category","embeddable":true,"href":"https:\/\/fedai.az\/index.php?rest_route=%2Fwp%2Fv2%2Fcategories&post=61471"},{"taxonomy":"post_tag","embeddable":true,"href":"https:\/\/fedai.az\/index.php?rest_route=%2Fwp%2Fv2%2Ftags&post=61471"}],"curies":[{"name":"wp","href":"https:\/\/api.w.org\/{rel}","templated":true}]}}