{"id":61544,"date":"2022-02-06T00:09:44","date_gmt":"2022-02-05T20:09:44","guid":{"rendered":"https:\/\/fedai.az\/?p=61544"},"modified":"2022-02-06T00:09:47","modified_gmt":"2022-02-05T20:09:47","slug":"makron-az%c9%99rbaycanin-t%c9%99l%c9%99bini-q%c9%99bul-etdi-pasinyan-ist%c9%99diyini-esid%c9%99-bilm%c9%99di","status":"publish","type":"post","link":"https:\/\/fedai.az\/?p=61544","title":{"rendered":"Makron Az\u0259rbaycan\u0131n t\u0259l\u0259bini q\u0259bul etdi &#8212; Pa\u015finyan ist\u0259diyini e\u015fid\u0259 bilm\u0259di"},"content":{"rendered":"\n<p><strong>Erm\u0259nistan\u0131n t\u0259slim\u00e7ilik sazi\u015fi kimi d\u0259 \u015f\u0259rh edil\u0259n&nbsp;10 noyabr&nbsp;\u00fc\u00e7t\u0259r\u0259fli b\u0259yanat\u0131 il\u0259 Az\u0259rbaycanla Erm\u0259nistan aras\u0131nda &#171;m\u00fcharib\u0259nin&#187; postkonflikt m\u0259rh\u0259l\u0259si start g\u00f6t\u00fcrd\u00fc. Son prosesl\u0259r\u0259 \u0259saslanaraq dey\u0259 bil\u0259rik ki, h\u0259l\u0259d\u0259 ratifikasiya edilm\u0259y\u0259n bu b\u0259yanat\u0131n \u015f\u0259rtl\u0259rind\u0259n, \u00f6hd\u0259likl\u0259rind\u0259n m\u00fcxt\u0259lif manipulyasiya c\u0259hdl\u0259ri il\u0259 yay\u0131nma\u011fa \u00e7al\u0131\u015fan Erm\u0259nistan ba\u015fqa \u00e7ar\u0259sinin qalmad\u0131\u011f\u0131n\u0131 g\u00f6r\u00fcnc\u0259 ke\u00e7\u0259n 1 il \u0259rzind\u0259&nbsp;n\u0259yinki \u00f6z\u00fc, h\u0259tta ona havadarl\u0131q ed\u0259n q\u00fcvv\u0259l\u0259r, d\u00f6vl\u0259tl\u0259r d\u0259 r\u0259smi Bak\u0131n\u0131n diqt\u0259 etdiyi prosesl\u0259r\u0259 boyun \u0259ym\u0259k, q\u0259bul etm\u0259k m\u0259cburiyy\u0259tini anlama\u011fa ba\u015flay\u0131rlar.<\/strong><\/p>\n\n\n\n<p>Az\u0259rbaycan\u0131n regionda yaratd\u0131\u011f\u0131 yeni reall\u0131\u011f\u0131 ilk vaxtlar n\u0259yinki q\u0259bul etm\u0259k ist\u0259m\u0259y\u0259n, ona qar\u015f\u0131 b\u00f6y\u00fck c\u0259bh\u0259 alan beyn\u0259lxalq t\u0259\u015fkilatlar, d\u00f6vl\u0259tl\u0259r art\u0131q Az\u0259rbaycanla hesabla\u015fmaq m\u0259cburiyy\u0259tind\u0259 qal\u0131blar.&nbsp;<\/p>\n\n\n\n<p>D\u00fcn\u0259n Fransa Respublikas\u0131n\u0131n Prezidenti Emmanuel Makronun t\u0259\u015f\u0259bb\u00fcs\u00fc il\u0259 Az\u0259rbaycan Respublikas\u0131n\u0131n Prezidenti \u0130lham \u018fliyevin, Fransan\u0131n Avropa \u0130ttifaq\u0131na s\u0259drliyi qismind\u0259 Prezident Emmanuel Makronun, Avropa \u0130ttifaq\u0131 \u015euras\u0131n\u0131n Prezidenti \u015earl Mi\u015felin v\u0259 Erm\u0259nistan Respublikas\u0131n\u0131n ba\u015f naziri Nikol Pa\u015finyan\u0131n i\u015ftirak\u0131 il\u0259 videoformatda ke\u00e7iril\u0259n g\u00f6r\u00fc\u015f zaman\u0131 edil\u0259n m\u00fczakir\u0259l\u0259r, veril\u0259n q\u0259rarlar deyil\u0259nl\u0259rin t\u0259sdiqidir.&nbsp;<\/p>\n\n\n\n<p>\u015earl Mi\u015felin t\u0259\u015f\u0259bb\u00fcs\u00fc il\u0259 \u0130lham \u018fliyev v\u0259 Nikol Pa\u015finyan\u0131n i\u015ftirak\u0131 il\u0259 2021-ci il dekabr\u0131n 14-d\u0259 Br\u00fcsseld\u0259 ke\u00e7irilmi\u015f birg\u0259 g\u00f6r\u00fc\u015f\u00fcn davam\u0131 olaraq Erm\u0259nistan-Az\u0259rbaycan m\u00fcnasib\u0259tl\u0259rinin normalla\u015fd\u0131r\u0131lmas\u0131na dair \u0259trafl\u0131 m\u00fczakir\u0259l\u0259r n\u00f6vb\u0259ti d\u0259f\u0259 ke\u00e7irildi ki, g\u00f6r\u00fc\u015f\u00fcn \u0259vv\u0259lc\u0259d\u0259n m\u00fc\u0259yy\u0259n edilmi\u015f g\u00fcnd\u0259liyin\u0259 uy\u011fun olaraq iki \u00f6lk\u0259 aras\u0131nda m\u00fcnasib\u0259tl\u0259rin m\u00fcxt\u0259lif aspektl\u0259ri, o c\u00fcml\u0259d\u0259n humanitar m\u0259s\u0259l\u0259l\u0259r, etimad quruculu\u011fu, Az\u0259rbaycan\u0131n \u00fczl\u0259\u015fdiyi mina problemi, kommunikasiyalar\u0131n a\u00e7\u0131lmas\u0131, s\u0259rh\u0259dl\u0259rin delimitasiyas\u0131 v\u0259 demarkasiyas\u0131, s\u00fclh sazi\u015fi \u00fczr\u0259 dan\u0131\u015f\u0131qlar\u0131n ba\u015flanmas\u0131 kimi m\u0259s\u0259l\u0259l\u0259r\u0259 dair fikir m\u00fcbadil\u0259si apar\u0131ld\u0131. N\u0259z\u0259r yetirdikd\u0259 b\u00fct\u00fcn bu m\u0259s\u0259l\u0259l\u0259rin m\u0259hz \u0130lham \u018fliyevin x\u00fcsus\u0259n son&nbsp;1 ild\u0259 m\u00fcxt\u0259lif \u00e7\u0131x\u0131\u015flar\u0131nda, m\u00fcsahib\u0259l\u0259rind\u0259 toxundu\u011fu \u0259sas m\u00f6vzular oldu\u011funu g\u00f6r\u0259 bil\u0259rik.<\/p>\n\n\n\n<p>Prezident \u0130lham \u018fliyev bu g\u00f6r\u00fc\u015fd\u0259 m\u00fczakir\u0259 olunan m\u0259s\u0259l\u0259l\u0259r bar\u0259d\u0259 Az\u0259rbaycan\u0131n m\u00f6vqeyini bir daha vur\u011fulad\u0131. \u018fv\u0259zind\u0259 is\u0259 m\u00fcharib\u0259 zaman\u0131&nbsp;v\u0259 onun davam\u0131nda daim Erm\u0259nistana d\u0259st\u0259yini a\u00e7\u0131q ifad\u0259 ed\u0259n, Minsk Qrupunun \u00fc\u00e7 h\u0259ms\u0259drind\u0259n biri oldu\u011funu vec\u0259 sayaraq beyn\u0259lxalq h\u00fcququn b\u00fct\u00fcn prinsipl\u0259rini ayaq alt\u0131na atma\u011f\u0131 g\u00f6z\u0259 alaraq i\u015f\u011fal\u00e7\u0131 bir d\u00f6vl\u0259ti m\u00fcdafi\u0259 ed\u0259n&nbsp;Fransa lideri&nbsp;Emanuel Makron da Az\u0259rbaycan Prezidentinin qald\u0131rd\u0131\u011f\u0131 m\u0259s\u0259l\u0259l\u0259ri dinl\u0259m\u0259k m\u0259cburiyy\u0259tind\u0259 qald\u0131. \u00c7\u00fcnki o&nbsp;da art\u0131q anlay\u0131r ki, Az\u0259rbaycan\u0131n yaratd\u0131\u011f\u0131 reall\u0131\u011f\u0131 q\u0259bul etm\u0259y\u0259c\u0259yi, qalib t\u0259r\u0259f kimi onun \u015f\u0259rtl\u0259rini (M\u00fczakir\u0259l\u0259r zaman\u0131 Prezident \u0130lham \u018fliyev Birinci Qaraba\u011f m\u00fcharib\u0259si zaman\u0131 itkin d\u00fc\u015fm\u00fc\u015f \u015f\u0259xsl\u0259rin taleyinin, k\u00fctl\u0259vi m\u0259zarl\u0131qlar\u0131n yerinin m\u00fc\u0259yy\u0259nl\u0259\u015fdirilm\u0259si, i\u015f\u011faldan azad edilmi\u015f \u0259razil\u0259rin minalardan t\u0259mizl\u0259nm\u0259si sah\u0259sind\u0259 Az\u0259rbaycana beyn\u0259lxalq d\u0259st\u0259yin art\u0131r\u0131lmas\u0131, d\u0259mir yolu v\u0259 avtomobil yolu il\u0259 n\u0259qliyyat d\u0259hlizinin a\u00e7\u0131lmas\u0131 m\u0259s\u0259l\u0259sin\u0259 x\u00fcsusi olaraq diqq\u0259t verdi. &#8212; red) dinl\u0259m\u0259y\u0259c\u0259yi t\u0259qdird\u0259 Fransan\u0131n C\u0259nubi Qafqazda ist\u0259nil\u0259n prosesd\u0259 i\u015ftirak\u0131 m\u0259qbul hesab edilm\u0259y\u0259c\u0259k.<\/p>\n\n\n\n<p>A\u0130-y\u0259 s\u0259drliyi \u00fcz\u0259rin\u0259 g\u00f6t\u00fcr\u0259n Fransa prezidentinin g\u00f6r\u00fc\u015f\u00fcn \u0259sas t\u0259\u015f\u0259bb\u00fcskar\u0131 kimi bel\u0259 bir g\u00f6r\u00fc\u015f\u00fcn t\u0259\u015fkilind\u0259 \u015f\u00fcbh\u0259siz ki, \u00f6z maraqlar\u0131 var. Bunu r\u0259smi Bak\u0131 da \u00e7ox yax\u015f\u0131 anlay\u0131r. H\u0259tta m\u00fcahirb\u0259 zaman\u0131 Az\u0259rbaycana h\u0259rbi m\u00fcdaxil\u0259 ed\u0259c\u0259yi s\u00f6zl\u0259ri il\u0259 h\u0259d\u0259-qorxu g\u0259l\u0259n Makronun Erm\u0259nistan\u0131n a\u011f\u0131r m\u0259\u011flubiyy\u0259tind\u0259n sonra i\u015f\u011faldan azad edil\u0259n \u0259razil\u0259rd\u0259 b\u0259rpa-quruculuq i\u015fl\u0259rind\u0259 Fransa \u015firk\u0259tl\u0259rinin d\u0259 f\u0259al i\u015ftirak\u0131 il\u0259 ba\u011fl\u0131 r\u0259smi Bak\u0131ya m\u00fcraci\u0259t \u00fcnvanlanmas\u0131 zaman\u0131ndan r\u0259smi Parisin C\u0259nubi Qafqazdan bird\u0259f\u0259lik qopmaq qorxusundan x\u0259b\u0259r verirdi. G\u00f6r\u00fcn\u00fcr, m\u00fcnaqi\u015f\u0259nin h\u0259llind\u0259 uzaq d\u00fc\u015fd\u00fckl\u0259ri b\u00f6lg\u0259y\u0259 A\u0130-y\u0259 s\u0259drliyi d\u00f6vr\u00fcnd\u0259 qay\u0131tmaq ist\u0259y\u0259n Makron bununla C\u0259nubi Qafqazda yenid\u0259n aktivl\u0259\u015f\u0259r\u0259k dolay\u0131s\u0131 il\u0259 Minsk Qrupundak\u0131 s\u0259lahiyy\u0259tini &#8212; Az\u0259rbaycan il\u0259 Erm\u0259nistan m\u00fcnasib\u0259tl\u0259rind\u0259 vasit\u0259\u00e7i kimi i\u015ftirak etm\u0259k plan\u0131n\u0131 i\u015f\u0259 salmaq niyy\u0259tind\u0259dir.<\/p>\n\n\n\n<p>He\u00e7 \u015f\u00fcbh\u0259siz ki, Emanuel Makronun bu canf\u0259a\u015fnl\u0131\u011f\u0131 eyni zamanda apreld\u0259 ke\u00e7ir\u0259l\u0259c\u0259k prezident se\u00e7kil\u0259ri \u00f6nc\u0259si Fransadak\u0131 700 min\u0259 yax\u0131n erm\u0259ni icmas\u0131n\u0131n d\u0259st\u0259yini qazanma\u011fa hesablanm\u0131\u015f&nbsp;bir&nbsp;gedi\u015f d\u0259 ola bil\u0259r. Bununla da Makron h\u0259m Az\u0259rbaycan\u0131 raz\u0131 salaraq C\u0259nubi Qafqazdak\u0131 prosesl\u0259rd\u0259 aktiv i\u015ftirak\u0131n\u0131 t\u0259min etm\u0259k ist\u0259yir, h\u0259m d\u0259 Fransadak\u0131 se\u00e7kil\u0259rd\u0259 sonda yenid\u0259n k\u00fcrs\u00fcd\u0259 \u0259yl\u0259\u015f\u0259n t\u0259r\u0259f olma\u011f\u0131&nbsp; d\u00fc\u015f\u00fcn\u00fcr.<\/p>\n\n\n\n<p>Bu g\u00f6r\u00fc\u015f\u00fcn v\u0259 sonra s\u0259sl\u0259ndiril\u0259n b\u0259yanat\u0131n postm\u00fcnaqi\u015f\u0259 d\u00f6vr\u00fcnd\u0259 ba\u015f verdiyini n\u0259z\u0259r\u0259 alsaq, o zaman Br\u00fcssel g\u00f6r\u00fc\u015f\u00fcnd\u0259 \u0259ld\u0259 olunan raz\u0131la\u015fmalara \u0259sas\u0259n kommunikasiyalar\u0131n a\u00e7\u0131lmas\u0131, s\u0259rh\u0259din delimitasiya v\u0259 demarkasiyas\u0131, Az\u0259rbaycanla Erm\u0259nistan aras\u0131nda s\u00fclh sazi\u015fi il\u0259 ba\u011fl\u0131 dan\u0131\u015f\u0131qlar\u0131n ba\u015flanmas\u0131 kimi m\u00fch\u00fcm t\u0259l\u0259bl\u0259rin icras\u0131 istiqam\u0259tind\u0259&nbsp;n\u00f6vb\u0259ti add\u0131m\u0131n at\u0131ld\u0131\u011f\u0131n\u0131, Bak\u0131n\u0131n ist\u0259yin\u0259 biraz da yax\u0131nla\u015fd\u0131\u011f\u0131n\u0131 qeyd ed\u0259 bil\u0259rik.&nbsp;<\/p>\n\n\n\n<p>\u00dcmumilikd\u0259 is\u0259 d\u00fcn\u0259nki g\u00f6r\u00fc\u015f&nbsp;dem\u0259y\u0259 \u0259sas verir ki, r\u0259smi Bak\u0131n\u0131n V\u0259t\u0259n m\u00fcharib\u0259si il\u0259 regionda yaratd\u0131\u011f\u0131 yeni reall\u0131\u011f\u0131n&nbsp;v\u0259 onun \u0259sas\u0131nda&nbsp;ir\u0259li s\u00fcrd\u00fcy\u00fc g\u00fcnd\u0259liyin&nbsp;Q\u0259rbd\u0259 d\u0259 q\u0259bul edilm\u0259si prosesi s\u00fcr\u0259tl\u0259nir. T\u0259bii ki, bu o dem\u0259k deyil ki, Makron Erm\u0259nistana d\u0259st\u0259yini, onlar\u0131 m\u00fcdafi\u0259&nbsp;etm\u0259yi dayand\u0131racaq. Amma n\u0259tic\u0259 r\u0259smi Bak\u0131n\u0131n&nbsp;ist\u0259yin\u0259 uy\u011fun \u015f\u0259kild\u0259 davam edir. Az\u0259rbaycan bu g\u00f6r\u00fc\u015fl\u0259 bir daha&nbsp;ona laz\u0131m olan\u0131 \u0259ld\u0259 etm\u0259k \u00fc\u00e7\u00fcn m\u00fch\u00fcm \u00fcst\u00fcnl\u00fck qazand\u0131.<\/p>\n\n\n\n<p>Buna g\u00f6r\u0259 d\u0259 Fransan\u0131n bu g\u00f6r\u00fc\u015fd\u0259 i\u015ftirak\u0131n\u0131\u00a0Minsk qrupunun h\u0259ms\u0259drind\u0259n daha \u00e7ox, A\u0130-nin s\u0259dri kimi d\u0259y\u0259rl\u0259ndirm\u0259k olar. Makron v\u0259 \u015earl Mi\u015felin vasit\u0259\u00e7i kimi g\u00f6r\u00fc\u015f\u00fcn yekunlar\u0131na dair birg\u0259 b\u0259yanat\u0131nda diqq\u0259t\u00e7\u0259k\u0259n detallar oldu ki, onlar\u0131n ritorikas\u0131nda Minsk qrupuna istinad edilm\u0259di,\u00a0&#171;Da\u011fl\u0131q Qaraba\u011f m\u00fcnaqi\u015f\u0259si&#187; ifad\u0259si s\u0259sl\u0259nm\u0259di. Bu o dem\u0259kdir ki, Fransa Misnk Qrupunun dig\u0259r aktiv \u00fczv\u00fc Rusiya kimi C\u0259nubi Qafqazda \u00f6z g\u00fcn\u00fcn\u0259 a\u011flamaq yolunu se\u00e7\u0259r\u0259k, bu t\u0259\u015fkilat\u0131n g\u0259l\u0259c\u0259k f\u0259aliyy\u0259tind\u0259 daha bir o q\u0259d\u0259r d\u0259 maraql\u0131 deyil. Farnsa bu yolu se\u00e7m\u0259kl\u0259 eyni zamanda r\u0259smi Bak\u0131n\u0131n diqt\u0259sini q\u0259bul etdiyini, onun regionda yaratd\u0131\u011f\u0131 reall\u0131qla raz\u0131la\u015fd\u0131\u011f\u0131n\u0131 etiraf etmi\u015f oldu. Ona g\u00f6r\u0259 d\u0259 \u015earl Mi\u015fel v\u0259 Emanuel Makronun vasit\u0259\u00e7iliyi il\u0259 ke\u00e7iril\u0259n g\u00f6r\u00fc\u015fd\u0259 Qaraba\u011f m\u0259s\u0259l\u0259si g\u00fcnd\u0259likd\u0259n \u00e7\u0131xar\u0131ld\u0131. T\u0259bii ki, g\u00fcnd\u0259liyi \u00f6nc\u0259d\u0259n m\u00fc\u0259yy\u0259n edil\u0259n bu g\u00f6r\u00fc\u015fd\u0259 s\u00f6z\u00fcged\u0259n m\u0259s\u0259l\u0259l\u0259r\u0259 yer verilm\u0259si s\u0131rf\u00a0Bak\u0131n\u0131n ist\u0259yin\u0259 uy\u011fun olaraq ba\u015f verib.<\/p>\n\n\n\n<p>M\u0259nb\u0259: Milli.az<\/p>\n","protected":false},"excerpt":{"rendered":"<p>Erm\u0259nistan\u0131n t\u0259slim\u00e7ilik sazi\u015fi kimi d\u0259 \u015f\u0259rh edil\u0259n&nbsp;10 noyabr&nbsp;\u00fc\u00e7t\u0259r\u0259fli b\u0259yanat\u0131 il\u0259 Az\u0259rbaycanla Erm\u0259nistan aras\u0131nda &#171;m\u00fcharib\u0259nin&#187; postkonflikt m\u0259rh\u0259l\u0259si start g\u00f6t\u00fcrd\u00fc. Son prosesl\u0259r\u0259 \u0259saslanaraq dey\u0259 bil\u0259rik ki,<\/p>\n","protected":false},"author":2,"featured_media":0,"comment_status":"closed","ping_status":"closed","sticky":false,"template":"","format":"standard","meta":{"footnotes":""},"categories":[1],"tags":[],"class_list":["post-61544","post","type-post","status-publish","format-standard","hentry","category-siyast"],"aioseo_notices":[],"_links":{"self":[{"href":"https:\/\/fedai.az\/index.php?rest_route=\/wp\/v2\/posts\/61544","targetHints":{"allow":["GET"]}}],"collection":[{"href":"https:\/\/fedai.az\/index.php?rest_route=\/wp\/v2\/posts"}],"about":[{"href":"https:\/\/fedai.az\/index.php?rest_route=\/wp\/v2\/types\/post"}],"author":[{"embeddable":true,"href":"https:\/\/fedai.az\/index.php?rest_route=\/wp\/v2\/users\/2"}],"replies":[{"embeddable":true,"href":"https:\/\/fedai.az\/index.php?rest_route=%2Fwp%2Fv2%2Fcomments&post=61544"}],"version-history":[{"count":1,"href":"https:\/\/fedai.az\/index.php?rest_route=\/wp\/v2\/posts\/61544\/revisions"}],"predecessor-version":[{"id":61546,"href":"https:\/\/fedai.az\/index.php?rest_route=\/wp\/v2\/posts\/61544\/revisions\/61546"}],"wp:attachment":[{"href":"https:\/\/fedai.az\/index.php?rest_route=%2Fwp%2Fv2%2Fmedia&parent=61544"}],"wp:term":[{"taxonomy":"category","embeddable":true,"href":"https:\/\/fedai.az\/index.php?rest_route=%2Fwp%2Fv2%2Fcategories&post=61544"},{"taxonomy":"post_tag","embeddable":true,"href":"https:\/\/fedai.az\/index.php?rest_route=%2Fwp%2Fv2%2Ftags&post=61544"}],"curies":[{"name":"wp","href":"https:\/\/api.w.org\/{rel}","templated":true}]}}