{"id":61547,"date":"2022-02-06T00:18:45","date_gmt":"2022-02-05T20:18:45","guid":{"rendered":"https:\/\/fedai.az\/?p=61547"},"modified":"2022-02-06T00:18:49","modified_gmt":"2022-02-05T20:18:49","slug":"pasinyan-icib-putini-t%c9%99hqir-etdi","status":"publish","type":"post","link":"https:\/\/fedai.az\/?p=61547","title":{"rendered":"Pa\u015finyan i\u00e7ib, Putini t\u0259hqir etdi"},"content":{"rendered":"\n<p><strong>G\u00fcrc\u00fcstan\u0131n Daxili \u0130\u015fl\u0259r naziri Vaxtanq Qomelaurinin r\u0259hb\u0259rlik etdiyi n\u00fcmay\u0259nd\u0259 hey\u0259ti 2-4 fevral tarixl\u0259rind\u0259 Erm\u0259nistana s\u0259f\u0259r edib. Erm\u0259nistan polisinin r\u0259isi Vaqe Kazaryan\u0131n d\u0259v\u0259ti il\u0259 \u0130r\u0259vana g\u0259l\u0259n g\u00fcrc\u00fc nazir h\u0259m\u00e7inin ba\u015f nazir Nikol Pa\u015finyanla da g\u00f6r\u00fc\u015f\u00fcb.<\/strong><\/p>\n\n\n\n<p>Erm\u0259nistan m\u0259tbuat\u0131 is\u0259 bu s\u0259f\u0259r \u00e7\u0259r\u00e7iv\u0259sind\u0259 ba\u015f vermi\u015f qalmaqalla \u00e7alxalan\u0131b.<\/p>\n\n\n\n<p>Bel\u0259 ki, r\u0259smi g\u00f6r\u00fc\u015fl\u0259rd\u0259n \u0259lav\u0259 g\u00fcrc\u00fc nazir h\u0259mkar\u0131 v\u0259 Erm\u0259nistan ba\u015f naziri il\u0259 qeyri-r\u0259smi nahar masas\u0131nda g\u00f6r\u00fc\u015f\u00fcb. Bu m\u0259clis s\u00f6z\u00fcn \u0259sl m\u0259nas\u0131nda Erm\u0259nistan h\u00f6kum\u0259ti \u00fc\u00e7\u00fcn b\u00f6y\u00fck r\u00fcsvay\u00e7\u0131l\u0131\u011fa \u00e7evrilib.<\/p>\n\n\n\n<p>Erm\u0259ni ba\u015f nazir nahar zaman\u0131 \u00e7ox i\u00e7diyi \u00fc\u00e7\u00fcn s\u0259rxo\u015f v\u0259ziyy\u0259t\u0259 d\u00fc\u015f\u00fcb. Bundan sonra is\u0259 o, Rusiya Prezidenti Vladimir Putin, KTMT v\u0259 \u00fcmumiyy\u0259tl\u0259 Moskvan\u0131n h\u0259yata ke\u00e7irdiyi siyas\u0259tl\u0259 ba\u011fl\u0131 s\u0259rt fikirl\u0259r s\u0259sl\u0259ndirm\u0259y\u0259 ba\u015flay\u0131b.<\/p>\n\n\n\n<p>S\u00f6z\u00fcged\u0259n v\u0259ziyy\u0259td\u0259n g\u00fcrc\u00fc nazir \u015foka d\u00fc\u015f\u00fcb. O, Nikol Pa\u015finyan\u0131n ba\u015fqa bir d\u00f6vl\u0259tin n\u00fcmay\u0259nd\u0259sinin yan\u0131nda Rusiya prezidentinin \u00fcnvan\u0131na bu c\u00fcr fikirl\u0259ri nec\u0259 s\u0259sl\u0259ndir\u0259 bilm\u0259sind\u0259n heyr\u0259t\u0259 g\u0259lib.<\/p>\n\n\n\n<p>G\u00fcrc\u00fc nazir \u0259sl d\u00f6vl\u0259t xadimi kimi davranaraq bu c\u00fcr v\u0259ziyy\u0259ti \u00f6z\u00fcn\u0259 yara\u015fd\u0131rmay\u0131b v\u0259 art\u0131q Pa\u015finyan\u0131n Putinl\u0259 ba\u011fl\u0131 t\u0259hqirl\u0259rini e\u015fitm\u0259k ist\u0259m\u0259diyini bildirib. O, erm\u0259ni h\u0259mkar\u0131 Vaqe Kazaryandan ya Pa\u015finyan\u0131n, ya da \u00f6z\u00fcn\u00fcn t\u0259rk etm\u0259li oldu\u011funu s\u00f6yl\u0259yib. N\u0259tic\u0259d\u0259 s\u0259rxo\u015f v\u0259ziyy\u0259td\u0259ki Nikol Pa\u015finyan masan\u0131 t\u0259rk edib.<\/p>\n\n\n\n<p>M\u0259nb\u0259: AntiFake.am (Sonxeber.az)<\/p>\n","protected":false},"excerpt":{"rendered":"<p>G\u00fcrc\u00fcstan\u0131n Daxili \u0130\u015fl\u0259r naziri Vaxtanq Qomelaurinin r\u0259hb\u0259rlik etdiyi n\u00fcmay\u0259nd\u0259 hey\u0259ti 2-4 fevral tarixl\u0259rind\u0259 Erm\u0259nistana s\u0259f\u0259r edib. Erm\u0259nistan polisinin r\u0259isi Vaqe Kazaryan\u0131n d\u0259v\u0259ti il\u0259 \u0130r\u0259vana<\/p>\n","protected":false},"author":2,"featured_media":0,"comment_status":"closed","ping_status":"closed","sticky":false,"template":"","format":"standard","meta":{"footnotes":""},"categories":[15],"tags":[],"class_list":["post-61547","post","type-post","status-publish","format-standard","hentry","category-atmaca"],"aioseo_notices":[],"_links":{"self":[{"href":"https:\/\/fedai.az\/index.php?rest_route=\/wp\/v2\/posts\/61547","targetHints":{"allow":["GET"]}}],"collection":[{"href":"https:\/\/fedai.az\/index.php?rest_route=\/wp\/v2\/posts"}],"about":[{"href":"https:\/\/fedai.az\/index.php?rest_route=\/wp\/v2\/types\/post"}],"author":[{"embeddable":true,"href":"https:\/\/fedai.az\/index.php?rest_route=\/wp\/v2\/users\/2"}],"replies":[{"embeddable":true,"href":"https:\/\/fedai.az\/index.php?rest_route=%2Fwp%2Fv2%2Fcomments&post=61547"}],"version-history":[{"count":1,"href":"https:\/\/fedai.az\/index.php?rest_route=\/wp\/v2\/posts\/61547\/revisions"}],"predecessor-version":[{"id":61549,"href":"https:\/\/fedai.az\/index.php?rest_route=\/wp\/v2\/posts\/61547\/revisions\/61549"}],"wp:attachment":[{"href":"https:\/\/fedai.az\/index.php?rest_route=%2Fwp%2Fv2%2Fmedia&parent=61547"}],"wp:term":[{"taxonomy":"category","embeddable":true,"href":"https:\/\/fedai.az\/index.php?rest_route=%2Fwp%2Fv2%2Fcategories&post=61547"},{"taxonomy":"post_tag","embeddable":true,"href":"https:\/\/fedai.az\/index.php?rest_route=%2Fwp%2Fv2%2Ftags&post=61547"}],"curies":[{"name":"wp","href":"https:\/\/api.w.org\/{rel}","templated":true}]}}