{"id":61550,"date":"2022-02-06T00:30:55","date_gmt":"2022-02-05T20:30:55","guid":{"rendered":"https:\/\/fedai.az\/?p=61550"},"modified":"2022-02-06T00:31:00","modified_gmt":"2022-02-05T20:31:00","slug":"az%c9%99rbaycan-ist%c9%99yini-dikt%c9%99-etdi-sulhm%c9%99ramlilar-erm%c9%99ni-yaraqlilarla-bagli-bakiya-z%c9%99man%c9%99t-verdi","status":"publish","type":"post","link":"https:\/\/fedai.az\/?p=61550","title":{"rendered":"Az\u0259rbaycan ist\u0259yini dikt\u0259 etdi: S\u00fclhm\u0259raml\u0131lar erm\u0259ni yaraql\u0131larla ba\u011fl\u0131 Bak\u0131ya z\u0259man\u0259t verdi"},"content":{"rendered":"\n<p><strong>Rusiya S\u00fclhm\u0259raml\u0131 kontingenti m\u0259suliyy\u0259t zonalar\u0131nda h\u0259r\u0259k\u0259t ed\u0259n Az\u0259rbaycana m\u0259xsus he\u00e7 bir avtomobil karvan\u0131na bundan sonra he\u00e7 bir erm\u0259ni yaraql\u0131n\u0131n\u0131 yax\u0131nla\u015fmayaca\u011f\u0131na dair z\u0259man\u0259t verib.<\/strong><\/p>\n\n\n\n<p>Bu bar\u0259d\u0259 \u201cCaliber\u201d \u201cTelegram\u201d kanal\u0131 h\u0259rbi dair\u0259l\u0259rd\u0259ki etibarl\u0131 m\u0259nb\u0259l\u0259rin\u0259 istinad\u0259n m\u0259lumat yay\u0131b.<\/p>\n\n\n\n<p>\u201cBiz\u0259 h\u0259rbi dari\u0259l\u0259rd\u0259ki etibarl\u0131 m\u0259nb\u0259l\u0259rd\u0259n m\u0259lumat daxil olub ki, Az\u0259rbaycan t\u0259r\u0259finin Qaraba\u011fdak\u0131 Rusiya s\u00fclhm\u0259raml\u0131 kontingentinin r\u0259hb\u0259rliyi son t\u0259maslar\u0131nda Rusiya t\u0259r\u0259fi burnunu soxma\u011fa \u00e7al\u0131\u015fmaq bir yana qals\u0131n, bundan sonra he\u00e7 bir erm\u0259ni yaraql\u0131n\u0131n h\u0259tta bizim avtomobil karvanlar\u0131na yax\u0131nla\u015fma\u011fa bel\u0259 c\u00fcr\u0259t etm\u0259y\u0259c\u0259yin\u0259 dair q\u0259ti z\u0259man\u0259t verib\u201d, &#8212; dey\u0259 m\u0259lumatda qeyd olunub.<\/p>\n\n\n\n<p>Qeyd ed\u0259k ki, bir ne\u00e7\u0259 g\u00fcn bundan \u00f6nc\u0259 Rusiya s\u00fclhm\u0259raml\u0131lar\u0131n\u0131n m\u00fcv\u0259qq\u0259ti xidm\u0259t zonas\u0131nda Az\u0259rbaycan t\u0259r\u0259fin\u0259 m\u0259xsus avtomobil karvan\u0131na apar\u0131lan yoxlamalar zaman\u0131 s\u00fclhm\u0259raml\u0131 kontingentin yan\u0131nda erm\u0259ni separat\u00e7\u0131lar\u0131n\u0131n da olmas\u0131 qalmaqala s\u0259b\u0259b olmu\u015fdu. G\u00f6r\u00fcnt\u00fcl\u0259r Az\u0259rbaycan ictimaiyy\u0259ti t\u0259r\u0259find\u0259n q\u0259z\u0259bl\u0259 qar\u015f\u0131land\u0131 v\u0259 yerli m\u0259tbuatda s\u0259rt t\u0259nqid h\u0259d\u0259fin\u0259 \u00e7evrildi.<\/p>\n\n\n\n<p><a href=\"https:\/\/core.telegram.org\/widgets\">https:\/\/core.telegram.org\/widgets<\/a><\/p>\n","protected":false},"excerpt":{"rendered":"<p>Rusiya S\u00fclhm\u0259raml\u0131 kontingenti m\u0259suliyy\u0259t zonalar\u0131nda h\u0259r\u0259k\u0259t ed\u0259n Az\u0259rbaycana m\u0259xsus he\u00e7 bir avtomobil karvan\u0131na bundan sonra he\u00e7 bir erm\u0259ni yaraql\u0131n\u0131n\u0131 yax\u0131nla\u015fmayaca\u011f\u0131na dair z\u0259man\u0259t verib. Bu<\/p>\n","protected":false},"author":2,"featured_media":0,"comment_status":"closed","ping_status":"closed","sticky":false,"template":"","format":"standard","meta":{"footnotes":""},"categories":[4],"tags":[],"class_list":["post-61550","post","type-post","status-publish","format-standard","hentry","category-qarabag"],"aioseo_notices":[],"_links":{"self":[{"href":"https:\/\/fedai.az\/index.php?rest_route=\/wp\/v2\/posts\/61550","targetHints":{"allow":["GET"]}}],"collection":[{"href":"https:\/\/fedai.az\/index.php?rest_route=\/wp\/v2\/posts"}],"about":[{"href":"https:\/\/fedai.az\/index.php?rest_route=\/wp\/v2\/types\/post"}],"author":[{"embeddable":true,"href":"https:\/\/fedai.az\/index.php?rest_route=\/wp\/v2\/users\/2"}],"replies":[{"embeddable":true,"href":"https:\/\/fedai.az\/index.php?rest_route=%2Fwp%2Fv2%2Fcomments&post=61550"}],"version-history":[{"count":1,"href":"https:\/\/fedai.az\/index.php?rest_route=\/wp\/v2\/posts\/61550\/revisions"}],"predecessor-version":[{"id":61552,"href":"https:\/\/fedai.az\/index.php?rest_route=\/wp\/v2\/posts\/61550\/revisions\/61552"}],"wp:attachment":[{"href":"https:\/\/fedai.az\/index.php?rest_route=%2Fwp%2Fv2%2Fmedia&parent=61550"}],"wp:term":[{"taxonomy":"category","embeddable":true,"href":"https:\/\/fedai.az\/index.php?rest_route=%2Fwp%2Fv2%2Fcategories&post=61550"},{"taxonomy":"post_tag","embeddable":true,"href":"https:\/\/fedai.az\/index.php?rest_route=%2Fwp%2Fv2%2Ftags&post=61550"}],"curies":[{"name":"wp","href":"https:\/\/api.w.org\/{rel}","templated":true}]}}