{"id":61553,"date":"2022-02-06T01:02:13","date_gmt":"2022-02-05T21:02:13","guid":{"rendered":"https:\/\/fedai.az\/?p=61553"},"modified":"2022-02-06T01:02:16","modified_gmt":"2022-02-05T21:02:16","slug":"separatcilar-susa-dan-160-dan-cox-xalca-ogurlayib-ir%c9%99vana-apariblar","status":"publish","type":"post","link":"https:\/\/fedai.az\/?p=61553","title":{"rendered":"Separat\u00e7\u0131lar  \u015eU\u015eA-dan 160 dan \u00e7ox xal\u00e7a o\u011furlay\u0131b \u0130r\u0259vana apar\u0131blar"},"content":{"rendered":"\n<p>44 g\u00fcnl\u00fck m\u00fcharib\u0259 zaman\u0131 i\u015f\u011fal\u00e7\u0131 Erm\u0259nistan\u0131n \u015eu\u015fa \u015f\u0259h\u0259rind\u0259 yerl\u0259\u015f\u0259n terror\u00e7u d\u0259st\u0259l\u0259ri \u00a0Az\u0259rbaycan ordusunun \u015fh\u0259ri alaca\u011f\u0131n\u0131 bildikl\u0259rind\u0259n, Az\u0259rbaycan\u0131n tarixi v\u0259 m\u0259d\u0259ni irsininin \u0259n q\u0259dim n\u00fcmun\u0259l\u0259ri olan \u015eu\u015fa xal\u00e7alar\u0131n\u0131 da \u015f\u0259h\u0259rd\u0259n \u00e7\u0131xara bilibl\u0259r.<\/p>\n\n\n\n<p>M\u0259lumata g\u00f6r\u0259, \u015eu\u015fa \u015f\u0259h\u0259rind\u0259n t\u0259qribi 160-dan \u00e7ox m\u00fcxt\u0259lif ill\u0259r\u0259 m\u0259xsus xal\u00e7alar \u0130r\u0259vana apar\u0131l\u0131b.<\/p>\n\n\n\n<p>Bunu ed\u0259n is\u0259 \u00f6z\u00fcn\u00fc \u015eu\u015fi Xal\u00e7a Muzeyinin t\u0259sis\u00e7isi hesab ed\u0259n,Vardan Astsatryan olub. M\u0259lumata g\u00f6r\u0259, \u015eu\u015fadan o\u011fulanan Az\u0259rbaycan xal\u00e7alar\u0131 erm\u0259ni xal\u00e7alar\u0131 ad\u0131 alt\u0131nda\u00a0 bir m\u00fcdd\u0259t \u0259vv\u0259l \u0130r\u0259vanda Aleksandr Tamanyan Milli Memarl\u0131q Muzey \u0130nstitutunda n\u00fcmayi\u015f etdirilib.M\u0259lumata g\u00f6r\u0259, \u015eu\u015fadan o\u011furlanaraq \u0130r\u0259vana apar\u0131lan xal\u00e7alar \u0259sas\u0259n 17-ci \u0259sr\u0259 v\u0259 19-cu \u0259sr\u0259 aid xal\u00e7alard\u0131.<\/p>\n\n\n\n<p>M\u0259nb\u0259: Veteninfo.az\u00a0<\/p>\n","protected":false},"excerpt":{"rendered":"<p>44 g\u00fcnl\u00fck m\u00fcharib\u0259 zaman\u0131 i\u015f\u011fal\u00e7\u0131 Erm\u0259nistan\u0131n \u015eu\u015fa \u015f\u0259h\u0259rind\u0259 yerl\u0259\u015f\u0259n terror\u00e7u d\u0259st\u0259l\u0259ri \u00a0Az\u0259rbaycan ordusunun \u015fh\u0259ri alaca\u011f\u0131n\u0131 bildikl\u0259rind\u0259n, Az\u0259rbaycan\u0131n tarixi v\u0259 m\u0259d\u0259ni irsininin \u0259n q\u0259dim n\u00fcmun\u0259l\u0259ri<\/p>\n","protected":false},"author":2,"featured_media":0,"comment_status":"closed","ping_status":"closed","sticky":false,"template":"","format":"standard","meta":{"footnotes":""},"categories":[4],"tags":[],"class_list":["post-61553","post","type-post","status-publish","format-standard","hentry","category-qarabag"],"aioseo_notices":[],"_links":{"self":[{"href":"https:\/\/fedai.az\/index.php?rest_route=\/wp\/v2\/posts\/61553","targetHints":{"allow":["GET"]}}],"collection":[{"href":"https:\/\/fedai.az\/index.php?rest_route=\/wp\/v2\/posts"}],"about":[{"href":"https:\/\/fedai.az\/index.php?rest_route=\/wp\/v2\/types\/post"}],"author":[{"embeddable":true,"href":"https:\/\/fedai.az\/index.php?rest_route=\/wp\/v2\/users\/2"}],"replies":[{"embeddable":true,"href":"https:\/\/fedai.az\/index.php?rest_route=%2Fwp%2Fv2%2Fcomments&post=61553"}],"version-history":[{"count":1,"href":"https:\/\/fedai.az\/index.php?rest_route=\/wp\/v2\/posts\/61553\/revisions"}],"predecessor-version":[{"id":61556,"href":"https:\/\/fedai.az\/index.php?rest_route=\/wp\/v2\/posts\/61553\/revisions\/61556"}],"wp:attachment":[{"href":"https:\/\/fedai.az\/index.php?rest_route=%2Fwp%2Fv2%2Fmedia&parent=61553"}],"wp:term":[{"taxonomy":"category","embeddable":true,"href":"https:\/\/fedai.az\/index.php?rest_route=%2Fwp%2Fv2%2Fcategories&post=61553"},{"taxonomy":"post_tag","embeddable":true,"href":"https:\/\/fedai.az\/index.php?rest_route=%2Fwp%2Fv2%2Ftags&post=61553"}],"curies":[{"name":"wp","href":"https:\/\/api.w.org\/{rel}","templated":true}]}}