{"id":61566,"date":"2022-02-06T01:45:02","date_gmt":"2022-02-05T21:45:02","guid":{"rendered":"https:\/\/fedai.az\/?p=61566"},"modified":"2022-02-06T01:52:08","modified_gmt":"2022-02-05T21:52:08","slug":"t%c9%99brik-huseynov-zaur-muz%c9%99ff%c9%99r-oglu-52","status":"publish","type":"post","link":"https:\/\/fedai.az\/?p=61566","title":{"rendered":"T\u0259brik: H\u00fcseynov Zaur M\u00fcz\u0259ff\u0259r o\u011flu &#8212; 52"},"content":{"rendered":"\n<p>&nbsp; <strong><span class=\"has-inline-color has-vivid-red-color\">Az\u0259rbaycan V\u0259t\u0259n M\u00fcharib\u0259si Veteranlar\u0131 \u0130ctimai Birliyinin r\u0259hb\u0259rliyi, AVMV\u0130B-nin s\u0259dr m\u00fcavini polkovnik Salman Musayev , m\u00fcharib\u0259 v\u0259 Silahl\u0131 q\u00fcvv\u0259l\u0259r veteran\u0131 ehtiyyatda olan&nbsp; mayor H\u00fcseynov Zaur M\u00fcz\u0259ff\u0259r o\u011flunu do\u011fum g\u00fcn\u00fc m\u00fcnasib\u0259til\u0259 s\u0259mimi q\u0259lbd\u0259n t\u0259brik edir,&nbsp; ona h\u0259yatda insan \u00fc\u00e7\u00fcn \u0259n \u015firin nem\u0259t olan can sa\u011fl\u0131\u011f\u0131, ail\u0259 s\u0259ad\u0259ti v\u0259 h\u0259yat yollar\u0131nda bitib t\u00fck\u0259nm\u0259y\u0259n nailiyy\u0259tl\u0259r arzulay\u0131r. &nbsp;&nbsp;&nbsp;&nbsp;&nbsp;&nbsp;<\/span><\/strong><\/p>\n\n\n\n<p>&nbsp;&nbsp;&nbsp;&nbsp;&nbsp; Pe\u015f\u0259karl\u0131\u011f\u0131 v\u0259 humanistliyi il\u0259, n\u0259z\u0259ri biliyi il\u0259, i\u015fg\u00fczarl\u0131\u011f\u0131 v\u0259 m\u0259n\u0259vi keyfiyy\u0259ti, t\u0259mkinliliyi, sad\u0259liyi v\u0259 s\u0259mimiyy\u0259ti il\u0259 se\u00e7il\u0259n, \u00f6mr\u00fcn\u00fcn \u0259n m\u0259hsuldar&nbsp; d\u00f6vr\u00fcn\u00fcn 25 illik&nbsp; \u015f\u0259r\u0259fli xidm\u0259tini Daxili \u0130\u015fl\u0259r Nazirliyinin Daxili Qo\u015funlar\u0131nda ke\u015fir\u0259n, Silahl\u0131 Q\u00fcvv\u0259l\u0259r v\u0259 M\u00fcharib\u0259 veteran\u0131 ehtiyyatda olan mayor H\u00fcseynov Zaur M\u00fcz\u0259ff\u0259r o\u011flunun 6&nbsp; fevralda 52 ya\u015f\u0131&nbsp; tamam olur.&nbsp;<\/p>\n\n\n\n<p>Mayor H\u00fcseynov Zaur M\u00fcz\u0259ff\u0259r o\u011flu 1970-ci ild\u0259 G\u0259nc\u0259&nbsp; \u015f\u0259h\u0259rind\u0259 ziyal\u0131 ail\u0259sind\u0259 anadan olub. <\/p>\n\n\n\n<figure class=\"wp-block-gallery columns-3 is-cropped wp-block-gallery-1 is-layout-flex wp-block-gallery-is-layout-flex\"><ul class=\"blocks-gallery-grid\"><li class=\"blocks-gallery-item\"><figure><img decoding=\"async\" src=\"https:\/\/fedai.az\/wp-content\/uploads\/2022\/02\/IMG-20220205-WA0024-957x1024.jpg\" alt=\"\" data-id=\"61578\" data-full-url=\"https:\/\/fedai.az\/wp-content\/uploads\/2022\/02\/IMG-20220205-WA0024.jpg\" data-link=\"https:\/\/fedai.az\/?attachment_id=61578\" class=\"wp-image-61578\"\/><\/figure><\/li><li class=\"blocks-gallery-item\"><figure><img decoding=\"async\" src=\"https:\/\/fedai.az\/wp-content\/uploads\/2022\/02\/20220205_201823.jpg\" alt=\"\" data-id=\"61567\" data-link=\"https:\/\/fedai.az\/?attachment_id=61567\" class=\"wp-image-61567\"\/><\/figure><\/li><li class=\"blocks-gallery-item\"><figure><img decoding=\"async\" src=\"https:\/\/fedai.az\/wp-content\/uploads\/2022\/02\/20220205_110119.jpg\" alt=\"\" data-id=\"61569\" data-link=\"https:\/\/fedai.az\/?attachment_id=61569\" class=\"wp-image-61569\"\/><\/figure><\/li><\/ul><\/figure>\n\n\n\n<p>Silahl\u0131 Q\u00fcvv\u0259l\u0259r v\u0259 m\u00fcharib\u0259 veteran\u0131 ehtiyatda olan mayor H\u00fcseynov Zaur M\u00fcz\u0259ff\u0259r o\u011flu 1987-ci ild\u0259 Samux rayonu Al\u0131u\u015fa\u011f\u0131 k\u0259nd orta m\u0259kt\u0259bini bitirib, 1988-ci ild\u0259&nbsp; Az\u0259rbaycan Texniki&nbsp; Universitetin\u0259 q\u0259bul olmu\u015f,&nbsp; 1992- ci ild\u0259 h\u0259min universiteti bitrib. 1992- 1993-c\u00fc ill\u0259rd\u0259 k\u00f6n\u00fcll\u00fc olaraq&nbsp; D\u0130N t\u0259rkibind\u0259 yarad\u0131lm\u0131\u015f \u0259lahidd\u0259 polis b\u00f6l\u00fcy\u00fcnd\u0259 zabit kimi xidm\u0259t etmi\u015f, h\u0259min b\u00f6l\u00fcy\u00fcn t\u0259rkibind\u0259 1993- c\u00fc ilin mart ay\u0131nda K\u0259lb\u0259c\u0259r rayonunda \u0259halinin t\u0259hl\u00fck\u0259sizliyinin t\u0259min olunmas\u0131nda,&nbsp; 1993-c\u00fc ilin iyun-iyul aylar\u0131nda A\u011fdam rayonunun Qiyasl\u0131 k\u0259ndind\u0259 d\u00f6y\u00fc\u015fl\u0259rd\u0259 i\u015ftirak etmi\u015fdir.&nbsp; 1994-c\u00fc ilin yanvar ay\u0131ndan Daxili Qo\u015funlar\u0131n Hac\u0131qabul rayonunda yerl\u0259\u015f\u0259n h\u0259rbi hiss\u0259sinin t\u0259rkibind\u0259 b\u00f6l\u00fck komandirinin m\u00fcavini v\u0259zif\u0259sind\u0259&nbsp; C\u0259bray\u0131l rayonu Cocuq M\u0259rcanl\u0131 k\u0259ndinin m\u00fcdafi\u0259sind\u0259 i\u015ftirak etmi\u015fdir. 1996-1998 &#8212; ci ill\u0259rd\u0259 Nax\u00e7\u0131van \u015f\u0259h\u0259rind\u0259 yerl\u0259\u015f\u0259n h\u0259rbi hiss\u0259d\u0259, 1998-2004-c\u00fc ill\u0259rd\u0259 L\u0259nk\u0259ran \u015f\u0259h\u0259rind\u0259 yerl\u0259\u015f\u0259n h\u0259rbi hiss\u0259d\u0259 b\u00f6l\u00fck komandiri&nbsp; v\u0259zif\u0259sind\u0259, 2004-2019-cu ill\u0259rd\u0259 Quba v\u0259 G\u0259nc\u0259 \u015f\u0259h\u0259rl\u0259rind\u0259 yerl\u0259\u015f\u0259n h\u0259rbi hiss\u0259l\u0259rd\u0259 xidm\u0259t r\u0259isi v\u0259zif\u0259sind\u0259&nbsp; v\u0259t\u0259n\u0259, d\u00f6vl\u0259t\u0259 v\u0259 xalqa s\u0259daq\u0259tl\u0259 xidm\u0259t etmi\u015fdir.<\/p>\n\n\n\n<p>M\u00fcst\u0259qil Az\u0259rbaycan\u0131n Daxili \u0130\u015fl\u0259r Nazirliyinin Daxili Qo\u015funlar\u0131nda xidm\u0259t etdiyi ill\u0259r \u0259rzind\u0259 Az\u0259rbaycan Respublikas\u0131n\u0131n Konstitusiyas\u0131na v\u0259 qanunlar\u0131na \u0259m\u0259l etm\u0259kl\u0259, h\u0259rbi and\u0131n, h\u0259rbi nizamnam\u0259l\u0259rinin v\u0259 dig\u0259r h\u00fcquqi \u2013 normativ aktlar\u0131n t\u0259l\u0259bl\u0259rin\u0259, el\u0259c\u0259 d\u0259 v\u0259zif\u0259 borclar\u0131n\u0131n icras\u0131na m\u0259suliyy\u0259tl\u0259 yana\u015fm\u0131\u015f, qar\u015f\u0131ya qoyulmu\u015f xidm\u0259ti tap\u015f\u0131r\u0131qlar\u0131n m\u00fcv\u0259ff\u0259qiyy\u0259tl\u0259 yerin\u0259 yetirilm\u0259si \u00fc\u00e7\u00fcn \u00f6z \u0259m\u0259yini \u0259sirg\u0259m\u0259mi\u015f, \u015f\u0259xsi n\u00fcmun\u0259si il\u0259 bir \u00e7ox h\u0259rbi qulluq\u00e7ular\u0131 f\u0259dakar h\u0259rbi xidm\u0259t\u0259 ruhland\u0131rm\u0131\u015fd\u0131r.<\/p>\n\n\n\n<figure class=\"wp-block-image size-large\"><img decoding=\"async\" src=\"https:\/\/fedai.az\/wp-content\/uploads\/2022\/02\/IMG-20220205-WA0022-1024x655.jpg\" alt=\"\" class=\"wp-image-61570\"\/><\/figure>\n\n\n\n<p>Az\u0259rbaycan Respublikas\u0131nda \u0130ctimai qaydan\u0131n v\u0259 ictimai t\u0259hl\u00fck\u0259sizliyin qorunmas\u0131nda, \u015f\u0259h\u0259rd\u0259 v\u0259 ya\u015fay\u0131\u015f m\u0259nt\u0259q\u0259l\u0259rind\u0259, c\u0259za\u00e7\u0259km\u0259 m\u00fc\u0259ssis\u0259l\u0259rind\u0259 ba\u015f vermi\u015f i\u011fti\u015fa\u015flar\u0131n qar\u015f\u0131s\u0131n\u0131n al\u0131nmas\u0131nda, m\u00fct\u0259\u015f\u0259kkil cinay\u0259tkarl\u0131\u011fa qar\u015f\u0131 m\u00fcbariz\u0259d\u0259, Qusar rayonu \u0259razisind\u0259 qanunsuz silahl\u0131 d\u0259st\u0259l\u0259rin axtar\u0131\u015f\u0131nda v\u0259 z\u0259r\u0259rsizl\u0259\u015fdirilm\u0259sind\u0259, f\u00f6vq\u0259lad\u0259 hallar zaman\u0131 h\u00fcquqi rejimin t\u0259min olunmas\u0131nda, ba\u015f vermi\u015f t\u0259bii f\u0259lak\u0259tl\u0259rin n\u0259tic\u0259l\u0259rinin aradan qald\u0131r\u0131lmas\u0131nda, d\u00f6vl\u0259tin \u0259razi b\u00fct\u00f6vl\u00fcy\u00fcn\u00fcn t\u0259min olunmas\u0131nda \u00fcz\u0259rin\u0259 d\u00fc\u015f\u0259n v\u0259zif\u0259 v\u0259 tap\u015f\u0131r\u0131qlar\u0131 m\u0259suliyy\u0259tl\u0259 yerin\u0259 yetirmi\u015fdir&nbsp;&nbsp;&nbsp;&nbsp;&nbsp;<\/p>\n\n\n\n<p>M\u00fcdafi\u0259 Nazirliyinin Qaraheyb\u0259t Zabit T\u0259kmill\u0259\u015fdirm\u0259 kursunu, dig\u0259r kurslar\u0131 m\u00fcv\u0259ff\u0259qiyy\u0259tl\u0259 bitirmi\u015f m\u00fcvafiq sertifikatlarla t\u0259min olunmu\u015fdur.<\/p>\n\n\n\n<figure class=\"wp-block-gallery columns-3 is-cropped wp-block-gallery-2 is-layout-flex wp-block-gallery-is-layout-flex\"><ul class=\"blocks-gallery-grid\"><li class=\"blocks-gallery-item\"><figure><img decoding=\"async\" src=\"https:\/\/fedai.az\/wp-content\/uploads\/2022\/02\/IMG-20220205-WA0021-480x1024.jpg\" alt=\"\" data-id=\"61571\" data-link=\"https:\/\/fedai.az\/?attachment_id=61571\" class=\"wp-image-61571\"\/><\/figure><\/li><li class=\"blocks-gallery-item\"><figure><img decoding=\"async\" src=\"https:\/\/fedai.az\/wp-content\/uploads\/2022\/02\/20220205_201753-936x1024.jpg\" alt=\"\" data-id=\"61574\" data-link=\"https:\/\/fedai.az\/?attachment_id=61574\" class=\"wp-image-61574\"\/><\/figure><\/li><li class=\"blocks-gallery-item\"><figure><img decoding=\"async\" src=\"https:\/\/fedai.az\/wp-content\/uploads\/2022\/02\/IMG-20220205-WA0025-734x1024.jpg\" alt=\"\" data-id=\"61580\" data-full-url=\"https:\/\/fedai.az\/wp-content\/uploads\/2022\/02\/IMG-20220205-WA0025.jpg\" data-link=\"https:\/\/fedai.az\/?attachment_id=61580\" class=\"wp-image-61580\"\/><\/figure><\/li><\/ul><\/figure>\n\n\n\n<p>N\u00fcmun\u0259vi xidm\u0259tl\u0259rin\u0259, y\u00fcks\u0259k d\u00f6y\u00fc\u015f haz\u0131rl\u0131\u011f\u0131na, veril\u0259n tap\u015f\u0131r\u0131qlar\u0131n yerin\u0259 yetirilm\u0259sind\u0259 f\u0259rql\u0259ndiyin\u0259 g\u00f6r\u0259, Daxili \u0130\u015fl\u0259r Nazirinin, Daxili Qo\u015funlar Komandan\u0131n\u0131 v\u0259 h\u0259rbiss\u0259 komandirl\u0259rinin \u0259mrl\u0259ri il\u0259 d\u0259f\u0259l\u0259rl\u0259 m\u00fckafatland\u0131r\u0131lm\u0131\u015fd\u0131r. Az\u0259rbaycan Respublikas\u0131 Prezidenti ad\u0131ndan Daxili \u0130\u015fl\u0259r Nazirinin m\u00fcvafiq \u0259mrl\u0259ri il\u0259&nbsp; \u201cQ\u00fcsursuz xidm\u0259tl\u0259r\u0259 g\u00f6r\u0259\u201d&nbsp; 1-ci, 2-ci v\u0259 3-c\u00fc d\u0259r\u0259c\u0259li,&nbsp; \u201cSilahl\u0131 Q\u00fcvv\u0259l\u0259rin yaranmas\u0131n\u0131n\u201d 10 illiyi, 90 illiyi v\u0259 95 illiyi yubiley medallar\u0131, Daxili \u0130\u015fl\u0259r Nazirinin M\u00fcavini \u2013Daxili Qo\u015funlar komandan\u0131n\u0131n \u0259mrl\u0259ri il\u0259 , Daxili Qo\u015funlar\u0131n \u201c15 illik&nbsp; v\u0259 20 illiyi\u201d yubiley d\u00f6\u015f ni\u015fanlar\u0131&nbsp; il\u0259 t\u0259ltif edilmi\u015fdir.&nbsp;<\/p>\n\n\n\n<p><strong>DO\u011eUM&nbsp; G\u00dcN\u00dcN M\u00dcBAR\u018fK OLSUN, ZAUR B\u018fY!<\/strong><\/p>\n\n\n\n<p><strong>ALLAH H\u018fR ZAMAN Q\u018fLB\u0130N\u0130 SIXINTIDAN, B\u018fDB\u0130NL\u0130KD\u018fN QORUSUN!<\/strong><\/p>\n\n\n\n<p><strong>B\u00dcT\u00dcN&nbsp; ARZULARIN&nbsp; \u00c7\u0130N OLSUN!<\/strong><\/p>\n\n\n\n<p><strong>&nbsp;H\u018fM\u0130\u015e\u018f&nbsp; \u00dcZ\u00dcN G\u00dcLS\u00dcN, \u00dcR\u018fY\u0130N&nbsp; SEV\u0130NS\u0130N!<\/strong><\/p>\n\n\n\n<p><strong>DA\u0130MA&nbsp; XO\u015eB\u018fXT&nbsp; YA\u015eA, \u00d6MR\u00dcN&nbsp; UZUN&nbsp; OLSUN!<\/strong><\/p>\n\n\n\n<p><strong>D\u0259rin h\u00f6rm\u0259tl\u0259<\/strong>, <strong>Az\u0259rbaycan V\u0259t\u0259n M\u00fcharib\u0259si Veteranlar\u0131 \u0130ctimai Birliyinin&nbsp; s\u0259dr m\u00fcavini&nbsp; Salman Musayev<\/strong><\/p>\n\n\n\n<figure class=\"wp-block-gallery columns-2 is-cropped wp-block-gallery-3 is-layout-flex wp-block-gallery-is-layout-flex\"><ul class=\"blocks-gallery-grid\"><li class=\"blocks-gallery-item\"><figure><img decoding=\"async\" src=\"https:\/\/fedai.az\/wp-content\/uploads\/2022\/02\/20220205_110146.jpg\" alt=\"\" data-id=\"61572\" data-full-url=\"https:\/\/fedai.az\/wp-content\/uploads\/2022\/02\/20220205_110146.jpg\" data-link=\"https:\/\/fedai.az\/?attachment_id=61572\" class=\"wp-image-61572\"\/><\/figure><\/li><li class=\"blocks-gallery-item\"><figure><img decoding=\"async\" src=\"https:\/\/fedai.az\/wp-content\/uploads\/2022\/02\/8265a327389da9fe4fdc2714b309120e-6-1.jpg\" alt=\"\" data-id=\"61318\" data-link=\"https:\/\/fedai.az\/?attachment_id=61318\" class=\"wp-image-61318\"\/><\/figure><\/li><\/ul><\/figure>\n","protected":false},"excerpt":{"rendered":"<p>&nbsp; Az\u0259rbaycan V\u0259t\u0259n M\u00fcharib\u0259si Veteranlar\u0131 \u0130ctimai Birliyinin r\u0259hb\u0259rliyi, AVMV\u0130B-nin s\u0259dr m\u00fcavini polkovnik Salman Musayev , m\u00fcharib\u0259 v\u0259 Silahl\u0131 q\u00fcvv\u0259l\u0259r veteran\u0131 ehtiyyatda olan&nbsp; mayor H\u00fcseynov<\/p>\n","protected":false},"author":2,"featured_media":0,"comment_status":"closed","ping_status":"closed","sticky":false,"template":"","format":"standard","meta":{"footnotes":""},"categories":[5],"tags":[],"class_list":["post-61566","post","type-post","status-publish","format-standard","hentry","category-veteran"],"aioseo_notices":[],"_links":{"self":[{"href":"https:\/\/fedai.az\/index.php?rest_route=\/wp\/v2\/posts\/61566","targetHints":{"allow":["GET"]}}],"collection":[{"href":"https:\/\/fedai.az\/index.php?rest_route=\/wp\/v2\/posts"}],"about":[{"href":"https:\/\/fedai.az\/index.php?rest_route=\/wp\/v2\/types\/post"}],"author":[{"embeddable":true,"href":"https:\/\/fedai.az\/index.php?rest_route=\/wp\/v2\/users\/2"}],"replies":[{"embeddable":true,"href":"https:\/\/fedai.az\/index.php?rest_route=%2Fwp%2Fv2%2Fcomments&post=61566"}],"version-history":[{"count":3,"href":"https:\/\/fedai.az\/index.php?rest_route=\/wp\/v2\/posts\/61566\/revisions"}],"predecessor-version":[{"id":61581,"href":"https:\/\/fedai.az\/index.php?rest_route=\/wp\/v2\/posts\/61566\/revisions\/61581"}],"wp:attachment":[{"href":"https:\/\/fedai.az\/index.php?rest_route=%2Fwp%2Fv2%2Fmedia&parent=61566"}],"wp:term":[{"taxonomy":"category","embeddable":true,"href":"https:\/\/fedai.az\/index.php?rest_route=%2Fwp%2Fv2%2Fcategories&post=61566"},{"taxonomy":"post_tag","embeddable":true,"href":"https:\/\/fedai.az\/index.php?rest_route=%2Fwp%2Fv2%2Ftags&post=61566"}],"curies":[{"name":"wp","href":"https:\/\/api.w.org\/{rel}","templated":true}]}}