{"id":61582,"date":"2022-02-06T02:09:22","date_gmt":"2022-02-05T22:09:22","guid":{"rendered":"https:\/\/fedai.az\/?p=61582"},"modified":"2022-02-06T02:09:27","modified_gmt":"2022-02-05T22:09:27","slug":"sabirabad-rayon-veteranlari-t%c9%99dbird%c9%99-istirak-edibl%c9%99r","status":"publish","type":"post","link":"https:\/\/fedai.az\/?p=61582","title":{"rendered":"Sabirabad rayon veteranlar\u0131 t\u0259dbird\u0259 i\u015ftirak edibl\u0259r"},"content":{"rendered":"\n<p><strong>Sabirabad rayon veteranlar\u0131\u00a0G\u0259ncl\u0259r g\u00fcn\u00fcyl\u0259 ba\u011fl\u0131 bir s\u0131ra t\u0259dbirl\u0259rd\u0259 i\u015ftirak edibl\u0259r.<\/strong><\/p>\n\n\n\n<p>Bu bar\u0259d\u0259 Az\u0259rbaycan V\u0259t\u0259n M\u00fcharib\u0259si Veteranlar\u0131 \u0130ctimai Birliyi (AVMV\u0130B) Sabirabad rayon \u015f\u00f6b\u0259sinin s\u0259dri Faiq H\u00fcseynov m\u0259lumat verib.<\/p>\n\n\n\n<figure class=\"wp-block-gallery columns-2 is-cropped wp-block-gallery-1 is-layout-flex wp-block-gallery-is-layout-flex\"><ul class=\"blocks-gallery-grid\"><li class=\"blocks-gallery-item\"><figure><img decoding=\"async\" src=\"https:\/\/fedai.az\/wp-content\/uploads\/2022\/02\/272023803_481643343484708_38458775589549937_n.jpg\" alt=\"\" data-id=\"61584\" data-link=\"https:\/\/fedai.az\/?attachment_id=61584\" class=\"wp-image-61584\"\/><\/figure><\/li><li class=\"blocks-gallery-item\"><figure><img decoding=\"async\" src=\"https:\/\/fedai.az\/wp-content\/uploads\/2022\/02\/272218215_681749429624836_2455690382717103652_n.jpg\" alt=\"\" data-id=\"61587\" data-full-url=\"https:\/\/fedai.az\/wp-content\/uploads\/2022\/02\/272218215_681749429624836_2455690382717103652_n.jpg\" data-link=\"https:\/\/fedai.az\/?attachment_id=61587\" class=\"wp-image-61587\"\/><\/figure><\/li><\/ul><\/figure>\n\n\n\n<p>Faiq H\u00fcseynov bildirdi ki, t\u0259dbir i\u015ftirak\u00e7\u0131lar\u0131ndan olan &#171;D\u0259c\u0259l Balam&#187; Ail\u0259 v\u0259 U\u015faq M\u0259rk\u0259zinin, &#171;Media-24 Grop&#187;-un r\u0259hb\u0259ri Dil\u015fad \u018fhm\u0259dova d\u00f6y\u00fc\u015f\u00e7\u00fcl\u0259rl\u0259 bu t\u0259dbir \u00e7\u0259r\u00e7iv\u0259sind\u0259 g\u00f6r\u00fc\u015fd\u0259n m\u0259mnun qald\u0131\u011f\u0131n\u0131 v\u0259 h\u0259r zaman onlara m\u0259n\u0259vi d\u0259st\u0259k olma\u011fa haz\u0131r oldu\u011funu qeyd etdi.<\/p>\n\n\n\n<figure class=\"wp-block-gallery columns-2 is-cropped wp-block-gallery-2 is-layout-flex wp-block-gallery-is-layout-flex\"><ul class=\"blocks-gallery-grid\"><li class=\"blocks-gallery-item\"><figure><img decoding=\"async\" src=\"https:\/\/fedai.az\/wp-content\/uploads\/2022\/02\/258397571_337060021638819_1521889511839501727_n.jpg\" alt=\"\" data-id=\"61585\" data-link=\"https:\/\/fedai.az\/?attachment_id=61585\" class=\"wp-image-61585\"\/><\/figure><\/li><li class=\"blocks-gallery-item\"><figure><img decoding=\"async\" src=\"https:\/\/fedai.az\/wp-content\/uploads\/2022\/02\/271632833_1320237178487673_8471792529341016458_n-1.jpg\" alt=\"\" data-id=\"61586\" data-full-url=\"https:\/\/fedai.az\/wp-content\/uploads\/2022\/02\/271632833_1320237178487673_8471792529341016458_n-1.jpg\" data-link=\"https:\/\/fedai.az\/?attachment_id=61586\" class=\"wp-image-61586\"\/><\/figure><\/li><\/ul><\/figure>\n\n\n\n<p>Az\u0259rbaycan V\u0259t\u0259n M\u00fcharib\u0259si Veteranlar\u0131 \u0130ctimai Birliyi (AVMV\u0130B) Sabirabad rayon \u015f\u00f6b\u0259si rayon miqyas\u0131nda t\u0259\u015fkil olunan b\u00fct\u00fcn t\u0259dbirl\u0259rd\u0259 Birliyi layiqinc\u0259 t\u0259msil etm\u0259y\u0259 \u00e7al\u0131\u015f\u0131r.<\/p>\n\n\n\n<p>H\u0259m\u00e7inin rayon \u015f\u00f6b\u0259si daha bir g\u0259nc d\u00f6y\u00fc\u015f\u00e7\u00fc \u0130lkin Fuad o\u011flu G\u00f6z\u0259lova AVMV\u0130B-nin \u00fczvl\u00fck v\u0259siq\u0259sini t\u0259qdim edib.<\/p>\n\n\n\n<figure class=\"wp-block-gallery columns-3 is-cropped wp-block-gallery-3 is-layout-flex wp-block-gallery-is-layout-flex\"><ul class=\"blocks-gallery-grid\"><li class=\"blocks-gallery-item\"><figure><img decoding=\"async\" src=\"https:\/\/fedai.az\/wp-content\/uploads\/2022\/02\/272178291_1222820431454910_6102102853544492356_n.jpg\" alt=\"\" data-id=\"61588\" data-link=\"https:\/\/fedai.az\/?attachment_id=61588\" class=\"wp-image-61588\"\/><\/figure><\/li><li class=\"blocks-gallery-item\"><figure><img decoding=\"async\" src=\"https:\/\/fedai.az\/wp-content\/uploads\/2022\/02\/272690204_475380633982209_1169666754686771651_n-1024x768.jpg\" alt=\"\" data-id=\"61589\" data-link=\"https:\/\/fedai.az\/?attachment_id=61589\" class=\"wp-image-61589\"\/><\/figure><\/li><li class=\"blocks-gallery-item\"><figure><img decoding=\"async\" src=\"https:\/\/fedai.az\/wp-content\/uploads\/2022\/02\/271988499_4841362639234826_5668730496781687416_n-1024x786.jpg\" alt=\"\" data-id=\"61590\" data-full-url=\"https:\/\/fedai.az\/wp-content\/uploads\/2022\/02\/271988499_4841362639234826_5668730496781687416_n.jpg\" data-link=\"https:\/\/fedai.az\/?attachment_id=61590\" class=\"wp-image-61590\"\/><\/figure><\/li><\/ul><\/figure>\n\n\n\n<p><strong>El\u00e7in Q\u0259dirov<br>Qaraba\u011f b\u00f6lg\u0259si \u00fczr\u0259 m\u00fcxbir, Sabirabad<\/strong><\/p>\n","protected":false},"excerpt":{"rendered":"<p>Sabirabad rayon veteranlar\u0131\u00a0G\u0259ncl\u0259r g\u00fcn\u00fcyl\u0259 ba\u011fl\u0131 bir s\u0131ra t\u0259dbirl\u0259rd\u0259 i\u015ftirak edibl\u0259r. Bu bar\u0259d\u0259 Az\u0259rbaycan V\u0259t\u0259n M\u00fcharib\u0259si Veteranlar\u0131 \u0130ctimai Birliyi (AVMV\u0130B) Sabirabad rayon \u015f\u00f6b\u0259sinin s\u0259dri Faiq<\/p>\n","protected":false},"author":2,"featured_media":0,"comment_status":"closed","ping_status":"closed","sticky":false,"template":"","format":"standard","meta":{"footnotes":""},"categories":[5],"tags":[],"class_list":["post-61582","post","type-post","status-publish","format-standard","hentry","category-veteran"],"aioseo_notices":[],"_links":{"self":[{"href":"https:\/\/fedai.az\/index.php?rest_route=\/wp\/v2\/posts\/61582","targetHints":{"allow":["GET"]}}],"collection":[{"href":"https:\/\/fedai.az\/index.php?rest_route=\/wp\/v2\/posts"}],"about":[{"href":"https:\/\/fedai.az\/index.php?rest_route=\/wp\/v2\/types\/post"}],"author":[{"embeddable":true,"href":"https:\/\/fedai.az\/index.php?rest_route=\/wp\/v2\/users\/2"}],"replies":[{"embeddable":true,"href":"https:\/\/fedai.az\/index.php?rest_route=%2Fwp%2Fv2%2Fcomments&post=61582"}],"version-history":[{"count":1,"href":"https:\/\/fedai.az\/index.php?rest_route=\/wp\/v2\/posts\/61582\/revisions"}],"predecessor-version":[{"id":61592,"href":"https:\/\/fedai.az\/index.php?rest_route=\/wp\/v2\/posts\/61582\/revisions\/61592"}],"wp:attachment":[{"href":"https:\/\/fedai.az\/index.php?rest_route=%2Fwp%2Fv2%2Fmedia&parent=61582"}],"wp:term":[{"taxonomy":"category","embeddable":true,"href":"https:\/\/fedai.az\/index.php?rest_route=%2Fwp%2Fv2%2Fcategories&post=61582"},{"taxonomy":"post_tag","embeddable":true,"href":"https:\/\/fedai.az\/index.php?rest_route=%2Fwp%2Fv2%2Ftags&post=61582"}],"curies":[{"name":"wp","href":"https:\/\/api.w.org\/{rel}","templated":true}]}}