{"id":61615,"date":"2022-02-06T10:15:52","date_gmt":"2022-02-06T06:15:52","guid":{"rendered":"https:\/\/fedai.az\/?p=61615"},"modified":"2022-02-06T10:39:29","modified_gmt":"2022-02-06T06:39:29","slug":"m%c9%99hsur-komandir-koronavirusa-yoluxub","status":"publish","type":"post","link":"https:\/\/fedai.az\/?p=61615","title":{"rendered":"M\u0259h\u015fur komandir koronavirusa yoluxub"},"content":{"rendered":"\n<p><strong>Birinci Qaraba\u011f m\u00fcharib\u0259sinin m\u0259\u015fhur komandirl\u0259rind\u0259n olan, Az\u0259rbaycan V\u0259t\u0259n M\u00fcharib\u0259si Veteranlar\u0131 \u0130ctimai Birliyinin (AVMV\u0130B) \u00fczv\u00fc, Qaraba\u011f\u0131n a\u011fsaqqal d\u00f6y\u00fc\u015f\u00e7\u00fc v\u0259 ziyal\u0131s\u0131, yazar v\u0259 m\u00fc\u0259llim Vaqif \u018flisoy (\u018fliyev) d\u0259 koronavirusa yoluxub.<\/strong><\/p>\n\n\n\n<p>Vaqif \u018flisoy \u00f6lk\u0259nin ictimai h\u0259yat\u0131nda m\u00f6vqeyi v\u0259 g\u0259nc n\u0259slin v\u0259t\u0259np\u0259rv\u0259r ruhda yeti\u015fdirilm\u0259sind\u0259 bir pedaqoq kimi xidm\u0259tl\u0259ri olan m\u00fcharib\u0259 veteranlar\u0131m\u0131zdand\u0131. Oxuculara &#171;Ka\u015f g\u00f6zl\u0259rim kor olayd\u0131&#187; adl\u0131 avtobioqrafiq v\u0259 s\u0259n\u0259dli \u0259s\u0259riyl\u0259 tan\u0131\u015fd\u0131.<\/p>\n\n\n\n<figure class=\"wp-block-gallery columns-3 is-cropped wp-block-gallery-1 is-layout-flex wp-block-gallery-is-layout-flex\"><ul class=\"blocks-gallery-grid\"><li class=\"blocks-gallery-item\"><figure><img decoding=\"async\" src=\"https:\/\/fedai.az\/wp-content\/uploads\/2022\/02\/105541134_1627318864088126_7982030723372375401_n.jpg\" alt=\"\" data-id=\"61616\" data-link=\"https:\/\/fedai.az\/?attachment_id=61616\" class=\"wp-image-61616\"\/><\/figure><\/li><li class=\"blocks-gallery-item\"><figure><img decoding=\"async\" src=\"https:\/\/fedai.az\/wp-content\/uploads\/2022\/02\/208038308_1934090150077661_7971962659609339990_n.jpg\" alt=\"\" data-id=\"61617\" data-link=\"https:\/\/fedai.az\/?attachment_id=61617\" class=\"wp-image-61617\"\/><\/figure><\/li><li class=\"blocks-gallery-item\"><figure><img decoding=\"async\" src=\"https:\/\/fedai.az\/wp-content\/uploads\/2022\/02\/27993456_951283175025035_3650430124536913043_o-1024x1018.jpg\" alt=\"\" data-id=\"61618\" data-full-url=\"https:\/\/fedai.az\/wp-content\/uploads\/2022\/02\/27993456_951283175025035_3650430124536913043_o.jpg\" data-link=\"https:\/\/fedai.az\/?attachment_id=61618\" class=\"wp-image-61618\"\/><\/figure><\/li><\/ul><\/figure>\n\n\n\n<p><br>Vaqif b\u0259yl\u0259 \u0259laq\u0259 saxlad\u0131q v\u0259 z\u0259if s\u0259sl\u0259 cavab vers\u0259 d\u0259, haz\u0131rda nisb\u0259t\u0259n yax\u015f\u0131 oldu\u011funu bildirdi. Onun s\u0259hh\u0259tiyl\u0259 maraqlanan h\u0259r k\u0259s\u0259 \u00f6z minn\u0259tdarl\u0131\u011f\u0131n\u0131 \u00e7atd\u0131rma\u011f\u0131m\u0131z\u0131 ist\u0259di. Bildirdi ki, &#171;m\u0259n h\u0259yat\u0131n h\u0259r \u00fcz\u00fcn\u00fc g\u00f6rm\u00fc\u015f  bir adamam&#187;, &#171;\u00f6l\u00fcm\u0259 xo\u015f g\u0259ldin dey\u0259 bil\u0259n bir adamam&#187;. M\u0259n\u0259 dualar\u0131n\u0131z yet\u0259rlidir.<\/p>\n\n\n\n<p><br>Az\u011f\u0131n d\u00fc\u015fm\u0259n\u0259 v\u0259 imperiyaya qar\u015f\u0131 m\u00fcbariz\u0259d\u0259 yenilm\u0259y\u0259n komandirin bu virusa da qalib g\u0259l\u0259c\u0259yin\u0259 inan\u0131r\u0131q. AVMV\u0130B R\u0259hb\u0259rliyi v\u0259 85 minlik veteranlar ordusunun dualar\u0131 sizinl\u0259dir, Vaqif b\u0259y!<\/p>\n\n\n\n<p><br><strong>Allah \u015f\u0259fa versin!<\/strong><\/p>\n\n\n\n<p><strong><br>Fedai.az<\/strong><\/p>\n","protected":false},"excerpt":{"rendered":"<p>Birinci Qaraba\u011f m\u00fcharib\u0259sinin m\u0259\u015fhur komandirl\u0259rind\u0259n olan, Az\u0259rbaycan V\u0259t\u0259n M\u00fcharib\u0259si Veteranlar\u0131 \u0130ctimai Birliyinin (AVMV\u0130B) \u00fczv\u00fc, Qaraba\u011f\u0131n a\u011fsaqqal d\u00f6y\u00fc\u015f\u00e7\u00fc v\u0259 ziyal\u0131s\u0131, yazar v\u0259 m\u00fc\u0259llim Vaqif \u018flisoy<\/p>\n","protected":false},"author":2,"featured_media":0,"comment_status":"closed","ping_status":"closed","sticky":false,"template":"","format":"standard","meta":{"footnotes":""},"categories":[5],"tags":[],"class_list":["post-61615","post","type-post","status-publish","format-standard","hentry","category-veteran"],"aioseo_notices":[],"_links":{"self":[{"href":"https:\/\/fedai.az\/index.php?rest_route=\/wp\/v2\/posts\/61615","targetHints":{"allow":["GET"]}}],"collection":[{"href":"https:\/\/fedai.az\/index.php?rest_route=\/wp\/v2\/posts"}],"about":[{"href":"https:\/\/fedai.az\/index.php?rest_route=\/wp\/v2\/types\/post"}],"author":[{"embeddable":true,"href":"https:\/\/fedai.az\/index.php?rest_route=\/wp\/v2\/users\/2"}],"replies":[{"embeddable":true,"href":"https:\/\/fedai.az\/index.php?rest_route=%2Fwp%2Fv2%2Fcomments&post=61615"}],"version-history":[{"count":4,"href":"https:\/\/fedai.az\/index.php?rest_route=\/wp\/v2\/posts\/61615\/revisions"}],"predecessor-version":[{"id":61625,"href":"https:\/\/fedai.az\/index.php?rest_route=\/wp\/v2\/posts\/61615\/revisions\/61625"}],"wp:attachment":[{"href":"https:\/\/fedai.az\/index.php?rest_route=%2Fwp%2Fv2%2Fmedia&parent=61615"}],"wp:term":[{"taxonomy":"category","embeddable":true,"href":"https:\/\/fedai.az\/index.php?rest_route=%2Fwp%2Fv2%2Fcategories&post=61615"},{"taxonomy":"post_tag","embeddable":true,"href":"https:\/\/fedai.az\/index.php?rest_route=%2Fwp%2Fv2%2Ftags&post=61615"}],"curies":[{"name":"wp","href":"https:\/\/api.w.org\/{rel}","templated":true}]}}