{"id":61632,"date":"2022-02-06T12:08:36","date_gmt":"2022-02-06T08:08:36","guid":{"rendered":"https:\/\/fedai.az\/?p=61632"},"modified":"2022-02-06T12:08:38","modified_gmt":"2022-02-06T08:08:38","slug":"avmvib-ming%c9%99cevir-s%c9%99h%c9%99r-sob%c9%99sind%c9%99-t%c9%99dbir-kecirilib-4","status":"publish","type":"post","link":"https:\/\/fedai.az\/?p=61632","title":{"rendered":"AVMV\u0130B Ming\u0259\u00e7evir \u015f\u0259h\u0259r \u015f\u00f6b\u0259sind\u0259 t\u0259dbir ke\u00e7irilib"},"content":{"rendered":"\n<p><strong>Az\u0259rbaycan V\u0259t\u0259n M\u00fcharib\u0259si Veteranlar \u0130ctimai Birliyi (AVMV\u0130B) Ming\u0259\u00e7evir \u015f\u0259h\u0259r \u015f\u00f6b\u0259sind\u0259 yeni \u00fczvl\u0259r\u0259 \u00fczvl\u00fck v\u0259siq\u0259l\u0259rinin t\u0259qdimat\u0131 v\u0259 f\u0259al m\u00fcharib\u0259 veteranlar\u0131n\u0131n t\u0259ltif edilm\u0259si m\u0259rasimi ke\u00e7irilib.<\/strong><\/p>\n\n\n\n<p><br>Bu bar\u0259d\u0259 Az\u0259rbaycan V\u0259t\u0259n M\u00fcharib\u0259si Veteranlar \u0130ctimai Birliyi (AVMV\u0130B) s\u0259drinin m\u00fcavini, AVMV\u0130B Ming\u0259\u00e7evir \u015f\u0259h\u0259r \u015f\u00f6b\u0259sinin s\u0259dri Natiq H\u0259s\u0259nov m\u0259lumat verib.<\/p>\n\n\n\n<figure class=\"wp-block-image size-large\"><img loading=\"lazy\" decoding=\"async\" width=\"1024\" height=\"768\" src=\"https:\/\/fedai.az\/wp-content\/uploads\/2022\/02\/258739151_470573824519059_4975550444114443371_n-1024x768.jpg\" alt=\"\" class=\"wp-image-61633\" srcset=\"https:\/\/fedai.az\/wp-content\/uploads\/2022\/02\/258739151_470573824519059_4975550444114443371_n-1024x768.jpg 1024w, https:\/\/fedai.az\/wp-content\/uploads\/2022\/02\/258739151_470573824519059_4975550444114443371_n-300x225.jpg 300w, https:\/\/fedai.az\/wp-content\/uploads\/2022\/02\/258739151_470573824519059_4975550444114443371_n-150x113.jpg 150w, https:\/\/fedai.az\/wp-content\/uploads\/2022\/02\/258739151_470573824519059_4975550444114443371_n-768x576.jpg 768w, https:\/\/fedai.az\/wp-content\/uploads\/2022\/02\/258739151_470573824519059_4975550444114443371_n.jpg 1040w\" sizes=\"auto, (max-width: 1024px) 100vw, 1024px\" \/><\/figure>\n\n\n\n<p><br>Natiq H\u0259s\u0259nov bildirdi ki, \u015f\u0259h\u0259r \u015f\u00f6b\u0259si daim \u00f6z \u00fczvl\u0259rinin yan\u0131ndad\u0131r v\u0259 h\u0259r bir \u00fczv\u00fcm\u00fcz\u00fcn f\u0259aliyy\u0259ti diqq\u0259timizd\u0259dir. \u00c7al\u0131\u015f\u0131r\u0131q ki, \u00f6z \u00fczvl\u0259rimizl\u0259 \u0259laq\u0259l\u0259rimiz daha da s\u0131x olsun. Ona g\u00f6r\u0259 d\u0259 f\u0259rql\u0259n\u0259n \u00fczvl\u0259rimizi daim t\u0259ltif edirik. G\u0259nc d\u00f6y\u00fc\u015f\u00e7\u00fcl\u0259rin d\u0259 Birliyimiz\u0259 \u00fczv olmaq arzular\u0131n\u0131 h\u0259yata ke\u00e7iririk. Onlar\u0131n probleml\u0259rinin h\u0259llind\u0259 \u00f6z imkanlar\u0131m\u0131z daxilind\u0259 yard\u0131m\u00e7\u0131 olma\u011fa \u00e7al\u0131\u015f\u0131r\u0131q.<\/p>\n\n\n\n<p><br><strong>Elnur S\u0259lim<\/strong><\/p>\n\n\n\n<figure class=\"wp-block-image size-large\"><img decoding=\"async\" src=\"https:\/\/fedai.az\/wp-content\/uploads\/2022\/02\/272781523_264306179161179_1771134299532129526_n-1024x768.jpg\" alt=\"\" class=\"wp-image-61634\"\/><\/figure>\n\n\n\n<figure class=\"wp-block-image size-large\"><img decoding=\"async\" src=\"https:\/\/fedai.az\/wp-content\/uploads\/2022\/02\/272762497_634974211095994_3335875455355962258_n-1024x768.jpg\" alt=\"\" class=\"wp-image-61635\"\/><\/figure>\n","protected":false},"excerpt":{"rendered":"<p>Az\u0259rbaycan V\u0259t\u0259n M\u00fcharib\u0259si Veteranlar \u0130ctimai Birliyi (AVMV\u0130B) Ming\u0259\u00e7evir \u015f\u0259h\u0259r \u015f\u00f6b\u0259sind\u0259 yeni \u00fczvl\u0259r\u0259 \u00fczvl\u00fck v\u0259siq\u0259l\u0259rinin t\u0259qdimat\u0131 v\u0259 f\u0259al m\u00fcharib\u0259 veteranlar\u0131n\u0131n t\u0259ltif edilm\u0259si m\u0259rasimi ke\u00e7irilib. Bu<\/p>\n","protected":false},"author":2,"featured_media":0,"comment_status":"closed","ping_status":"closed","sticky":false,"template":"","format":"standard","meta":{"footnotes":""},"categories":[5],"tags":[],"class_list":["post-61632","post","type-post","status-publish","format-standard","hentry","category-veteran"],"aioseo_notices":[],"_links":{"self":[{"href":"https:\/\/fedai.az\/index.php?rest_route=\/wp\/v2\/posts\/61632","targetHints":{"allow":["GET"]}}],"collection":[{"href":"https:\/\/fedai.az\/index.php?rest_route=\/wp\/v2\/posts"}],"about":[{"href":"https:\/\/fedai.az\/index.php?rest_route=\/wp\/v2\/types\/post"}],"author":[{"embeddable":true,"href":"https:\/\/fedai.az\/index.php?rest_route=\/wp\/v2\/users\/2"}],"replies":[{"embeddable":true,"href":"https:\/\/fedai.az\/index.php?rest_route=%2Fwp%2Fv2%2Fcomments&post=61632"}],"version-history":[{"count":1,"href":"https:\/\/fedai.az\/index.php?rest_route=\/wp\/v2\/posts\/61632\/revisions"}],"predecessor-version":[{"id":61637,"href":"https:\/\/fedai.az\/index.php?rest_route=\/wp\/v2\/posts\/61632\/revisions\/61637"}],"wp:attachment":[{"href":"https:\/\/fedai.az\/index.php?rest_route=%2Fwp%2Fv2%2Fmedia&parent=61632"}],"wp:term":[{"taxonomy":"category","embeddable":true,"href":"https:\/\/fedai.az\/index.php?rest_route=%2Fwp%2Fv2%2Fcategories&post=61632"},{"taxonomy":"post_tag","embeddable":true,"href":"https:\/\/fedai.az\/index.php?rest_route=%2Fwp%2Fv2%2Ftags&post=61632"}],"curies":[{"name":"wp","href":"https:\/\/api.w.org\/{rel}","templated":true}]}}