{"id":61654,"date":"2022-02-07T00:43:45","date_gmt":"2022-02-06T20:43:45","guid":{"rendered":"https:\/\/fedai.az\/?p=61654"},"modified":"2022-02-07T00:43:49","modified_gmt":"2022-02-06T20:43:49","slug":"media-feyziyev-qalmaqalina-munasib%c9%99t-bildirdi","status":"publish","type":"post","link":"https:\/\/fedai.az\/?p=61654","title":{"rendered":"MED\u0130A Feyziyev qalmaqal\u0131na m\u00fcnasib\u0259t bildirdi"},"content":{"rendered":"\n<p><strong>Median\u0131n \u0130nki\u015faf\u0131 Agentliyi Milli M\u0259clisin deputat\u0131 Cavan\u015fir Feyziyevin jurnalistl\u0259ri t\u0259hqir etm\u0259si il\u0259 ba\u011fl\u0131 b\u0259yanat yay\u0131b.<\/strong><\/p>\n\n\n\n<p><br>B\u0259yanatda deyilir:<\/p>\n\n\n\n<p> &#171;Az\u0259rbaycan d\u00f6vl\u0259ti c\u0259miyy\u0259t h\u0259yat\u0131nda m\u00fch\u00fcm rol oynayan pe\u015f\u0259kar median\u0131n f\u0259aliyy\u0259tini daim y\u00fcks\u0259k qiym\u0259tl\u0259ndirmi\u015f, onun inki\u015faf\u0131na h\u0259rt\u0259r\u0259fli d\u0259st\u0259k g\u00f6st\u0259rmi\u015fdir. \u00d6lk\u0259mizin informasiya m\u00fchitinin sa\u011flamla\u015fd\u0131r\u0131lmas\u0131 istiqam\u0259tind\u0259 ard\u0131c\u0131l t\u0259dbirl\u0259rin h\u0259yata ke\u00e7irildiyi haz\u0131rk\u0131 d\u00f6vrd\u0259 b\u0259zi \u015f\u0259xsl\u0259rin \u00f6z statusundan istifad\u0259 ed\u0259r\u0259k media m\u0259nsublar\u0131na qar\u015f\u0131 etik \u00e7\u0259r\u00e7iv\u0259l\u0259r\u0259 s\u0131\u011fmayan t\u0259hqir v\u0259 ittihamedici ifad\u0259l\u0259rd\u0259n istifad\u0259 etm\u0259si yolverilm\u0259zdir.<\/p>\n\n\n\n<p>Pl\u00fcralizm, s\u00f6z azadl\u0131\u011f\u0131, h\u0259r hans\u0131 t\u0259nqidi media material\u0131na cavab h\u00fcququ etik prinsipl\u0259rin pozulmas\u0131 v\u0259 t\u0259hqir xarakterli ifad\u0259l\u0259r \u00fc\u00e7\u00fcn \u0259sas ola bilm\u0259z.<\/p>\n\n\n\n<p>Az\u0259rbaycan Respublikas\u0131n\u0131n Median\u0131n \u0130nki\u015faf\u0131 Agentliyi v\u0259zif\u0259sind\u0259n v\u0259 statusundan as\u0131l\u0131 olmayaraq h\u0259r k\u0259si \u00f6z pe\u015f\u0259kar funksiyalar\u0131n\u0131 yerin\u0259 yetir\u0259n media v\u0259 jurnalistl\u0259rl\u0259 m\u00fcnasib\u0259tl\u0259rind\u0259 daha t\u0259mkinli, m\u0259suliyy\u0259tli olma\u011fa v\u0259 qar\u015f\u0131l\u0131ql\u0131 h\u00f6rm\u0259t prinsipl\u0259rin\u0259 riay\u0259t etm\u0259y\u0259 \u00e7a\u011f\u0131r\u0131r&#187;.<\/p>\n","protected":false},"excerpt":{"rendered":"<p>Median\u0131n \u0130nki\u015faf\u0131 Agentliyi Milli M\u0259clisin deputat\u0131 Cavan\u015fir Feyziyevin jurnalistl\u0259ri t\u0259hqir etm\u0259si il\u0259 ba\u011fl\u0131 b\u0259yanat yay\u0131b. B\u0259yanatda deyilir: &#171;Az\u0259rbaycan d\u00f6vl\u0259ti c\u0259miyy\u0259t h\u0259yat\u0131nda m\u00fch\u00fcm rol oynayan<\/p>\n","protected":false},"author":2,"featured_media":0,"comment_status":"closed","ping_status":"closed","sticky":false,"template":"","format":"standard","meta":{"footnotes":""},"categories":[3],"tags":[],"class_list":["post-61654","post","type-post","status-publish","format-standard","hentry","category-gundm"],"aioseo_notices":[],"_links":{"self":[{"href":"https:\/\/fedai.az\/index.php?rest_route=\/wp\/v2\/posts\/61654","targetHints":{"allow":["GET"]}}],"collection":[{"href":"https:\/\/fedai.az\/index.php?rest_route=\/wp\/v2\/posts"}],"about":[{"href":"https:\/\/fedai.az\/index.php?rest_route=\/wp\/v2\/types\/post"}],"author":[{"embeddable":true,"href":"https:\/\/fedai.az\/index.php?rest_route=\/wp\/v2\/users\/2"}],"replies":[{"embeddable":true,"href":"https:\/\/fedai.az\/index.php?rest_route=%2Fwp%2Fv2%2Fcomments&post=61654"}],"version-history":[{"count":1,"href":"https:\/\/fedai.az\/index.php?rest_route=\/wp\/v2\/posts\/61654\/revisions"}],"predecessor-version":[{"id":61656,"href":"https:\/\/fedai.az\/index.php?rest_route=\/wp\/v2\/posts\/61654\/revisions\/61656"}],"wp:attachment":[{"href":"https:\/\/fedai.az\/index.php?rest_route=%2Fwp%2Fv2%2Fmedia&parent=61654"}],"wp:term":[{"taxonomy":"category","embeddable":true,"href":"https:\/\/fedai.az\/index.php?rest_route=%2Fwp%2Fv2%2Fcategories&post=61654"},{"taxonomy":"post_tag","embeddable":true,"href":"https:\/\/fedai.az\/index.php?rest_route=%2Fwp%2Fv2%2Ftags&post=61654"}],"curies":[{"name":"wp","href":"https:\/\/api.w.org\/{rel}","templated":true}]}}