{"id":61657,"date":"2022-02-07T00:57:31","date_gmt":"2022-02-06T20:57:31","guid":{"rendered":"https:\/\/fedai.az\/?p=61657"},"modified":"2022-02-07T00:58:25","modified_gmt":"2022-02-06T20:58:25","slug":"avmvib-balak%c9%99n-rayon-sob%c9%99si-acilis-m%c9%99rasimind%c9%99","status":"publish","type":"post","link":"https:\/\/fedai.az\/?p=61657","title":{"rendered":"AVMV\u0130B Balak\u0259n rayon \u015f\u00f6b\u0259si a\u00e7\u0131l\u0131\u015f m\u0259rasimind\u0259"},"content":{"rendered":"\n<p><strong>Balak\u0259n rayonunda \u015f\u0259hid Elsev\u0259r Eyvaz o\u011flu Pax\u0131rovun xatir\u0259sin\u0259 h\u0259sr olunmu\u015f \u015e\u0259hid Bula\u011f\u0131 kompleksinin a\u00e7\u0131l\u0131\u015f\u0131 olub.<\/strong><\/p>\n\n\n\n<p>Bu bar\u0259d\u0259 Az\u0259rbaycan V\u0259t\u0259n M\u00fcharib\u0259si Veteranlar \u0130ctimai Birliyinin (AVMV\u0130B) Balak\u0259n rayon \u015f\u00f6b\u0259sinin s\u0259dri Ayd\u0131n Abdullayev m\u0259lumat verib.<\/p>\n\n\n\n<figure class=\"wp-block-image size-large is-resized\"><img loading=\"lazy\" decoding=\"async\" src=\"https:\/\/fedai.az\/wp-content\/uploads\/2022\/02\/273488894_145942164514496_6916021316260657600_n-461x1024.jpg\" alt=\"\" class=\"wp-image-61658\" width=\"916\" height=\"2035\"\/><\/figure>\n\n\n\n<p><br>Ayd\u0131n Abdullayev bildirdi ki, a\u00e7\u0131l\u0131\u015fda Az\u0259rbaycan V\u0259t\u0259n M\u00fcharib\u0259si Veteranlar \u0130ctimai Birliyinin (AVMV\u0130B) Balak\u0259n rayon \u015f\u00f6b\u0259sinin \u00fczv\u00fc olan m\u00fcharib\u0259 veteranlar\u0131 i\u015ftirak ed\u0259r\u0259k, \u015f\u0259hidin valideynl\u0259rin\u0259 ba\u015fsa\u011fl\u0131\u011f\u0131 veribl\u0259r. V\u0259t\u0259n u\u011frunda \u00f6z canlar\u0131ndan ke\u00e7mi\u015f q\u0259hr\u0259manlar\u0131 unutmamal\u0131y\u0131q. Onlar\u0131n adlar\u0131 \u0259b\u0259dil\u0259\u015fdirilm\u0259lidir.<\/p>\n\n\n\n<p><br><strong>\u015e\u0259hidl\u0259rimiz\u0259 Allah r\u0259hm\u0259t el\u0259sin!<\/strong><\/p>\n\n\n\n<p><strong><br>Elnur S\u0259lim<\/strong><\/p>\n\n\n\n<figure class=\"wp-block-image size-large\"><img decoding=\"async\" src=\"https:\/\/fedai.az\/wp-content\/uploads\/2022\/02\/272990400_145942117847834_1403330409013385833_n-1024x461.jpg\" alt=\"\" class=\"wp-image-61659\"\/><\/figure>\n","protected":false},"excerpt":{"rendered":"<p>Balak\u0259n rayonunda \u015f\u0259hid Elsev\u0259r Eyvaz o\u011flu Pax\u0131rovun xatir\u0259sin\u0259 h\u0259sr olunmu\u015f \u015e\u0259hid Bula\u011f\u0131 kompleksinin a\u00e7\u0131l\u0131\u015f\u0131 olub. Bu bar\u0259d\u0259 Az\u0259rbaycan V\u0259t\u0259n M\u00fcharib\u0259si Veteranlar \u0130ctimai Birliyinin (AVMV\u0130B)<\/p>\n","protected":false},"author":2,"featured_media":0,"comment_status":"closed","ping_status":"closed","sticky":false,"template":"","format":"standard","meta":{"footnotes":""},"categories":[5],"tags":[],"class_list":["post-61657","post","type-post","status-publish","format-standard","hentry","category-veteran"],"aioseo_notices":[],"_links":{"self":[{"href":"https:\/\/fedai.az\/index.php?rest_route=\/wp\/v2\/posts\/61657","targetHints":{"allow":["GET"]}}],"collection":[{"href":"https:\/\/fedai.az\/index.php?rest_route=\/wp\/v2\/posts"}],"about":[{"href":"https:\/\/fedai.az\/index.php?rest_route=\/wp\/v2\/types\/post"}],"author":[{"embeddable":true,"href":"https:\/\/fedai.az\/index.php?rest_route=\/wp\/v2\/users\/2"}],"replies":[{"embeddable":true,"href":"https:\/\/fedai.az\/index.php?rest_route=%2Fwp%2Fv2%2Fcomments&post=61657"}],"version-history":[{"count":2,"href":"https:\/\/fedai.az\/index.php?rest_route=\/wp\/v2\/posts\/61657\/revisions"}],"predecessor-version":[{"id":61661,"href":"https:\/\/fedai.az\/index.php?rest_route=\/wp\/v2\/posts\/61657\/revisions\/61661"}],"wp:attachment":[{"href":"https:\/\/fedai.az\/index.php?rest_route=%2Fwp%2Fv2%2Fmedia&parent=61657"}],"wp:term":[{"taxonomy":"category","embeddable":true,"href":"https:\/\/fedai.az\/index.php?rest_route=%2Fwp%2Fv2%2Fcategories&post=61657"},{"taxonomy":"post_tag","embeddable":true,"href":"https:\/\/fedai.az\/index.php?rest_route=%2Fwp%2Fv2%2Ftags&post=61657"}],"curies":[{"name":"wp","href":"https:\/\/api.w.org\/{rel}","templated":true}]}}