{"id":61669,"date":"2022-02-07T01:11:43","date_gmt":"2022-02-06T21:11:43","guid":{"rendered":"https:\/\/fedai.az\/?p=61669"},"modified":"2022-02-07T01:11:49","modified_gmt":"2022-02-06T21:11:49","slug":"bir-gec%c9%99d%c9%99-uc-rus-%c9%99sg%c9%99rini-oldur%c9%99n-qadin-putin%c9%99-meydan-oxudu","status":"publish","type":"post","link":"https:\/\/fedai.az\/?p=61669","title":{"rendered":"Bir gec\u0259d\u0259 \u00fc\u00e7 rus \u0259sg\u0259rini \u00f6ld\u00fcr\u0259n qad\u0131n Putin\u0259 meydan oxudu"},"content":{"rendered":"\n<p><strong>Ukraynan\u0131n Rusiya il\u0259 m\u00fcnaqi\u015f\u0259d\u0259 oldu\u011fu Donbas b\u00f6lg\u0259sind\u0259 xidm\u0259t ed\u0259n v\u0259 bir gec\u0259d\u0259 3 rus h\u0259rb\u00e7isini \u00f6ld\u00fcrm\u0259si il\u0259 tan\u0131nan 42 ya\u015fl\u0131 Alyona Bilozerskaya m\u00fcmk\u00fcn m\u00fcharib\u0259d\u0259 t\u0259r\u0259dd\u00fcd etm\u0259d\u0259n eyni \u015feyi ed\u0259c\u0259yini bildirib.<\/strong><\/p>\n\n\n\n<p> Bilozerskaya Rusiya Prezidenti Vladimir Putin\u0259 d\u0259 meydan oxuyub.<\/p>\n\n\n\n<p>Rusiya v\u0259 Ukraynan\u0131n m\u00fcharib\u0259nin astanas\u0131nda oldu\u011fu Donbasda g\u0259rginlik davam edir. Art\u0131q ekspertl\u0259r bundan \u0259vv\u0259l d\u0259 sava\u015fa meydan vermi\u015f b\u00f6lg\u0259d\u0259 yeni m\u00fcharib\u0259nin s\u00fcrpriz olmayaca\u011f\u0131n\u0131 bildirirl\u0259r.<\/p>\n\n\n\n<figure class=\"wp-block-gallery columns-2 is-cropped wp-block-gallery-1 is-layout-flex wp-block-gallery-is-layout-flex\"><ul class=\"blocks-gallery-grid\"><li class=\"blocks-gallery-item\"><figure><img decoding=\"async\" src=\"https:\/\/fedai.az\/wp-content\/uploads\/2022\/02\/media-9-82bs6qgi0apjfzwt7chy-176x300-1.jpg\" alt=\"\" data-id=\"61670\" data-link=\"https:\/\/fedai.az\/?attachment_id=61670\" class=\"wp-image-61670\"\/><\/figure><\/li><li class=\"blocks-gallery-item\"><figure><img decoding=\"async\" src=\"https:\/\/fedai.az\/wp-content\/uploads\/2022\/02\/media-7-jylf8p7ea9gwv0brihkz-300x282-1.jpg\" alt=\"\" data-id=\"61671\" data-link=\"https:\/\/fedai.az\/?attachment_id=61671\" class=\"wp-image-61671\"\/><\/figure><\/li><\/ul><\/figure>\n\n\n\n<p>Donbasda snayper kimi xidm\u0259t ed\u0259n v\u0259 ruslarla qar\u015f\u0131durmalarda u\u011furlar\u0131 il\u0259 tan\u0131nan ukraynal\u0131 qad\u0131n snayper Alyona Bilozerskaya \u00f6lk\u0259sini qorumaq \u00fc\u00e7\u00fcn he\u00e7 vaxt silaha sar\u0131lmaqdan qorxmad\u0131\u011f\u0131n\u0131 v\u0259 yenid\u0259n eyni \u015feyi ed\u0259 bil\u0259c\u0259yini bildirib.<\/p>\n\n\n\n<p>M\u00fcnaqi\u015f\u0259 b\u00f6lg\u0259sind\u0259 bir gec\u0259d\u0259 3 rus h\u0259rb\u00e7isini \u00f6ld\u00fcrm\u0259kl\u0259 tan\u0131nan v\u0259 l\u0259q\u0259bi \u201c\u00d6l\u00fcmc\u00fcl qad\u0131n\u201d olan Alyona Bilozerskaya Putin\u0259 d\u0259 meydan oxuyub. O deyib ki, Putin i\u015f\u011fal \u0259mri vers\u0259, b\u00fct\u00fcn rus h\u0259rb\u00e7il\u0259rini t\u0259r\u0259dd\u00fcd etm\u0259d\u0259n bir-bir vuracaq.<\/p>\n\n\n\n<p>M\u0259nb\u0259: Teleqraf.com<\/p>\n\n\n\n<figure class=\"wp-block-gallery columns-2 is-cropped wp-block-gallery-2 is-layout-flex wp-block-gallery-is-layout-flex\"><ul class=\"blocks-gallery-grid\"><li class=\"blocks-gallery-item\"><figure><img decoding=\"async\" src=\"https:\/\/fedai.az\/wp-content\/uploads\/2022\/02\/media-8-qaizs8v2pwl3u7neth6j-300x225-1.jpg\" alt=\"\" data-id=\"61673\" data-full-url=\"https:\/\/fedai.az\/wp-content\/uploads\/2022\/02\/media-8-qaizs8v2pwl3u7neth6j-300x225-1.jpg\" data-link=\"https:\/\/fedai.az\/?attachment_id=61673\" class=\"wp-image-61673\"\/><\/figure><\/li><li class=\"blocks-gallery-item\"><figure><img decoding=\"async\" src=\"https:\/\/fedai.az\/wp-content\/uploads\/2022\/02\/media-0-sav5u8op3k1bhm2fiyzc-300x168-1.jpg\" alt=\"\" data-id=\"61672\" data-full-url=\"https:\/\/fedai.az\/wp-content\/uploads\/2022\/02\/media-0-sav5u8op3k1bhm2fiyzc-300x168-1.jpg\" data-link=\"https:\/\/fedai.az\/?attachment_id=61672\" class=\"wp-image-61672\"\/><\/figure><\/li><\/ul><\/figure>\n","protected":false},"excerpt":{"rendered":"<p>Ukraynan\u0131n Rusiya il\u0259 m\u00fcnaqi\u015f\u0259d\u0259 oldu\u011fu Donbas b\u00f6lg\u0259sind\u0259 xidm\u0259t ed\u0259n v\u0259 bir gec\u0259d\u0259 3 rus h\u0259rb\u00e7isini \u00f6ld\u00fcrm\u0259si il\u0259 tan\u0131nan 42 ya\u015fl\u0131 Alyona Bilozerskaya m\u00fcmk\u00fcn m\u00fcharib\u0259d\u0259<\/p>\n","protected":false},"author":2,"featured_media":0,"comment_status":"closed","ping_status":"closed","sticky":false,"template":"","format":"standard","meta":{"footnotes":""},"categories":[13],"tags":[],"class_list":["post-61669","post","type-post","status-publish","format-standard","hentry","category-xarici"],"aioseo_notices":[],"_links":{"self":[{"href":"https:\/\/fedai.az\/index.php?rest_route=\/wp\/v2\/posts\/61669","targetHints":{"allow":["GET"]}}],"collection":[{"href":"https:\/\/fedai.az\/index.php?rest_route=\/wp\/v2\/posts"}],"about":[{"href":"https:\/\/fedai.az\/index.php?rest_route=\/wp\/v2\/types\/post"}],"author":[{"embeddable":true,"href":"https:\/\/fedai.az\/index.php?rest_route=\/wp\/v2\/users\/2"}],"replies":[{"embeddable":true,"href":"https:\/\/fedai.az\/index.php?rest_route=%2Fwp%2Fv2%2Fcomments&post=61669"}],"version-history":[{"count":1,"href":"https:\/\/fedai.az\/index.php?rest_route=\/wp\/v2\/posts\/61669\/revisions"}],"predecessor-version":[{"id":61675,"href":"https:\/\/fedai.az\/index.php?rest_route=\/wp\/v2\/posts\/61669\/revisions\/61675"}],"wp:attachment":[{"href":"https:\/\/fedai.az\/index.php?rest_route=%2Fwp%2Fv2%2Fmedia&parent=61669"}],"wp:term":[{"taxonomy":"category","embeddable":true,"href":"https:\/\/fedai.az\/index.php?rest_route=%2Fwp%2Fv2%2Fcategories&post=61669"},{"taxonomy":"post_tag","embeddable":true,"href":"https:\/\/fedai.az\/index.php?rest_route=%2Fwp%2Fv2%2Ftags&post=61669"}],"curies":[{"name":"wp","href":"https:\/\/api.w.org\/{rel}","templated":true}]}}