{"id":61687,"date":"2022-02-07T01:43:50","date_gmt":"2022-02-06T21:43:50","guid":{"rendered":"https:\/\/fedai.az\/?p=61687"},"modified":"2022-02-07T01:43:54","modified_gmt":"2022-02-06T21:43:54","slug":"q%c9%99za-n%c9%99tic%c9%99sind%c9%99-novb%c9%99ti-erm%c9%99ni-yalaninin-ustu-acildi","status":"publish","type":"post","link":"https:\/\/fedai.az\/?p=61687","title":{"rendered":"Q\u018fZA N\u018fT\u0130C\u018fS\u0130ND\u018f N\u00d6VB\u018fT\u0130 ERM\u018fN\u0130 YALANININ \u00dcST\u00dc A\u00c7ILDI"},"content":{"rendered":"\n<p><strong>D\u00fcn\u0259n Z\u0259ng\u0259zur \u0259razisi il\u0259 Gorus &#8212; Xank\u0259ndi yolunda h\u0259r\u0259k\u0259t zaman\u0131 b\u00f6y\u00fck avtomobil q\u0259zas\u0131 ba\u015f vermi\u015fdir. Bel\u0259 ki, &#171;BMV&#187;-markal\u0131 ma\u015f\u0131n il\u0259 qar\u015f\u0131dan g\u0259l\u0259n &#171;Mersedes-500&#187; markal\u0131 ma\u015f\u0131nlar toqqu\u015fmu\u015f, sonra is\u0259 &#171;Z\u0130L-MMZ&#187; markal\u0131 ma\u015f\u0131n da &#171;BMV&#187;-y\u0259 arxa t\u0259r\u0259fd\u0259n \u00e7\u0131rp\u0131lm\u0131\u015fd\u0131r.<\/strong><\/p>\n\n\n\n<p><br>N\u0259tic\u0259d\u0259 &#171;BMW&#187;-d\u0259 olan 24, 33 v\u0259 29 ya\u015fl\u0131 erm\u0259ni h\u0259rb\u00e7il\u0259ri m\u00fcxt\u0259lif d\u0259r\u0259c\u0259li b\u0259d\u0259n x\u0259sar\u0259tl\u0259ri il\u0259 Gorus M\u0259rk\u0259zi x\u0259st\u0259xanas\u0131na apar\u0131lm\u0131\u015flar.<\/p>\n\n\n\n<p><br>M\u0259lum olub ki, h\u0259rbi xidm\u0259tl\u0259rini davam etdirm\u0259k \u00fc\u00e7\u00fcn Xank\u0259ndin\u0259 ged\u0259rk\u0259n x\u0259sar\u0259t alanlar\u0131n h\u0259r \u00fc\u00e7\u00fc Erm\u0259nistan v\u0259t\u0259nda\u015flar\u0131 olsalar da, onlar Qaraba\u011fda yerl\u0259\u015f\u0259n erm\u0259ni M\u00fcdafi\u0259 Ordusunun N sayl\u0131 h\u0259rbi hiss\u0259sind\u0259 m\u00fcqavil\u0259 il\u0259 xidm\u0259t ed\u0259n h\u0259rb\u00e7il\u0259rdir.<\/p>\n\n\n\n<p><br>Bununla da, erm\u0259nil\u0259rin &#8212; &#171;Qaraba\u011fda Erm\u0259nistan yaraql\u0131lar\u0131n\u0131n olmamas\u0131 bar\u0259d\u0259&#187; uydurduqlar\u0131 yalan\u0131n \u00fcst\u00fc a\u00e7\u0131lm\u0131\u015fd\u0131r.<\/p>\n\n\n\n<p><br><strong>\u0130SMAYIL TANRIVERD\u0130<br>BDU-nun Erm\u0259ni ara\u015fd\u0131rmalar\u0131 v\u0259 T\u0259lim M\u0259rk\u0259zinin Direktoru<\/strong><\/p>\n","protected":false},"excerpt":{"rendered":"<p>D\u00fcn\u0259n Z\u0259ng\u0259zur \u0259razisi il\u0259 Gorus &#8212; Xank\u0259ndi yolunda h\u0259r\u0259k\u0259t zaman\u0131 b\u00f6y\u00fck avtomobil q\u0259zas\u0131 ba\u015f vermi\u015fdir. Bel\u0259 ki, &#171;BMV&#187;-markal\u0131 ma\u015f\u0131n il\u0259 qar\u015f\u0131dan g\u0259l\u0259n &#171;Mersedes-500&#187; markal\u0131<\/p>\n","protected":false},"author":2,"featured_media":0,"comment_status":"closed","ping_status":"closed","sticky":false,"template":"","format":"standard","meta":{"footnotes":""},"categories":[4],"tags":[],"class_list":["post-61687","post","type-post","status-publish","format-standard","hentry","category-qarabag"],"aioseo_notices":[],"_links":{"self":[{"href":"https:\/\/fedai.az\/index.php?rest_route=\/wp\/v2\/posts\/61687","targetHints":{"allow":["GET"]}}],"collection":[{"href":"https:\/\/fedai.az\/index.php?rest_route=\/wp\/v2\/posts"}],"about":[{"href":"https:\/\/fedai.az\/index.php?rest_route=\/wp\/v2\/types\/post"}],"author":[{"embeddable":true,"href":"https:\/\/fedai.az\/index.php?rest_route=\/wp\/v2\/users\/2"}],"replies":[{"embeddable":true,"href":"https:\/\/fedai.az\/index.php?rest_route=%2Fwp%2Fv2%2Fcomments&post=61687"}],"version-history":[{"count":1,"href":"https:\/\/fedai.az\/index.php?rest_route=\/wp\/v2\/posts\/61687\/revisions"}],"predecessor-version":[{"id":61689,"href":"https:\/\/fedai.az\/index.php?rest_route=\/wp\/v2\/posts\/61687\/revisions\/61689"}],"wp:attachment":[{"href":"https:\/\/fedai.az\/index.php?rest_route=%2Fwp%2Fv2%2Fmedia&parent=61687"}],"wp:term":[{"taxonomy":"category","embeddable":true,"href":"https:\/\/fedai.az\/index.php?rest_route=%2Fwp%2Fv2%2Fcategories&post=61687"},{"taxonomy":"post_tag","embeddable":true,"href":"https:\/\/fedai.az\/index.php?rest_route=%2Fwp%2Fv2%2Ftags&post=61687"}],"curies":[{"name":"wp","href":"https:\/\/api.w.org\/{rel}","templated":true}]}}