{"id":61716,"date":"2022-02-08T00:36:29","date_gmt":"2022-02-07T20:36:29","guid":{"rendered":"https:\/\/fedai.az\/?p=61716"},"modified":"2022-02-08T00:36:32","modified_gmt":"2022-02-07T20:36:32","slug":"soysuz-quldurlarin-qanun-layih%c9%99si-6-aya-xocali-v%c9%99-susanin-k%c9%99ndl%c9%99rind%c9%99","status":"publish","type":"post","link":"https:\/\/fedai.az\/?p=61716","title":{"rendered":"Soysuz quldurlar\u0131n \u201cqanun layih\u0259si\u201d: \u201c6 aya Xocal\u0131 v\u0259 \u015eu\u015fan\u0131n k\u0259ndl\u0259rind\u0259\u2026\u201d"},"content":{"rendered":"\n<p><strong>Qaraba\u011fdak\u0131 qondarma rejimin fevral\u0131n 20-d\u0259 q\u0259bul ed\u0259c\u0259yi \u201cqanun layih\u0259si\u201d siyasi z\u0259mind\u0259 \u00e7ox b\u00f6y\u00fck t\u0259pki il\u0259 qar\u015f\u0131lan\u0131b. Bel\u0259 ki, \u201cArstax\u201d \u201cparlament\u201dinin q\u0259bul ed\u0259c\u0259yi \u201cqanun layih\u0259si\u201dn\u0259 Az\u0259rbaycan\u0131n i\u015f\u011faldan azad etdiyi \u0259razil\u0259rl\u0259 \u2013 ke\u00e7mi\u015f \u201cDQMV\u201dy\u0259 daxil olan \u015eu\u015fa, Hadrut v\u0259 dig\u0259rl\u0259ri \u2013 yana\u015f\u0131 m\u00fcharib\u0259d\u0259n \u0259vv\u0259l iddia etdikl\u0259ri \u201c\u015eaumyan (Goranboy rayonunun c\u0259nubu) v\u0259 Geta\u015fen (ke\u00e7mi\u015f Xanlar v\u0259 Zod q\u0259s\u0259b\u0259si)\u201d d\u0259 daxil edil\u0259c\u0259k.<\/strong><\/p>\n\n\n\n<p>Xat\u0131rladaq ki, separat\u00e7\u0131-terror\u00e7u rejimin \u201cXarici \u0130\u015fl\u0259r naziri\u201d David Babayan \u00f6t\u0259n h\u0259ft\u0259 bildirib ki, onlar \u201cm\u00fcharib\u0259y\u0259 q\u0259d\u0259r n\u0259zar\u0259t etdikl\u0259ri \u0259razil\u0259ri, \u00fcst\u0259lik \u015eaumyan v\u0259 Geta\u015feni\u201d m\u0259lum \u201cqanuna\u201d daxil etm\u0259yi planla\u015fd\u0131r\u0131rlar. B\u0259s bu \u201cqanun layih\u0259si\u201d n\u0259dir? \u0130\u015f\u011faldan azad edil\u0259n \u0259razil\u0259ri \u201cyenid\u0259n qaytaraca\u011f\u0131q\u201d x\u00fclyas\u0131 il\u0259 geri ist\u0259y\u0259n qondarma rejim bununla n\u0259yi iddia edir?<\/p>\n\n\n\n<p><a href=\"http:\/\/kaim.az\/\">\u00a0<\/a>Yenisabah.az-a dan\u0131\u015fan \u201cAtlas Ara\u015fd\u0131rmalar M\u0259rk\u0259zi\u201dnin s\u0259dri, siyasi \u015f\u0259rh\u00e7i Elxan \u015eahino\u011flu m\u0259s\u0259l\u0259y\u0259 bel\u0259 yana\u015f\u0131b:<\/p>\n\n\n\n<p>\u201cOnlar \u00f6z \u201cm\u00f6vcudluqlar\u0131n\u0131\u201d s\u00fcbut etm\u0259y\u0259 \u00e7al\u0131\u015f\u0131rlar ki, guya h\u0259l\u0259 varlar, t\u0259slim olmay\u0131blar v\u0259 f\u0259aliyy\u0259tl\u0259rin\u0259 davam edirl\u0259r. Amma m\u00fcmk\u00fcn deyil, \u00e7\u00fcnki Az\u0259rbaycan h\u0259d\u0259fl\u0259rinin 80%-n\u0259 \u00e7at\u0131b, \u0259razil\u0259rin b\u00f6y\u00fck hiss\u0259sini azad etmi\u015fik. Lakin h\u0259l\u0259 d\u0259 i\u015f\u011fal alt\u0131nda olan \u0259razil\u0259rimiz var v\u0259 ona g\u00f6r\u0259 onlar qudurublar. Biz o \u0259razil\u0259ri d\u0259 azad etm\u0259liyik.Rusiyal\u0131 h\u0259rb\u00e7il\u0259r var dey\u0259 \u00f6zl\u0259rini \u201cq\u0259hr\u0259man\u201d kimi hiss edirl\u0259r v\u0259 d\u00fc\u015f\u00fcn\u00fcrl\u0259r ki, onlar t\u0259hl\u00fck\u0259sizlikd\u0259dirl\u0259r. Amma anlamal\u0131d\u0131rlar ki, uzaqba\u015f\u0131 4 il t\u0259hl\u00fck\u0259siz ya\u015faya bil\u0259rl\u0259r. 10 noyabr b\u0259yanat\u0131na g\u00f6r\u0259, rusiyal\u0131 s\u00fclhm\u0259raml\u0131lar 5 il b\u00f6lg\u0259d\u0259 olacaq v\u0259 t\u0259r\u0259fl\u0259rd\u0259n biri 6 ay qalm\u0131\u015f des\u0259 ki, art\u0131q rusiyal\u0131 h\u0259rb\u00e7il\u0259r\u0259 ehtiyac yoxdur, bu zaman rusiyal\u0131 h\u0259rb\u00e7il\u0259r b\u00f6lg\u0259ni t\u0259rk ed\u0259c\u0259k.Bizim, indid\u0259n mesajlar\u0131m\u0131z bu olmal\u0131d\u0131r ki, 4 ilin sonunda rusiyal\u0131 h\u0259rb\u00e7il\u0259r\u0259 ehtiyac\u0131m\u0131z olmayacaq. Onda n\u0259 ed\u0259c\u0259kl\u0259r separat\u00e7\u0131lar? Bel\u0259 olan zaman biz b\u00fct\u00fcn hallarda \u0259limizd\u0259 olan resurslardan istifad\u0259 ed\u0259r\u0259k h\u0259m separat\u00e7\u0131lar\u0131 t\u0259rksilah ed\u0259c\u0259yik, h\u0259m d\u0259 el\u0259 ed\u0259c\u0259yik ki, oradak\u0131 erm\u0259nil\u0259r Az\u0259rbaycan qanunlar\u0131 il\u0259 ya\u015fas\u0131nlar, pasportlar\u0131m\u0131z\u0131 q\u0259bul etsinl\u0259r.<\/p>\n\n\n\n<p>Bunu anlamaq \u0259v\u0259zin\u0259 g\u00f6r\u00fcr\u00fck ki, yen\u0259 d\u0259 separat\u00e7\u0131 \u0259m\u0259ll\u0259rind\u0259n \u0259l \u00e7\u0259kmirl\u0259r v\u0259 bu g\u00fcnl\u0259rd\u0259, h\u0259tta ara-s\u0131ra at\u0259\u015fk\u0259si pozurlar, bizim m\u0259nt\u0259q\u0259l\u0259r\u0259 at\u0259\u015f a\u00e7\u0131rlar. Dem\u0259k ki, anlamay\u0131blar v\u0259 dem\u0259k ki, anti-terror \u0259m\u0259liyyat\u0131na ehtiyac var\u201d.<\/p>\n\n\n\n<p>\u201cO ki qald\u0131 qondarma rejim \u201cparlament\u201dinin bu m\u0259nas\u0131z qanun layih\u0259l\u0259rin\u0259, dey\u0259 bil\u0259rik ki, onlar bir az Erm\u0259nistandan f\u0259rqi d\u0259 ortaya qoyurlar. \u00c7\u00fcnki Erm\u0259nistan\u0131n ba\u015f\u0131 indi \u00f6z\u00fcn\u0259 qar\u0131\u015f\u0131b, prezident se\u00e7kil\u0259ri ke\u00e7iril\u0259c\u0259k, el\u0259c\u0259 d\u0259, Pa\u015finyan\u0131n \u00f6z\u00fc d\u0259 art\u0131q Qaraba\u011f y\u00fck\u00fcnd\u0259n qurtulmaq ist\u0259yir. Ona g\u00f6r\u0259 d\u0259, biz indi d\u00fc\u015f\u00fcnm\u0259liyik ki, bu separat\u00e7\u0131larla n\u0259 ed\u0259c\u0259yik? 4 ili g\u00f6zl\u0259yib ondan sonram\u0131 onlar\u0131 t\u0259mizl\u0259m\u0259liyik, yoxsa 4 ili g\u00f6zl\u0259m\u0259d\u0259n indid\u0259n biz \u00f6z s\u00f6z\u00fcm\u00fcz\u00fc dem\u0259liyik?<\/p>\n\n\n\n<p>Diplomatik v\u0259 h\u0259rbi sah\u0259d\u0259 f\u0259aliyy\u0259timizi geni\u015fl\u0259ndirm\u0259li v\u0259 separat\u00e7\u0131lara anlatmal\u0131y\u0131q ki, onlar bizim qanunla ya\u015famaq ist\u0259m\u0259s\u0259l\u0259r, Az\u0259rbaycanda m\u00f6vcudluqlar\u0131 m\u00fcmk\u00fcn olmayacaq. Bu bax\u0131mdan \u0259sas h\u0259d\u0259fi biz g\u00f6st\u0259rm\u0259liyik. Yoxsa onlar, \u0259lb\u0259tt\u0259 ki, ist\u0259dikl\u0259ri \u201cqanun\u201dlar\u0131n\u0131 da q\u0259bul ed\u0259 bil\u0259rl\u0259r.Bu h\u0259qiq\u0259t\u0259n g\u00fclm\u0259lidir, \u00e7\u00fcnki beyn\u0259lxalq al\u0259md\u0259 onlar\u0131 sayan yoxdur. D\u00fczd\u00fcr, bir ne\u00e7\u0259 deputatlar g\u0259lib-gedir, onlarla g\u00f6r\u00fc\u015f\u00fcr, amma b\u00f6y\u00fck anlamda n\u0259 beyn\u0259lxalq t\u0259\u015fkilatlar, n\u0259 d\u0259 b\u00f6y\u00fck d\u00f6vl\u0259tl\u0259r separat\u00e7\u0131lar\u0131n bu c\u00fcr \u0259m\u0259ll\u0259rin\u0259 m\u00fcsb\u0259t yana\u015fmazlar. \u018fsas t\u0259r\u0259fda\u015f kimi Az\u0259rbaycan\u0131 se\u00e7irl\u0259r. Amma bizim parlament d\u0259 bu istiqam\u0259td\u0259 d\u00fc\u015f\u00fcnm\u0259lidir v\u0259 separat\u00e7\u0131larla ba\u011fl\u0131 m\u00fczakir\u0259l\u0259ri geni\u015fl\u0259ndirm\u0259liyik.\u0130ndi onlar rusiyal\u0131 h\u0259rb\u00e7il\u0259rin arxas\u0131nda gizl\u0259nm\u0259y\u0259 \u00e7al\u0131\u015f\u0131rlar. Rusiya il\u0259 d\u0259 f\u0259al t\u0259masda olmal\u0131y\u0131q. \u00c7\u00fcnki fikir verin, h\u0259m at\u0259\u015fk\u0259s pozulur, h\u0259m d\u0259 internetd\u0259 g\u00f6r\u00fcnt\u00fcl\u0259r yay\u0131l\u0131r ki, bizim h\u0259rb\u00e7il\u0259ri rusiyal\u0131 h\u0259rb\u00e7il\u0259rl\u0259 yana\u015f\u0131 erm\u0259ni separat\u00e7\u0131lar da yoxlay\u0131r. D\u00fczd\u00fcr, dedil\u0259r ki, daha t\u0259krarlanmayacaq, amma ilyar\u0131md\u0131r biz bu c\u00fcr v\u0259dl\u0259ri e\u015fidirik\u201d.<\/p>\n\n\n\n<p>\u201c\u018fsas i\u015f bizd\u0259n as\u0131l\u0131d\u0131r. Erm\u0259nil\u0259r n\u0259 edir, o, \u00f6zl\u0259rin\u0259 ba\u011fl\u0131d\u0131r. T\u0259xribatd\u0131r, ba\u015fa d\u00fc\u015f\u00fcr\u00fck, lakin biz bu t\u0259xribatlar\u0131n qar\u015f\u0131s\u0131n\u0131 nec\u0259 alaca\u011f\u0131q, bu haqda ciddi d\u00fc\u015f\u00fcnm\u0259liyik.Bizim M\u00fcdafi\u0259 Nazirliyi il\u0259 yana\u015f\u0131, Xarici \u0130\u015fl\u0259r Nazirliyinin d\u0259 \u00e7ox k\u0259skin b\u0259yanatlar\u0131 olmal\u0131d\u0131r. M\u0259nim \u015f\u0259xsi fikrim budur ki, biz, \u00fcmumiyy\u0259tl\u0259, Rusiyaya da dem\u0259liyik ki, siz\u0259 3 v\u0259 ya 6 aya yax\u0131n vaxt veririk. Bu vaxt \u0259rzind\u0259 oradak\u0131 separat\u00e7\u0131lar t\u0259rksilah olunmal\u0131, ke\u00e7mi\u015fd\u0259 az\u0259rbaycanl\u0131lar\u0131n ya\u015fad\u0131\u011f\u0131 m\u0259nt\u0259q\u0259l\u0259r, \u015eu\u015fan\u0131n k\u0259ndl\u0259ri, el\u0259c\u0259 d\u0259 Xocal\u0131 q\u0259s\u0259b\u0259si bo\u015fald\u0131lmal\u0131d\u0131r. \u00c7\u00fcnki oralarda he\u00e7 zaman erm\u0259nil\u0259r ya\u015famay\u0131b. \u018fg\u0259r bu ba\u015f verm\u0259zs\u0259, erm\u0259ni t\u0259r\u0259fi bunun n\u0259tic\u0259si il\u0259 \u00fczl\u0259\u015fm\u0259li olacaq. Y\u0259ni bir az s\u0259rtliyimizi art\u0131rmal\u0131y\u0131q, \u00e7\u00fcnki yum\u015faq a\u00e7\u0131qlamalarla biz \u00e7ox uza\u011fa ged\u0259 bilm\u0259y\u0259c\u0259yik\u201d.<\/p>\n","protected":false},"excerpt":{"rendered":"<p>Qaraba\u011fdak\u0131 qondarma rejimin fevral\u0131n 20-d\u0259 q\u0259bul ed\u0259c\u0259yi \u201cqanun layih\u0259si\u201d siyasi z\u0259mind\u0259 \u00e7ox b\u00f6y\u00fck t\u0259pki il\u0259 qar\u015f\u0131lan\u0131b. Bel\u0259 ki, \u201cArstax\u201d \u201cparlament\u201dinin q\u0259bul ed\u0259c\u0259yi \u201cqanun layih\u0259si\u201dn\u0259<\/p>\n","protected":false},"author":2,"featured_media":0,"comment_status":"closed","ping_status":"closed","sticky":false,"template":"","format":"standard","meta":{"footnotes":""},"categories":[4],"tags":[],"class_list":["post-61716","post","type-post","status-publish","format-standard","hentry","category-qarabag"],"aioseo_notices":[],"_links":{"self":[{"href":"https:\/\/fedai.az\/index.php?rest_route=\/wp\/v2\/posts\/61716","targetHints":{"allow":["GET"]}}],"collection":[{"href":"https:\/\/fedai.az\/index.php?rest_route=\/wp\/v2\/posts"}],"about":[{"href":"https:\/\/fedai.az\/index.php?rest_route=\/wp\/v2\/types\/post"}],"author":[{"embeddable":true,"href":"https:\/\/fedai.az\/index.php?rest_route=\/wp\/v2\/users\/2"}],"replies":[{"embeddable":true,"href":"https:\/\/fedai.az\/index.php?rest_route=%2Fwp%2Fv2%2Fcomments&post=61716"}],"version-history":[{"count":1,"href":"https:\/\/fedai.az\/index.php?rest_route=\/wp\/v2\/posts\/61716\/revisions"}],"predecessor-version":[{"id":61718,"href":"https:\/\/fedai.az\/index.php?rest_route=\/wp\/v2\/posts\/61716\/revisions\/61718"}],"wp:attachment":[{"href":"https:\/\/fedai.az\/index.php?rest_route=%2Fwp%2Fv2%2Fmedia&parent=61716"}],"wp:term":[{"taxonomy":"category","embeddable":true,"href":"https:\/\/fedai.az\/index.php?rest_route=%2Fwp%2Fv2%2Fcategories&post=61716"},{"taxonomy":"post_tag","embeddable":true,"href":"https:\/\/fedai.az\/index.php?rest_route=%2Fwp%2Fv2%2Ftags&post=61716"}],"curies":[{"name":"wp","href":"https:\/\/api.w.org\/{rel}","templated":true}]}}