{"id":61719,"date":"2022-02-08T00:40:00","date_gmt":"2022-02-07T20:40:00","guid":{"rendered":"https:\/\/fedai.az\/?p=61719"},"modified":"2022-02-08T00:40:03","modified_gmt":"2022-02-07T20:40:03","slug":"q%c9%99dim-alban-irsind%c9%99-saxtakarliq-askarlanarsa-h%c9%99min-pozuntular-s%c9%99n%c9%99dl%c9%99sdiril%c9%99c%c9%99k","status":"publish","type":"post","link":"https:\/\/fedai.az\/?p=61719","title":{"rendered":"\u201cQ\u0259dim Alban irsind\u0259 saxtakarl\u0131q a\u015fkarlanarsa, h\u0259min pozuntular s\u0259n\u0259dl\u0259\u015fdiril\u0259c\u0259k\u201d"},"content":{"rendered":"\n<p><strong>\u201cSon bir ne\u00e7\u0259 g\u00fcn \u0259rzind\u0259 b\u0259zi q\u0259r\u0259zli xarici k\u00fctl\u0259vi informasiya vasit\u0259l\u0259ri t\u0259r\u0259find\u0259n yay\u0131lm\u0131\u015f m\u0259lumatlarla ba\u011fl\u0131 qeyd etm\u0259k ist\u0259rdik ki, Az\u0259rbaycan tarixi-m\u0259d\u0259ni irsin\u0259 onun dini-etnik m\u0259n\u015f\u0259yind\u0259n as\u0131l\u0131 olmayaraq h\u0259r zaman h\u00f6rm\u0259tl\u0259 yana\u015f\u0131b\u201d.<\/strong><\/p>\n\n\n\n<p>Bu bar\u0259d\u0259 M\u0259d\u0259niyy\u0259t Nazirliyinin yayd\u0131\u011f\u0131 m\u0259lumatda qeyd edilib.<\/p>\n\n\n\n<p>Bildirilib ki, bu yana\u015fma, eyni zamanda, i\u015f\u011faldan azad edilmi\u015f \u0259razil\u0259rimizd\u0259 yerl\u0259\u015f\u0259n tarixi-m\u0259d\u0259ni irs\u0259 m\u00fcnasib\u0259td\u0259 d\u0259 s\u0259rgil\u0259nir:<\/p>\n\n\n\n<p>\u201cAz\u0259rbaycan r\u0259smil\u0259ri t\u0259r\u0259find\u0259n d\u0259f\u0259l\u0259rl\u0259 b\u0259yan edilib ki, i\u015f\u011faldan azad edilmi\u015f \u0259razil\u0259rimizd\u0259ki tarixi-dini abid\u0259l\u0259r Az\u0259rbaycan irsin\u0259 aiddir v\u0259 onlar\u0131n qorunmas\u0131 Az\u0259rbaycan d\u00f6vl\u0259tinin \u00f6hd\u0259liyidir.<\/p>\n\n\n\n<p>Buna \u0259yani s\u00fcbut olaraq, \u015eu\u015fada ba\u015flam\u0131\u015f geni\u015fmiqyasl\u0131 b\u0259rpa-quruculuq prosesind\u0259 m\u0259scidl\u0259rl\u0259 yana\u015f\u0131, 2 xristian kils\u0259sini d\u0259 g\u00f6st\u0259rm\u0259k olar. Az\u0259rbaycan Erm\u0259nistandan f\u0259rqli olaraq, tarixi-m\u0259d\u0259ni irsin\u0259 dini v\u0259 etnik z\u0259mind\u0259 ayr\u0131-se\u00e7kilik etmir v\u0259 silahl\u0131 m\u00fcnaqi\u015f\u0259 zaman\u0131 m\u0259d\u0259ni s\u0259rv\u0259tl\u0259rin qorunmas\u0131 haqq\u0131nda 1954-c\u00fc il Haaqa Konvensiyas\u0131 da daxil olmaqla, beyn\u0259lxalq konvensiyalar \u00fczr\u0259 \u00f6hd\u0259likl\u0259rin\u0259 sadiqdir.<\/p>\n\n\n\n<p>Onu da \u0259lav\u0259 etm\u0259k laz\u0131md\u0131r ki, M\u0259d\u0259niyy\u0259t Nazirliyi t\u0259r\u0259find\u0259n haz\u0131rda i\u015f\u011faldan azad edilmi\u015f \u0259razil\u0259rd\u0259 m\u00fcvafiq monitorinq apar\u0131l\u0131r.<\/p>\n\n\n\n<p>\u0130\u015f\u011faldan azad edilmi\u015f \u0259razil\u0259rimizd\u0259 q\u0259dim Alban irsin\u0259 g\u0259ldikd\u0259, qeyd etm\u0259k laz\u0131md\u0131r ki, bu irsin t\u0259dqiqi il\u0259 ba\u011fl\u0131 i\u015f\u00e7i qrup t\u0259sis edilib. \u0130\u015f\u00e7i qrupa h\u0259m yerli, h\u0259m d\u0259 xarici ekspertl\u0259r c\u0259lb olunub v\u0259 yerind\u0259 t\u0259hl\u00fck\u0259sizlik v\u0259ziyy\u0259ti imkan ver\u0259c\u0259yi t\u0259qdird\u0259, i\u015f\u00e7i qrupun \u00fczvl\u0259ri bu xristian irsinin monitorinqini h\u0259yata ke\u00e7irib onu t\u0259dqiq ed\u0259c\u0259kl\u0259r.<\/p>\n\n\n\n<p>Saxtakarl\u0131q a\u015fkar edil\u0259c\u0259yi t\u0259qdird\u0259, beyn\u0259lxalq ekspertl\u0259rin i\u015ftirak\u0131 il\u0259 bu pozuntular s\u0259n\u0259dl\u0259\u015fdiril\u0259r\u0259k beyn\u0259lxalq ictimaiyy\u0259t\u0259 t\u0259qdim edil\u0259c\u0259k. Xat\u0131rlatmaq ist\u0259rdik ki, tarixi-m\u0259d\u0259ni irs \u00fcz\u0259rind\u0259 d\u0259yi\u015fiklikl\u0259r edilm\u0259si v\u0259 onun m\u0259n\u015f\u0259yinin d\u0259yi\u015fdirilm\u0259si 1954-c\u00fc il Haaqa Konvensiyas\u0131n\u0131n m\u00fcdd\u0259alar\u0131na ziddir\u201d.<\/p>\n\n\n\n<p>M\u0259nb\u0259: Qafqazinfo<\/p>\n","protected":false},"excerpt":{"rendered":"<p>\u201cSon bir ne\u00e7\u0259 g\u00fcn \u0259rzind\u0259 b\u0259zi q\u0259r\u0259zli xarici k\u00fctl\u0259vi informasiya vasit\u0259l\u0259ri t\u0259r\u0259find\u0259n yay\u0131lm\u0131\u015f m\u0259lumatlarla ba\u011fl\u0131 qeyd etm\u0259k ist\u0259rdik ki, Az\u0259rbaycan tarixi-m\u0259d\u0259ni irsin\u0259 onun dini-etnik<\/p>\n","protected":false},"author":2,"featured_media":0,"comment_status":"closed","ping_status":"closed","sticky":false,"template":"","format":"standard","meta":{"footnotes":""},"categories":[4],"tags":[],"class_list":["post-61719","post","type-post","status-publish","format-standard","hentry","category-qarabag"],"aioseo_notices":[],"_links":{"self":[{"href":"https:\/\/fedai.az\/index.php?rest_route=\/wp\/v2\/posts\/61719","targetHints":{"allow":["GET"]}}],"collection":[{"href":"https:\/\/fedai.az\/index.php?rest_route=\/wp\/v2\/posts"}],"about":[{"href":"https:\/\/fedai.az\/index.php?rest_route=\/wp\/v2\/types\/post"}],"author":[{"embeddable":true,"href":"https:\/\/fedai.az\/index.php?rest_route=\/wp\/v2\/users\/2"}],"replies":[{"embeddable":true,"href":"https:\/\/fedai.az\/index.php?rest_route=%2Fwp%2Fv2%2Fcomments&post=61719"}],"version-history":[{"count":1,"href":"https:\/\/fedai.az\/index.php?rest_route=\/wp\/v2\/posts\/61719\/revisions"}],"predecessor-version":[{"id":61721,"href":"https:\/\/fedai.az\/index.php?rest_route=\/wp\/v2\/posts\/61719\/revisions\/61721"}],"wp:attachment":[{"href":"https:\/\/fedai.az\/index.php?rest_route=%2Fwp%2Fv2%2Fmedia&parent=61719"}],"wp:term":[{"taxonomy":"category","embeddable":true,"href":"https:\/\/fedai.az\/index.php?rest_route=%2Fwp%2Fv2%2Fcategories&post=61719"},{"taxonomy":"post_tag","embeddable":true,"href":"https:\/\/fedai.az\/index.php?rest_route=%2Fwp%2Fv2%2Ftags&post=61719"}],"curies":[{"name":"wp","href":"https:\/\/api.w.org\/{rel}","templated":true}]}}